{"id":987,"date":"2021-07-15T09:02:40","date_gmt":"2021-07-15T07:02:40","guid":{"rendered":"https:\/\/www.fundaciontriangle.org\/blog\/?p=987"},"modified":"2021-07-15T09:12:25","modified_gmt":"2021-07-15T07:12:25","slug":"fundacion-habitat3","status":"publish","type":"post","link":"https:\/\/www.fundaciontriangle.org\/blog\/fundacion-habitat3\/","title":{"rendered":"FUNDACI\u00d3N H\u00c0BITAT3"},"content":{"rendered":"<p>La Fundaci\u00f3n H\u00e0bitat3 es una <strong>gestora de vivienda social<\/strong> impulsada desde el tercer sector que trabaja con las Entidades Sociales y las Administraciones p\u00fablicas para garantizar el derecho a una vivienda digna a las personas en situaci\u00f3n de vulnerabilidad.<\/p>\n<p>Tienen como objetivo fundamental, seg\u00fan sus Estatutos, buscar y obtener viviendas de alquiler a precios por debajo de precio de mercado.<\/p>\n<p>Desde la Fundaci\u00f3n:<\/p>\n<ul>\n<li><strong>Hacen posible el derecho a la vivienda<\/strong> de personas en situaci\u00f3n de vulnerabilidad.<\/li>\n<li>Ponen en primer lugar el <strong>bienestar de las personas<\/strong> que viven en las viviendas que gestionan.<\/li>\n<li><strong>Rehabilitan viviendas<\/strong> porque creen que una vivienda digna es el primer paso para la plena inclusi\u00f3n.<\/li>\n<li><strong>Son una garant\u00eda total para los propietarios<\/strong> que les ceden viviendas (cobro de alquiler, mantenimiento y buen uso de las viviendas).<\/li>\n<li><strong>Son una garant\u00eda de buena gesti\u00f3n inmobiliari<\/strong>a y social para las entidades sociales y las administraciones p\u00fablicas.<\/li>\n<li>Contribuyen al <strong>crecimiento del parque de viviendas<\/strong> <strong>sociales<\/strong> de Catalu\u00f1a.<\/li>\n<\/ul>\n<p>Los valores en los que basan su actuaci\u00f3n son:<br \/>\n&#8211; <strong>Empoderamiento<\/strong> de las personas para facilitar su proceso de autonom\u00eda.<br \/>\n&#8211;<strong> Respeto<\/strong> a su dignidad y a su derecho a ser tratadas de forma justa.<br \/>\n&#8211; <strong>Voluntad transformadora<\/strong> para desarrollar nuevos modelos desde el esp\u00edritu cr\u00edtico y la mejora.<br \/>\n&#8211; <strong>Transparencia<\/strong> en sus actividades.<br \/>\n&#8211; <strong>Fomento de la participaci\u00f3n y la responsabilidad.<\/strong><\/p>\n<p><img loading=\"lazy\" decoding=\"async\" class=\"wp-image-989 aligncenter\" src=\"https:\/\/www.fundaciontriangle.org\/blog\/wp-content\/uploads\/sites\/2\/2021\/07\/j-P9u0Y3.jpeg\" alt=\"FUNDACI\u00d3N H\u00c0BITAT3\" width=\"421\" height=\"421\" \/><\/p>\n<h2>\u00bfQui\u00e9n vive en las viviendas que gestionan?<\/h2>\n<p>Las personas que viven en las viviendas que gestionan se encuentran en una situaci\u00f3n especialmente vulnerable. Provienen de servicios de emergencia o de servicios sociales municipales, fundamentalmente porque han perdido sus viviendas en procesos de desahucio por ejecuci\u00f3n hipotecaria o por impago del alquiler. Tambi\u00e9n pueden ser personas atendidas por servicios sociales por su especial situaci\u00f3n de fragilidad que requieren de una vivienda para asegurar su autonom\u00eda.<\/p>\n<p>Algunas de las principales<strong> actividades<\/strong> que lideran desde la Fundaci\u00f3n son:<\/p>\n<ul>\n<li><strong>Captaci\u00f3n viviendas<\/strong>: Sobre todo de Barcelona y cercan\u00edas. Del a\u00f1o 2015 al 2020 se compraron 113 viviendas, incrementando as\u00ed un 105% el n\u00famero de viviendas, entre el 2019 y el 2020.<\/li>\n<li><strong>Rehabilitaci\u00f3n viviendas<\/strong>: Para la realizaci\u00f3n de obras de rehabilitaci\u00f3n y de mantenimiento de las viviendas, trabajan con empresas de inserci\u00f3n que tienen como finalidad primordial la integraci\u00f3n sociolaboral de personas en situaci\u00f3n o riesgo grave de exclusi\u00f3n social. Con la rehabilitaci\u00f3n y mantenimiento de viviendas por parte de empresas de inserci\u00f3n reafirman su compromiso en la vivienda digna como primer paso para la salida de las situaciones de exclusi\u00f3n social y promover la contrataci\u00f3n de personas en riesgo de exclusi\u00f3n social para que regresen al mercado laboral ordinario. Del 2015 al 2020 se realizaron 323 obras de rehabilitaci\u00f3n, y en el 2020, 897 actuaciones de obras y mantenimientos. Con ello se consigui\u00f3 insertar laboralmente a 50-60 personas trabajadoras, en colaboraci\u00f3n con las empresas de inserci\u00f3n sociolaboral.<\/li>\n<li>\u00a0<strong>Gesti\u00f3n inmobiliaria<\/strong>: Se gestionan todas las acciones necesarias para el buen funcionamiento de las viviendas y poder garantizar totalmente a sus propietarios. Actualmente gestionan 138 viviendas en colaboraci\u00f3n de otras entidades sociales.<\/li>\n<li>\u00a0<strong>Acompa\u00f1amiento social<\/strong>: Se realiza un acompa\u00f1amiento social de las personas y familias en uso de las viviendas, en la convivencia con la comunidad y, si hiciera falta, acciones dedicadas a facilitar su inserci\u00f3n laboral. En el 2020 han sido atendidas 464 unidades de convivencia, 1.590 personas residen en las viviendas, de los cu\u00e1les 752 son menores de edad.<\/li>\n<\/ul>\n<p><img loading=\"lazy\" decoding=\"async\" class=\"size-full wp-image-995 aligncenter\" src=\"http:\/\/www.fundaciontriangle.org\/blog\/wp-content\/uploads\/sites\/2\/2021\/07\/dfas.jpg\" alt=\"FUNDACI\u00d3N H\u00c0BITAT3\" width=\"500\" height=\"230\" \/><\/p>\n","protected":false},"excerpt":{"rendered":"<p>La Fundaci\u00f3n H\u00e0bitat3 es una gestora de vivienda social impulsada desde el tercer sector que trabaja con las Entidades&hellip;<\/p>\n","protected":false},"author":2,"featured_media":992,"comment_status":"open","ping_status":"open","sticky":false,"template":"","format":"standard","meta":{"_monsterinsights_skip_tracking":false,"_monsterinsights_sitenote_active":false,"_monsterinsights_sitenote_note":"","_monsterinsights_sitenote_category":0,"footnotes":""},"categories":[4],"tags":[],"class_list":["post-987","post","type-post","status-publish","format-standard","has-post-thumbnail","hentry","category-diversidad-generacional"],"yoast_head":"<!-- This site is optimized with the Yoast SEO plugin v27.0 - https:\/\/yoast.com\/product\/yoast-seo-wordpress\/ -->\n<title>FUNDACI\u00d3N H\u00c0BITAT3 - Blog de Fundaci\u00f3n Triangle<\/title>\n<meta name=\"description\" content=\"La Fundaci\u00f3n H\u00e0bitat3 es una gestora de vivienda social impulsada para garantizar el derecho a una vivienda digna.\" \/>\n<meta name=\"robots\" content=\"index, follow, max-snippet:-1, max-image-preview:large, max-video-preview:-1\" \/>\n<link rel=\"canonical\" href=\"https:\/\/www.fundaciontriangle.org\/blog\/fundacion-habitat3\/\" \/>\n<meta property=\"og:locale\" content=\"es_ES\" \/>\n<meta property=\"og:type\" content=\"article\" \/>\n<meta property=\"og:title\" content=\"FUNDACI\u00d3N H\u00c0BITAT3\" \/>\n<meta property=\"og:description\" content=\"La Fundaci\u00f3n H\u00e0bitat3 es una gestora de vivienda social impulsada para garantizar el derecho a una vivienda digna a las personas en situaci\u00f3n de vulnerabilidad.\" \/>\n<meta property=\"og:url\" content=\"https:\/\/www.fundaciontriangle.org\/blog\/fundacion-habitat3\/\" \/>\n<meta property=\"og:site_name\" content=\"Blog de Fundaci\u00f3n Triangle\" \/>\n<meta property=\"article:published_time\" content=\"2021-07-15T07:02:40+00:00\" \/>\n<meta property=\"article:modified_time\" content=\"2021-07-15T07:12:25+00:00\" \/>\n<meta property=\"og:image\" content=\"https:\/\/www.fundaciontriangle.org\/blog\/wp-content\/uploads\/sites\/2\/2021\/07\/j-P9u0Y3.jpeg\" \/>\n\t<meta property=\"og:image:width\" content=\"1024\" \/>\n\t<meta property=\"og:image:height\" content=\"1024\" \/>\n\t<meta property=\"og:image:type\" content=\"image\/jpeg\" \/>\n<meta name=\"author\" content=\"Admin\" \/>\n<meta name=\"twitter:card\" content=\"summary_large_image\" \/>\n<meta name=\"twitter:title\" content=\"FUNDACI\u00d3N H\u00c0BITAT3\" \/>\n<meta name=\"twitter:description\" content=\"La Fundaci\u00f3n H\u00e0bitat3 es una gestora de vivienda social impulsada para garantizar el derecho a una vivienda digna a las personas en situaci\u00f3n de vulnerabilidad.\" \/>\n<meta name=\"twitter:image\" content=\"https:\/\/www.fundaciontriangle.org\/blog\/wp-content\/uploads\/sites\/2\/2021\/07\/j-P9u0Y3.jpeg\" \/>\n<meta name=\"twitter:label1\" content=\"Escrito por\" \/>\n\t<meta name=\"twitter:data1\" content=\"Admin\" \/>\n\t<meta name=\"twitter:label2\" content=\"Tiempo de lectura\" \/>\n\t<meta name=\"twitter:data2\" content=\"3 minutos\" \/>\n<script type=\"application\/ld+json\" class=\"yoast-schema-graph\">{\"@context\":\"https:\/\/schema.org\",\"@graph\":[{\"@type\":\"Article\",\"@id\":\"https:\/\/www.fundaciontriangle.org\/blog\/fundacion-habitat3\/#article\",\"isPartOf\":{\"@id\":\"https:\/\/www.fundaciontriangle.org\/blog\/fundacion-habitat3\/\"},\"author\":{\"name\":\"Admin\",\"@id\":\"https:\/\/www.fundaciontriangle.org\/blog\/#\/schema\/person\/c4acdb9bfe5998701e5195e93e3bf579\"},\"headline\":\"FUNDACI\u00d3N H\u00c0BITAT3\",\"datePublished\":\"2021-07-15T07:02:40+00:00\",\"dateModified\":\"2021-07-15T07:12:25+00:00\",\"mainEntityOfPage\":{\"@id\":\"https:\/\/www.fundaciontriangle.org\/blog\/fundacion-habitat3\/\"},\"wordCount\":588,\"commentCount\":0,\"image\":{\"@id\":\"https:\/\/www.fundaciontriangle.org\/blog\/fundacion-habitat3\/#primaryimage\"},\"thumbnailUrl\":\"https:\/\/www.fundaciontriangle.org\/blog\/wp-content\/uploads\/sites\/2\/2021\/07\/habitat-3_enfosquit_0_1.png\",\"articleSection\":[\"Fundaci\u00f3n Triangle\"],\"inLanguage\":\"es\",\"potentialAction\":[{\"@type\":\"CommentAction\",\"name\":\"Comment\",\"target\":[\"https:\/\/www.fundaciontriangle.org\/blog\/fundacion-habitat3\/#respond\"]}]},{\"@type\":\"WebPage\",\"@id\":\"https:\/\/www.fundaciontriangle.org\/blog\/fundacion-habitat3\/\",\"url\":\"https:\/\/www.fundaciontriangle.org\/blog\/fundacion-habitat3\/\",\"name\":\"FUNDACI\u00d3N H\u00c0BITAT3 - Blog de Fundaci\u00f3n Triangle\",\"isPartOf\":{\"@id\":\"https:\/\/www.fundaciontriangle.org\/blog\/#website\"},\"primaryImageOfPage\":{\"@id\":\"https:\/\/www.fundaciontriangle.org\/blog\/fundacion-habitat3\/#primaryimage\"},\"image\":{\"@id\":\"https:\/\/www.fundaciontriangle.org\/blog\/fundacion-habitat3\/#primaryimage\"},\"thumbnailUrl\":\"https:\/\/www.fundaciontriangle.org\/blog\/wp-content\/uploads\/sites\/2\/2021\/07\/habitat-3_enfosquit_0_1.png\",\"datePublished\":\"2021-07-15T07:02:40+00:00\",\"dateModified\":\"2021-07-15T07:12:25+00:00\",\"author\":{\"@id\":\"https:\/\/www.fundaciontriangle.org\/blog\/#\/schema\/person\/c4acdb9bfe5998701e5195e93e3bf579\"},\"description\":\"La Fundaci\u00f3n H\u00e0bitat3 es una gestora de vivienda social impulsada para garantizar el derecho a una vivienda digna.\",\"inLanguage\":\"es\",\"potentialAction\":[{\"@type\":\"ReadAction\",\"target\":[\"https:\/\/www.fundaciontriangle.org\/blog\/fundacion-habitat3\/\"]}]},{\"@type\":\"ImageObject\",\"inLanguage\":\"es\",\"@id\":\"https:\/\/www.fundaciontriangle.org\/blog\/fundacion-habitat3\/#primaryimage\",\"url\":\"https:\/\/www.fundaciontriangle.org\/blog\/wp-content\/uploads\/sites\/2\/2021\/07\/habitat-3_enfosquit_0_1.png\",\"contentUrl\":\"https:\/\/www.fundaciontriangle.org\/blog\/wp-content\/uploads\/sites\/2\/2021\/07\/habitat-3_enfosquit_0_1.png\",\"width\":1080,\"height\":668,\"caption\":\"FUNDACI\u00d3N H\u00c0BITAT3\"},{\"@type\":\"WebSite\",\"@id\":\"https:\/\/www.fundaciontriangle.org\/blog\/#website\",\"url\":\"https:\/\/www.fundaciontriangle.org\/blog\/\",\"name\":\"Blog de Fundaci\u00f3n Triangle\",\"description\":\"Hablamos talento s\u00e9nior, diversidad, edadismo, igualdad de oportunidades, trabajo digno, alianzas, entornos de trabajo, recursos humanos. De la gesti\u00f3n de la diversidad, del talento y la experiencia de las personas, de lo que aportan a las empresas.\",\"potentialAction\":[{\"@type\":\"SearchAction\",\"target\":{\"@type\":\"EntryPoint\",\"urlTemplate\":\"https:\/\/www.fundaciontriangle.org\/blog\/?s={search_term_string}\"},\"query-input\":{\"@type\":\"PropertyValueSpecification\",\"valueRequired\":true,\"valueName\":\"search_term_string\"}}],\"inLanguage\":\"es\"},{\"@type\":\"Person\",\"@id\":\"https:\/\/www.fundaciontriangle.org\/blog\/#\/schema\/person\/c4acdb9bfe5998701e5195e93e3bf579\",\"name\":\"Admin\",\"image\":{\"@type\":\"ImageObject\",\"inLanguage\":\"es\",\"@id\":\"https:\/\/www.fundaciontriangle.org\/blog\/#\/schema\/person\/image\/\",\"url\":\"https:\/\/secure.gravatar.com\/avatar\/639dfb27e51a4baf887721ba49ad906aa378fe5130c9cfa9ca94c4bf967b0c66?s=96&d=mm&r=g\",\"contentUrl\":\"https:\/\/secure.gravatar.com\/avatar\/639dfb27e51a4baf887721ba49ad906aa378fe5130c9cfa9ca94c4bf967b0c66?s=96&d=mm&r=g\",\"caption\":\"Admin\"}}]}<\/script>\n<!-- \/ Yoast SEO plugin. -->","yoast_head_json":{"title":"FUNDACI\u00d3N H\u00c0BITAT3 - Blog de Fundaci\u00f3n Triangle","description":"La Fundaci\u00f3n H\u00e0bitat3 es una gestora de vivienda social impulsada para garantizar el derecho a una vivienda digna.","robots":{"index":"index","follow":"follow","max-snippet":"max-snippet:-1","max-image-preview":"max-image-preview:large","max-video-preview":"max-video-preview:-1"},"canonical":"https:\/\/www.fundaciontriangle.org\/blog\/fundacion-habitat3\/","og_locale":"es_ES","og_type":"article","og_title":"FUNDACI\u00d3N H\u00c0BITAT3","og_description":"La Fundaci\u00f3n H\u00e0bitat3 es una gestora de vivienda social impulsada para garantizar el derecho a una vivienda digna a las personas en situaci\u00f3n de vulnerabilidad.","og_url":"https:\/\/www.fundaciontriangle.org\/blog\/fundacion-habitat3\/","og_site_name":"Blog de Fundaci\u00f3n Triangle","article_published_time":"2021-07-15T07:02:40+00:00","article_modified_time":"2021-07-15T07:12:25+00:00","og_image":[{"width":1024,"height":1024,"url":"https:\/\/www.fundaciontriangle.org\/blog\/wp-content\/uploads\/sites\/2\/2021\/07\/j-P9u0Y3.jpeg","type":"image\/jpeg"}],"author":"Admin","twitter_card":"summary_large_image","twitter_title":"FUNDACI\u00d3N H\u00c0BITAT3","twitter_description":"La Fundaci\u00f3n H\u00e0bitat3 es una gestora de vivienda social impulsada para garantizar el derecho a una vivienda digna a las personas en situaci\u00f3n de vulnerabilidad.","twitter_image":"https:\/\/www.fundaciontriangle.org\/blog\/wp-content\/uploads\/sites\/2\/2021\/07\/j-P9u0Y3.jpeg","twitter_misc":{"Escrito por":"Admin","Tiempo de lectura":"3 minutos"},"schema":{"@context":"https:\/\/schema.org","@graph":[{"@type":"Article","@id":"https:\/\/www.fundaciontriangle.org\/blog\/fundacion-habitat3\/#article","isPartOf":{"@id":"https:\/\/www.fundaciontriangle.org\/blog\/fundacion-habitat3\/"},"author":{"name":"Admin","@id":"https:\/\/www.fundaciontriangle.org\/blog\/#\/schema\/person\/c4acdb9bfe5998701e5195e93e3bf579"},"headline":"FUNDACI\u00d3N H\u00c0BITAT3","datePublished":"2021-07-15T07:02:40+00:00","dateModified":"2021-07-15T07:12:25+00:00","mainEntityOfPage":{"@id":"https:\/\/www.fundaciontriangle.org\/blog\/fundacion-habitat3\/"},"wordCount":588,"commentCount":0,"image":{"@id":"https:\/\/www.fundaciontriangle.org\/blog\/fundacion-habitat3\/#primaryimage"},"thumbnailUrl":"https:\/\/www.fundaciontriangle.org\/blog\/wp-content\/uploads\/sites\/2\/2021\/07\/habitat-3_enfosquit_0_1.png","articleSection":["Fundaci\u00f3n Triangle"],"inLanguage":"es","potentialAction":[{"@type":"CommentAction","name":"Comment","target":["https:\/\/www.fundaciontriangle.org\/blog\/fundacion-habitat3\/#respond"]}]},{"@type":"WebPage","@id":"https:\/\/www.fundaciontriangle.org\/blog\/fundacion-habitat3\/","url":"https:\/\/www.fundaciontriangle.org\/blog\/fundacion-habitat3\/","name":"FUNDACI\u00d3N H\u00c0BITAT3 - Blog de Fundaci\u00f3n Triangle","isPartOf":{"@id":"https:\/\/www.fundaciontriangle.org\/blog\/#website"},"primaryImageOfPage":{"@id":"https:\/\/www.fundaciontriangle.org\/blog\/fundacion-habitat3\/#primaryimage"},"image":{"@id":"https:\/\/www.fundaciontriangle.org\/blog\/fundacion-habitat3\/#primaryimage"},"thumbnailUrl":"https:\/\/www.fundaciontriangle.org\/blog\/wp-content\/uploads\/sites\/2\/2021\/07\/habitat-3_enfosquit_0_1.png","datePublished":"2021-07-15T07:02:40+00:00","dateModified":"2021-07-15T07:12:25+00:00","author":{"@id":"https:\/\/www.fundaciontriangle.org\/blog\/#\/schema\/person\/c4acdb9bfe5998701e5195e93e3bf579"},"description":"La Fundaci\u00f3n H\u00e0bitat3 es una gestora de vivienda social impulsada para garantizar el derecho a una vivienda digna.","inLanguage":"es","potentialAction":[{"@type":"ReadAction","target":["https:\/\/www.fundaciontriangle.org\/blog\/fundacion-habitat3\/"]}]},{"@type":"ImageObject","inLanguage":"es","@id":"https:\/\/www.fundaciontriangle.org\/blog\/fundacion-habitat3\/#primaryimage","url":"https:\/\/www.fundaciontriangle.org\/blog\/wp-content\/uploads\/sites\/2\/2021\/07\/habitat-3_enfosquit_0_1.png","contentUrl":"https:\/\/www.fundaciontriangle.org\/blog\/wp-content\/uploads\/sites\/2\/2021\/07\/habitat-3_enfosquit_0_1.png","width":1080,"height":668,"caption":"FUNDACI\u00d3N H\u00c0BITAT3"},{"@type":"WebSite","@id":"https:\/\/www.fundaciontriangle.org\/blog\/#website","url":"https:\/\/www.fundaciontriangle.org\/blog\/","name":"Blog de Fundaci\u00f3n Triangle","description":"Hablamos talento s\u00e9nior, diversidad, edadismo, igualdad de oportunidades, trabajo digno, alianzas, entornos de trabajo, recursos humanos. De la gesti\u00f3n de la diversidad, del talento y la experiencia de las personas, de lo que aportan a las empresas.","potentialAction":[{"@type":"SearchAction","target":{"@type":"EntryPoint","urlTemplate":"https:\/\/www.fundaciontriangle.org\/blog\/?s={search_term_string}"},"query-input":{"@type":"PropertyValueSpecification","valueRequired":true,"valueName":"search_term_string"}}],"inLanguage":"es"},{"@type":"Person","@id":"https:\/\/www.fundaciontriangle.org\/blog\/#\/schema\/person\/c4acdb9bfe5998701e5195e93e3bf579","name":"Admin","image":{"@type":"ImageObject","inLanguage":"es","@id":"https:\/\/www.fundaciontriangle.org\/blog\/#\/schema\/person\/image\/","url":"https:\/\/secure.gravatar.com\/avatar\/639dfb27e51a4baf887721ba49ad906aa378fe5130c9cfa9ca94c4bf967b0c66?s=96&d=mm&r=g","contentUrl":"https:\/\/secure.gravatar.com\/avatar\/639dfb27e51a4baf887721ba49ad906aa378fe5130c9cfa9ca94c4bf967b0c66?s=96&d=mm&r=g","caption":"Admin"}}]}},"_links":{"self":[{"href":"https:\/\/www.fundaciontriangle.org\/blog\/wp-json\/wp\/v2\/posts\/987","targetHints":{"allow":["GET"]}}],"collection":[{"href":"https:\/\/www.fundaciontriangle.org\/blog\/wp-json\/wp\/v2\/posts"}],"about":[{"href":"https:\/\/www.fundaciontriangle.org\/blog\/wp-json\/wp\/v2\/types\/post"}],"author":[{"embeddable":true,"href":"https:\/\/www.fundaciontriangle.org\/blog\/wp-json\/wp\/v2\/users\/2"}],"replies":[{"embeddable":true,"href":"https:\/\/www.fundaciontriangle.org\/blog\/wp-json\/wp\/v2\/comments?post=987"}],"version-history":[{"count":2,"href":"https:\/\/www.fundaciontriangle.org\/blog\/wp-json\/wp\/v2\/posts\/987\/revisions"}],"predecessor-version":[{"id":997,"href":"https:\/\/www.fundaciontriangle.org\/blog\/wp-json\/wp\/v2\/posts\/987\/revisions\/997"}],"wp:featuredmedia":[{"embeddable":true,"href":"https:\/\/www.fundaciontriangle.org\/blog\/wp-json\/wp\/v2\/media\/992"}],"wp:attachment":[{"href":"https:\/\/www.fundaciontriangle.org\/blog\/wp-json\/wp\/v2\/media?parent=987"}],"wp:term":[{"taxonomy":"category","embeddable":true,"href":"https:\/\/www.fundaciontriangle.org\/blog\/wp-json\/wp\/v2\/categories?post=987"},{"taxonomy":"post_tag","embeddable":true,"href":"https:\/\/www.fundaciontriangle.org\/blog\/wp-json\/wp\/v2\/tags?post=987"}],"curies":[{"name":"wp","href":"https:\/\/api.w.org\/{rel}","templated":true}]}}