{"id":982,"date":"2021-07-08T10:31:38","date_gmt":"2021-07-08T08:31:38","guid":{"rendered":"https:\/\/www.fundaciontriangle.org\/blog\/?p=982"},"modified":"2021-07-08T12:01:49","modified_gmt":"2021-07-08T10:01:49","slug":"personas-sin-hogar","status":"publish","type":"post","link":"https:\/\/www.fundaciontriangle.org\/blog\/personas-sin-hogar\/","title":{"rendered":"Personas sin hogar"},"content":{"rendered":"<p>Las <strong>personas sin hogar<\/strong> representan la cara m\u00e1s severa de los procesos de <strong>exclusi\u00f3n social<\/strong>. Hablamos de personas que son privadas del acceso a un trabajo, a una vivienda y a los recursos econ\u00f3micos necesarios para su sustento. Personas que se enfrentan a la soledad, a la ruptura de sus v\u00ednculos sociales y familiares y, en consecuencia, a la p\u00e9rdida de la verdadera red social imprescindible para la vida.<\/p>\n<p>En Espa\u00f1a, cerca de 40.000 personas no tienen un lugar al que llamar casa. Es una emergencia social de primer orden, agravada a\u00fan m\u00e1s si cabe por los efectos de la pandemia del COVID 19.<\/p>\n<p>El escenario COVID, pone en riesgo la evoluci\u00f3n positiva de la recuperaci\u00f3n econ\u00f3mica, desplazando a los que m\u00e1s dif\u00edcil tienen el acceso al mercado laboral. Seg\u00fan el estudio An\u00e1lisis y Perspectivas 2020 \u201cDistancia Social y Derecho al Cuidado\u201d publicado en el mes de junio, <strong>La COVID-19 ha anulado el efecto de la recuperaci\u00f3n econ\u00f3mica en Espa\u00f1a<\/strong>.<\/p>\n<p>En solo dos meses hemos vuelto a las cifras del peor momento de la Gran Recesi\u00f3n en el 2013. En el caso de los trabajadores por cuenta ajena y aut\u00f3nomos, la destrucci\u00f3n de empleo alcanza a un 36% de los que estaban trabajando el 1 de marzo, mientras que para aquellos que lo hac\u00edan en la econom\u00eda informal la p\u00e9rdida de empleo es de un 56,5%.<\/p>\n<p>La ausencia de un hogar o la imposibilidad de mantenerlo impiden el desarrollo de una vida digna. Esto es as\u00ed porque una vivienda, adem\u00e1s de cubrir la necesidad b\u00e1sica de alojamiento, seguridad y protecci\u00f3n, proporciona un soporte clave para la creaci\u00f3n de un proyecto de vida personal, familiar, social, relacional y de convivencia.<\/p>\n<p>La vida en la calle afecta de manera decisiva a la salud. La esperanza de vida cae una media de 20 a\u00f1os para las personas sin hogar, que se enfrentan adem\u00e1s a el odio y el rechazo.<br \/>\nLas personas sin hogar sufren discriminaci\u00f3n, insultos, agresiones y, en los casos m\u00e1s graves, incluso violaciones y asesinatos.<\/p>\n<p>La situaci\u00f3n de las mujeres sin hogar, es incluso m\u00e1s preocupante ya que se enfrentan a mayores riesgos y formas de violencia.<\/p>\n<p>M\u00e1s all\u00e1 de t\u00f3picos e ideas preconcebidas no existen unas causas \u00fanicas y establecidas para explicar por qu\u00e9 una persona acaba viviendo en la calle. Existen normalmente una serie de situaciones estresantes (muerte de un ser querido, p\u00e9rdida de un empleo, ruptura sentimental, p\u00e9rdida de vivienda, etc.) que confluyen en un espacio reducido de tiempo, colocando a la persona afectada en una situaci\u00f3n l\u00edmite que no es f\u00e1cil de superar.<\/p>\n<p>Se trata de dejar de responsabilizar a estas personas de su situaci\u00f3n, que en la mayor\u00eda de los casos se debe a una suma de factores estructurales con causas econ\u00f3micas, pol\u00edticas y sociales, que impiden el acceso a una vivienda digna y un empleo.<\/p>\n<p>La vivienda es el eje que vertebra otros aspectos de la vida, por lo que carecer de ella puede tener graves implicaciones. <strong>Un hogar digno al que se acceda en igualdad de condiciones es la base para la inclusi\u00f3n social<\/strong>, especialmente de aquellas personas con mayores dificultades.<\/p>\n<p>Personas extranjeras, solicitantes de asilo, beneficiarias de protecci\u00f3n internacional, j\u00f3venes, sin hogar, v\u00edctimas de desahucios o mujeres v\u00edctimas de violencia son algunas de las personas con las que trabajamos en nuestro d\u00eda a d\u00eda. Para ellas y ellos, el acceso a un alojamiento digno en igualdad supone la primera piedra en la construcci\u00f3n de su vida.<\/p>\n<p>En este contexto que la pandemia ha generado, se debe poner<strong> en valor el acompa\u00f1amiento a las personas en situaci\u00f3n de sin hogar<\/strong>: los itinerarios, la formaci\u00f3n, el desarrollo de la empleabilidad, la orientaci\u00f3n laboral y el Desarrollo de competencias, personales y sociales. Todas estas medidas ayudaran a alcanzar la necesaria empleabilidad de estas personas.<\/p>\n","protected":false},"excerpt":{"rendered":"<p>Las personas sin hogar representan la cara m\u00e1s severa de los procesos de exclusi\u00f3n social. Hablamos de personas que&hellip;<\/p>\n","protected":false},"author":2,"featured_media":984,"comment_status":"open","ping_status":"open","sticky":false,"template":"","format":"standard","meta":{"_monsterinsights_skip_tracking":false,"_monsterinsights_sitenote_active":false,"_monsterinsights_sitenote_note":"","_monsterinsights_sitenote_category":0,"footnotes":""},"categories":[4],"tags":[],"class_list":["post-982","post","type-post","status-publish","format-standard","has-post-thumbnail","hentry","category-diversidad-generacional"],"yoast_head":"<!-- This site is optimized with the Yoast SEO plugin v27.0 - https:\/\/yoast.com\/product\/yoast-seo-wordpress\/ -->\n<title>Personas sin hogar - Blog de Fundaci\u00f3n Triangle<\/title>\n<meta name=\"description\" content=\"Las personas sin hogar representan la cara m\u00e1s severa de los procesos de exclusi\u00f3n social. Son privadas del acceso a un trabajo o vivienda.\" \/>\n<meta name=\"robots\" content=\"index, follow, max-snippet:-1, max-image-preview:large, max-video-preview:-1\" \/>\n<link rel=\"canonical\" href=\"https:\/\/www.fundaciontriangle.org\/blog\/personas-sin-hogar\/\" \/>\n<meta property=\"og:locale\" content=\"es_ES\" \/>\n<meta property=\"og:type\" content=\"article\" \/>\n<meta property=\"og:title\" content=\"Personas sin hogar\" \/>\n<meta property=\"og:description\" content=\"Las personas sin hogar representan la cara m\u00e1s severa de los procesos de exclusi\u00f3n social. Son privadas del acceso a un trabajo o vivienda.\" \/>\n<meta property=\"og:url\" content=\"https:\/\/www.fundaciontriangle.org\/blog\/personas-sin-hogar\/\" \/>\n<meta property=\"og:site_name\" content=\"Blog de Fundaci\u00f3n Triangle\" \/>\n<meta property=\"article:published_time\" content=\"2021-07-08T08:31:38+00:00\" \/>\n<meta property=\"article:modified_time\" content=\"2021-07-08T10:01:49+00:00\" \/>\n<meta property=\"og:image\" content=\"https:\/\/www.fundaciontriangle.org\/blog\/wp-content\/uploads\/sites\/2\/2021\/07\/shutterstock_1898267788-scaled.jpg\" \/>\n\t<meta property=\"og:image:width\" content=\"2560\" \/>\n\t<meta property=\"og:image:height\" content=\"1707\" \/>\n\t<meta property=\"og:image:type\" content=\"image\/jpeg\" \/>\n<meta name=\"author\" content=\"Admin\" \/>\n<meta name=\"twitter:card\" content=\"summary_large_image\" \/>\n<meta name=\"twitter:title\" content=\"Personas sin hogar\" \/>\n<meta name=\"twitter:description\" content=\"Las personas sin hogar representan la cara m\u00e1s severa de los procesos de exclusi\u00f3n social. Son privadas del acceso a un trabajo o vivienda.\" \/>\n<meta name=\"twitter:image\" content=\"https:\/\/www.fundaciontriangle.org\/blog\/wp-content\/uploads\/sites\/2\/2021\/07\/shutterstock_1898267788-scaled.jpg\" \/>\n<meta name=\"twitter:label1\" content=\"Escrito por\" \/>\n\t<meta name=\"twitter:data1\" content=\"Admin\" \/>\n\t<meta name=\"twitter:label2\" content=\"Tiempo de lectura\" \/>\n\t<meta name=\"twitter:data2\" content=\"3 minutos\" \/>\n<script type=\"application\/ld+json\" class=\"yoast-schema-graph\">{\"@context\":\"https:\/\/schema.org\",\"@graph\":[{\"@type\":\"Article\",\"@id\":\"https:\/\/www.fundaciontriangle.org\/blog\/personas-sin-hogar\/#article\",\"isPartOf\":{\"@id\":\"https:\/\/www.fundaciontriangle.org\/blog\/personas-sin-hogar\/\"},\"author\":{\"name\":\"Admin\",\"@id\":\"https:\/\/www.fundaciontriangle.org\/blog\/#\/schema\/person\/c4acdb9bfe5998701e5195e93e3bf579\"},\"headline\":\"Personas sin hogar\",\"datePublished\":\"2021-07-08T08:31:38+00:00\",\"dateModified\":\"2021-07-08T10:01:49+00:00\",\"mainEntityOfPage\":{\"@id\":\"https:\/\/www.fundaciontriangle.org\/blog\/personas-sin-hogar\/\"},\"wordCount\":680,\"commentCount\":0,\"image\":{\"@id\":\"https:\/\/www.fundaciontriangle.org\/blog\/personas-sin-hogar\/#primaryimage\"},\"thumbnailUrl\":\"https:\/\/www.fundaciontriangle.org\/blog\/wp-content\/uploads\/sites\/2\/2021\/07\/shutterstock_1898267788-scaled.jpg\",\"articleSection\":[\"Fundaci\u00f3n Triangle\"],\"inLanguage\":\"es\",\"potentialAction\":[{\"@type\":\"CommentAction\",\"name\":\"Comment\",\"target\":[\"https:\/\/www.fundaciontriangle.org\/blog\/personas-sin-hogar\/#respond\"]}]},{\"@type\":\"WebPage\",\"@id\":\"https:\/\/www.fundaciontriangle.org\/blog\/personas-sin-hogar\/\",\"url\":\"https:\/\/www.fundaciontriangle.org\/blog\/personas-sin-hogar\/\",\"name\":\"Personas sin hogar - Blog de Fundaci\u00f3n Triangle\",\"isPartOf\":{\"@id\":\"https:\/\/www.fundaciontriangle.org\/blog\/#website\"},\"primaryImageOfPage\":{\"@id\":\"https:\/\/www.fundaciontriangle.org\/blog\/personas-sin-hogar\/#primaryimage\"},\"image\":{\"@id\":\"https:\/\/www.fundaciontriangle.org\/blog\/personas-sin-hogar\/#primaryimage\"},\"thumbnailUrl\":\"https:\/\/www.fundaciontriangle.org\/blog\/wp-content\/uploads\/sites\/2\/2021\/07\/shutterstock_1898267788-scaled.jpg\",\"datePublished\":\"2021-07-08T08:31:38+00:00\",\"dateModified\":\"2021-07-08T10:01:49+00:00\",\"author\":{\"@id\":\"https:\/\/www.fundaciontriangle.org\/blog\/#\/schema\/person\/c4acdb9bfe5998701e5195e93e3bf579\"},\"description\":\"Las personas sin hogar representan la cara m\u00e1s severa de los procesos de exclusi\u00f3n social. Son privadas del acceso a un trabajo o vivienda.\",\"inLanguage\":\"es\",\"potentialAction\":[{\"@type\":\"ReadAction\",\"target\":[\"https:\/\/www.fundaciontriangle.org\/blog\/personas-sin-hogar\/\"]}]},{\"@type\":\"ImageObject\",\"inLanguage\":\"es\",\"@id\":\"https:\/\/www.fundaciontriangle.org\/blog\/personas-sin-hogar\/#primaryimage\",\"url\":\"https:\/\/www.fundaciontriangle.org\/blog\/wp-content\/uploads\/sites\/2\/2021\/07\/shutterstock_1898267788-scaled.jpg\",\"contentUrl\":\"https:\/\/www.fundaciontriangle.org\/blog\/wp-content\/uploads\/sites\/2\/2021\/07\/shutterstock_1898267788-scaled.jpg\",\"width\":2560,\"height\":1707,\"caption\":\"Colectivo vivienda\"},{\"@type\":\"WebSite\",\"@id\":\"https:\/\/www.fundaciontriangle.org\/blog\/#website\",\"url\":\"https:\/\/www.fundaciontriangle.org\/blog\/\",\"name\":\"Blog de Fundaci\u00f3n Triangle\",\"description\":\"Hablamos talento s\u00e9nior, diversidad, edadismo, igualdad de oportunidades, trabajo digno, alianzas, entornos de trabajo, recursos humanos. De la gesti\u00f3n de la diversidad, del talento y la experiencia de las personas, de lo que aportan a las empresas.\",\"potentialAction\":[{\"@type\":\"SearchAction\",\"target\":{\"@type\":\"EntryPoint\",\"urlTemplate\":\"https:\/\/www.fundaciontriangle.org\/blog\/?s={search_term_string}\"},\"query-input\":{\"@type\":\"PropertyValueSpecification\",\"valueRequired\":true,\"valueName\":\"search_term_string\"}}],\"inLanguage\":\"es\"},{\"@type\":\"Person\",\"@id\":\"https:\/\/www.fundaciontriangle.org\/blog\/#\/schema\/person\/c4acdb9bfe5998701e5195e93e3bf579\",\"name\":\"Admin\",\"image\":{\"@type\":\"ImageObject\",\"inLanguage\":\"es\",\"@id\":\"https:\/\/www.fundaciontriangle.org\/blog\/#\/schema\/person\/image\/\",\"url\":\"https:\/\/secure.gravatar.com\/avatar\/639dfb27e51a4baf887721ba49ad906aa378fe5130c9cfa9ca94c4bf967b0c66?s=96&d=mm&r=g\",\"contentUrl\":\"https:\/\/secure.gravatar.com\/avatar\/639dfb27e51a4baf887721ba49ad906aa378fe5130c9cfa9ca94c4bf967b0c66?s=96&d=mm&r=g\",\"caption\":\"Admin\"}}]}<\/script>\n<!-- \/ Yoast SEO plugin. -->","yoast_head_json":{"title":"Personas sin hogar - Blog de Fundaci\u00f3n Triangle","description":"Las personas sin hogar representan la cara m\u00e1s severa de los procesos de exclusi\u00f3n social. Son privadas del acceso a un trabajo o vivienda.","robots":{"index":"index","follow":"follow","max-snippet":"max-snippet:-1","max-image-preview":"max-image-preview:large","max-video-preview":"max-video-preview:-1"},"canonical":"https:\/\/www.fundaciontriangle.org\/blog\/personas-sin-hogar\/","og_locale":"es_ES","og_type":"article","og_title":"Personas sin hogar","og_description":"Las personas sin hogar representan la cara m\u00e1s severa de los procesos de exclusi\u00f3n social. Son privadas del acceso a un trabajo o vivienda.","og_url":"https:\/\/www.fundaciontriangle.org\/blog\/personas-sin-hogar\/","og_site_name":"Blog de Fundaci\u00f3n Triangle","article_published_time":"2021-07-08T08:31:38+00:00","article_modified_time":"2021-07-08T10:01:49+00:00","og_image":[{"width":2560,"height":1707,"url":"https:\/\/www.fundaciontriangle.org\/blog\/wp-content\/uploads\/sites\/2\/2021\/07\/shutterstock_1898267788-scaled.jpg","type":"image\/jpeg"}],"author":"Admin","twitter_card":"summary_large_image","twitter_title":"Personas sin hogar","twitter_description":"Las personas sin hogar representan la cara m\u00e1s severa de los procesos de exclusi\u00f3n social. Son privadas del acceso a un trabajo o vivienda.","twitter_image":"https:\/\/www.fundaciontriangle.org\/blog\/wp-content\/uploads\/sites\/2\/2021\/07\/shutterstock_1898267788-scaled.jpg","twitter_misc":{"Escrito por":"Admin","Tiempo de lectura":"3 minutos"},"schema":{"@context":"https:\/\/schema.org","@graph":[{"@type":"Article","@id":"https:\/\/www.fundaciontriangle.org\/blog\/personas-sin-hogar\/#article","isPartOf":{"@id":"https:\/\/www.fundaciontriangle.org\/blog\/personas-sin-hogar\/"},"author":{"name":"Admin","@id":"https:\/\/www.fundaciontriangle.org\/blog\/#\/schema\/person\/c4acdb9bfe5998701e5195e93e3bf579"},"headline":"Personas sin hogar","datePublished":"2021-07-08T08:31:38+00:00","dateModified":"2021-07-08T10:01:49+00:00","mainEntityOfPage":{"@id":"https:\/\/www.fundaciontriangle.org\/blog\/personas-sin-hogar\/"},"wordCount":680,"commentCount":0,"image":{"@id":"https:\/\/www.fundaciontriangle.org\/blog\/personas-sin-hogar\/#primaryimage"},"thumbnailUrl":"https:\/\/www.fundaciontriangle.org\/blog\/wp-content\/uploads\/sites\/2\/2021\/07\/shutterstock_1898267788-scaled.jpg","articleSection":["Fundaci\u00f3n Triangle"],"inLanguage":"es","potentialAction":[{"@type":"CommentAction","name":"Comment","target":["https:\/\/www.fundaciontriangle.org\/blog\/personas-sin-hogar\/#respond"]}]},{"@type":"WebPage","@id":"https:\/\/www.fundaciontriangle.org\/blog\/personas-sin-hogar\/","url":"https:\/\/www.fundaciontriangle.org\/blog\/personas-sin-hogar\/","name":"Personas sin hogar - Blog de Fundaci\u00f3n Triangle","isPartOf":{"@id":"https:\/\/www.fundaciontriangle.org\/blog\/#website"},"primaryImageOfPage":{"@id":"https:\/\/www.fundaciontriangle.org\/blog\/personas-sin-hogar\/#primaryimage"},"image":{"@id":"https:\/\/www.fundaciontriangle.org\/blog\/personas-sin-hogar\/#primaryimage"},"thumbnailUrl":"https:\/\/www.fundaciontriangle.org\/blog\/wp-content\/uploads\/sites\/2\/2021\/07\/shutterstock_1898267788-scaled.jpg","datePublished":"2021-07-08T08:31:38+00:00","dateModified":"2021-07-08T10:01:49+00:00","author":{"@id":"https:\/\/www.fundaciontriangle.org\/blog\/#\/schema\/person\/c4acdb9bfe5998701e5195e93e3bf579"},"description":"Las personas sin hogar representan la cara m\u00e1s severa de los procesos de exclusi\u00f3n social. Son privadas del acceso a un trabajo o vivienda.","inLanguage":"es","potentialAction":[{"@type":"ReadAction","target":["https:\/\/www.fundaciontriangle.org\/blog\/personas-sin-hogar\/"]}]},{"@type":"ImageObject","inLanguage":"es","@id":"https:\/\/www.fundaciontriangle.org\/blog\/personas-sin-hogar\/#primaryimage","url":"https:\/\/www.fundaciontriangle.org\/blog\/wp-content\/uploads\/sites\/2\/2021\/07\/shutterstock_1898267788-scaled.jpg","contentUrl":"https:\/\/www.fundaciontriangle.org\/blog\/wp-content\/uploads\/sites\/2\/2021\/07\/shutterstock_1898267788-scaled.jpg","width":2560,"height":1707,"caption":"Colectivo vivienda"},{"@type":"WebSite","@id":"https:\/\/www.fundaciontriangle.org\/blog\/#website","url":"https:\/\/www.fundaciontriangle.org\/blog\/","name":"Blog de Fundaci\u00f3n Triangle","description":"Hablamos talento s\u00e9nior, diversidad, edadismo, igualdad de oportunidades, trabajo digno, alianzas, entornos de trabajo, recursos humanos. De la gesti\u00f3n de la diversidad, del talento y la experiencia de las personas, de lo que aportan a las empresas.","potentialAction":[{"@type":"SearchAction","target":{"@type":"EntryPoint","urlTemplate":"https:\/\/www.fundaciontriangle.org\/blog\/?s={search_term_string}"},"query-input":{"@type":"PropertyValueSpecification","valueRequired":true,"valueName":"search_term_string"}}],"inLanguage":"es"},{"@type":"Person","@id":"https:\/\/www.fundaciontriangle.org\/blog\/#\/schema\/person\/c4acdb9bfe5998701e5195e93e3bf579","name":"Admin","image":{"@type":"ImageObject","inLanguage":"es","@id":"https:\/\/www.fundaciontriangle.org\/blog\/#\/schema\/person\/image\/","url":"https:\/\/secure.gravatar.com\/avatar\/639dfb27e51a4baf887721ba49ad906aa378fe5130c9cfa9ca94c4bf967b0c66?s=96&d=mm&r=g","contentUrl":"https:\/\/secure.gravatar.com\/avatar\/639dfb27e51a4baf887721ba49ad906aa378fe5130c9cfa9ca94c4bf967b0c66?s=96&d=mm&r=g","caption":"Admin"}}]}},"_links":{"self":[{"href":"https:\/\/www.fundaciontriangle.org\/blog\/wp-json\/wp\/v2\/posts\/982","targetHints":{"allow":["GET"]}}],"collection":[{"href":"https:\/\/www.fundaciontriangle.org\/blog\/wp-json\/wp\/v2\/posts"}],"about":[{"href":"https:\/\/www.fundaciontriangle.org\/blog\/wp-json\/wp\/v2\/types\/post"}],"author":[{"embeddable":true,"href":"https:\/\/www.fundaciontriangle.org\/blog\/wp-json\/wp\/v2\/users\/2"}],"replies":[{"embeddable":true,"href":"https:\/\/www.fundaciontriangle.org\/blog\/wp-json\/wp\/v2\/comments?post=982"}],"version-history":[{"count":1,"href":"https:\/\/www.fundaciontriangle.org\/blog\/wp-json\/wp\/v2\/posts\/982\/revisions"}],"predecessor-version":[{"id":985,"href":"https:\/\/www.fundaciontriangle.org\/blog\/wp-json\/wp\/v2\/posts\/982\/revisions\/985"}],"wp:featuredmedia":[{"embeddable":true,"href":"https:\/\/www.fundaciontriangle.org\/blog\/wp-json\/wp\/v2\/media\/984"}],"wp:attachment":[{"href":"https:\/\/www.fundaciontriangle.org\/blog\/wp-json\/wp\/v2\/media?parent=982"}],"wp:term":[{"taxonomy":"category","embeddable":true,"href":"https:\/\/www.fundaciontriangle.org\/blog\/wp-json\/wp\/v2\/categories?post=982"},{"taxonomy":"post_tag","embeddable":true,"href":"https:\/\/www.fundaciontriangle.org\/blog\/wp-json\/wp\/v2\/tags?post=982"}],"curies":[{"name":"wp","href":"https:\/\/api.w.org\/{rel}","templated":true}]}}