{"id":96,"date":"2019-01-09T08:06:08","date_gmt":"2019-01-09T07:06:08","guid":{"rendered":"http:\/\/www.fundaciontriangle.org\/blog\/?p=96"},"modified":"2019-09-18T11:04:08","modified_gmt":"2019-09-18T09:04:08","slug":"el-valor-de-saber-gestionar-la-diversidad-generacional","status":"publish","type":"post","link":"https:\/\/www.fundaciontriangle.org\/blog\/el-valor-de-saber-gestionar-la-diversidad-generacional\/","title":{"rendered":"El valor de saber gestionar la diversidad generacional"},"content":{"rendered":"<p>Una de las razones de este cambio ha sido la revoluci\u00f3n tecnol\u00f3gica, que ha provocado la eliminaci\u00f3n de ciertos puestos de trabajo y ha creado otros, pero otra muy importante es que personas de distintas edades y con experiencia diferente conviven en los entornos laborales. Es muy importante saber gestionar y fomentar esta diversidad generacional y de todo esto vamos hablar en este blog.<\/p>\n<h2>Apostamos por la diversidad con inclusi\u00f3n porque estamos convencidos de que las diferencias suman y aportan valor.<\/h2>\n<p>Tanto las personas j\u00f3venes como las mayores de 45 a\u00f1os tienen anhelos, preferencias, expectativas, objetivos, prioridades e intereses diferentes, pero pueden crecer y aprender si se ayudan y se respetan.<\/p>\n<p>Para que esto sea as\u00ed realmente, las empresas deben ser cada vez m\u00e1s proactivas para establecer estrategias de gesti\u00f3n de todo ese talento. El reto es que sepan generar estructuras laborales que satisfagan las necesidades de todas y todos y que est\u00e9n al mismo tiempo alineadas con el negocio.<\/p>\n<p><img loading=\"lazy\" decoding=\"async\" class=\"size-full wp-image-104 aligncenter\" src=\"http:\/\/www.fundaciontriangle.org\/blog\/wp-content\/uploads\/sites\/2\/2019\/01\/diversidad-generacional-02.png\" alt=\"\" width=\"1078\" height=\"593\" \/><\/p>\n<p>Tienen que saber generar una cultura colaborativa, donde se empodere a cada una de las personas. Tambi\u00e9n deben interiorizar y saber transmitir a todos los p\u00fablicos relacionados con la organizaci\u00f3n que las diferencias suman y que discriminar a una persona por su edad es, entre otras cosas, inaceptable. Y, sobre todo, para comprobar que sus estrategias funcionan, tienen que establecer indicadores para monitorizarlas.<\/p>\n<p>No solo las empresas tienen que tener en cuenta esta realidad, sino que tambi\u00e9n lo tienen que hacer los directores y las directoras de Recursos Humanos. Deben entender las nuevas formas de colaboraci\u00f3n, establecer nuevos esquemas de remuneraci\u00f3n diferenciados y flexibles, crear nuevos programas de desarrollo de carrera o detectar y asimilar los elementos que motivan a cada generaci\u00f3n.<\/p>\n<h2>El envejecimiento de la poblaci\u00f3n es uno de los problemas m\u00e1s importantes en nuestros d\u00edas.<\/h2>\n<p>Y lo seguir\u00e1 siendo en el futuro mientras que la natalidad seguir\u00e1 disminuyendo. Tanto es as\u00ed que seg\u00fan datos del Banco Mundial, Espa\u00f1a ser\u00e1 uno de los pa\u00edses m\u00e1s envejecidos del mundo en 2050. Tanto las organizaciones como las y los profesionales de Recursos Humanos no pueden obviar la situaci\u00f3n actual.<br \/>\nEste hecho provoca que, inevitablemente, tengamos que trabajar m\u00e1s a\u00f1os y que sea fundamental la buena gesti\u00f3n de este talento s\u00e9nior con las nuevas generaciones. Pero no hay que tomarse esto como un obst\u00e1culo, sino todo lo contrario. Siempre ser\u00e1 enriquecedor combinar la frescura de las personas m\u00e1s j\u00f3venes con la experiencia y el compromiso que suelen demostrar las m\u00e1s mayores.<\/p>\n","protected":false},"excerpt":{"rendered":"<p>Una de las razones de este cambio ha sido la revoluci\u00f3n tecnol\u00f3gica, que ha provocado la eliminaci\u00f3n de ciertos&hellip;<\/p>\n","protected":false},"author":2,"featured_media":97,"comment_status":"open","ping_status":"open","sticky":false,"template":"","format":"standard","meta":{"_monsterinsights_skip_tracking":false,"_monsterinsights_sitenote_active":false,"_monsterinsights_sitenote_note":"","_monsterinsights_sitenote_category":0,"footnotes":""},"categories":[4],"tags":[],"class_list":["post-96","post","type-post","status-publish","format-standard","has-post-thumbnail","hentry","category-diversidad-generacional"],"yoast_head":"<!-- This site is optimized with the Yoast SEO plugin v27.0 - https:\/\/yoast.com\/product\/yoast-seo-wordpress\/ -->\n<title>El valor de saber gestionar la diversidad generacional - Blog de Fundaci\u00f3n Triangle<\/title>\n<meta name=\"description\" content=\"Saber gestionar la diversidad generacional en las plantillas es clave para la productividad de una empresa. Respetar, motivar y cuidar a todos por igual.\" \/>\n<meta name=\"robots\" content=\"index, follow, max-snippet:-1, max-image-preview:large, max-video-preview:-1\" \/>\n<link rel=\"canonical\" href=\"https:\/\/www.fundaciontriangle.org\/blog\/el-valor-de-saber-gestionar-la-diversidad-generacional\/\" \/>\n<meta property=\"og:locale\" content=\"es_ES\" \/>\n<meta property=\"og:type\" content=\"article\" \/>\n<meta property=\"og:title\" content=\"El valor de saber gestionar la diversidad generacional - Blog de Fundaci\u00f3n Triangle\" \/>\n<meta property=\"og:description\" content=\"Saber gestionar la diversidad generacional en las plantillas es clave para la productividad de una empresa. Respetar, motivar y cuidar a todos por igual.\" \/>\n<meta property=\"og:url\" content=\"https:\/\/www.fundaciontriangle.org\/blog\/el-valor-de-saber-gestionar-la-diversidad-generacional\/\" \/>\n<meta property=\"og:site_name\" content=\"Blog de Fundaci\u00f3n Triangle\" \/>\n<meta property=\"article:published_time\" content=\"2019-01-09T07:06:08+00:00\" \/>\n<meta property=\"article:modified_time\" content=\"2019-09-18T09:04:08+00:00\" \/>\n<meta property=\"og:image\" content=\"https:\/\/www.fundaciontriangle.org\/blog\/wp-content\/uploads\/sites\/2\/2019\/01\/diversidad-generacional-01.png\" \/>\n\t<meta property=\"og:image:width\" content=\"1078\" \/>\n\t<meta property=\"og:image:height\" content=\"593\" \/>\n\t<meta property=\"og:image:type\" content=\"image\/png\" \/>\n<meta name=\"author\" content=\"Admin\" \/>\n<meta name=\"twitter:card\" content=\"summary_large_image\" \/>\n<meta name=\"twitter:label1\" content=\"Escrito por\" \/>\n\t<meta name=\"twitter:data1\" content=\"Admin\" \/>\n\t<meta name=\"twitter:label2\" content=\"Tiempo de lectura\" \/>\n\t<meta name=\"twitter:data2\" content=\"2 minutos\" \/>\n<script type=\"application\/ld+json\" class=\"yoast-schema-graph\">{\"@context\":\"https:\/\/schema.org\",\"@graph\":[{\"@type\":\"Article\",\"@id\":\"https:\/\/www.fundaciontriangle.org\/blog\/el-valor-de-saber-gestionar-la-diversidad-generacional\/#article\",\"isPartOf\":{\"@id\":\"https:\/\/www.fundaciontriangle.org\/blog\/el-valor-de-saber-gestionar-la-diversidad-generacional\/\"},\"author\":{\"name\":\"Admin\",\"@id\":\"https:\/\/www.fundaciontriangle.org\/blog\/#\/schema\/person\/c4acdb9bfe5998701e5195e93e3bf579\"},\"headline\":\"El valor de saber gestionar la diversidad generacional\",\"datePublished\":\"2019-01-09T07:06:08+00:00\",\"dateModified\":\"2019-09-18T09:04:08+00:00\",\"mainEntityOfPage\":{\"@id\":\"https:\/\/www.fundaciontriangle.org\/blog\/el-valor-de-saber-gestionar-la-diversidad-generacional\/\"},\"wordCount\":447,\"commentCount\":0,\"image\":{\"@id\":\"https:\/\/www.fundaciontriangle.org\/blog\/el-valor-de-saber-gestionar-la-diversidad-generacional\/#primaryimage\"},\"thumbnailUrl\":\"https:\/\/www.fundaciontriangle.org\/blog\/wp-content\/uploads\/sites\/2\/2019\/01\/diversidad-generacional-01.png\",\"articleSection\":[\"Fundaci\u00f3n Triangle\"],\"inLanguage\":\"es\",\"potentialAction\":[{\"@type\":\"CommentAction\",\"name\":\"Comment\",\"target\":[\"https:\/\/www.fundaciontriangle.org\/blog\/el-valor-de-saber-gestionar-la-diversidad-generacional\/#respond\"]}]},{\"@type\":\"WebPage\",\"@id\":\"https:\/\/www.fundaciontriangle.org\/blog\/el-valor-de-saber-gestionar-la-diversidad-generacional\/\",\"url\":\"https:\/\/www.fundaciontriangle.org\/blog\/el-valor-de-saber-gestionar-la-diversidad-generacional\/\",\"name\":\"El valor de saber gestionar la diversidad generacional - Blog de Fundaci\u00f3n Triangle\",\"isPartOf\":{\"@id\":\"https:\/\/www.fundaciontriangle.org\/blog\/#website\"},\"primaryImageOfPage\":{\"@id\":\"https:\/\/www.fundaciontriangle.org\/blog\/el-valor-de-saber-gestionar-la-diversidad-generacional\/#primaryimage\"},\"image\":{\"@id\":\"https:\/\/www.fundaciontriangle.org\/blog\/el-valor-de-saber-gestionar-la-diversidad-generacional\/#primaryimage\"},\"thumbnailUrl\":\"https:\/\/www.fundaciontriangle.org\/blog\/wp-content\/uploads\/sites\/2\/2019\/01\/diversidad-generacional-01.png\",\"datePublished\":\"2019-01-09T07:06:08+00:00\",\"dateModified\":\"2019-09-18T09:04:08+00:00\",\"author\":{\"@id\":\"https:\/\/www.fundaciontriangle.org\/blog\/#\/schema\/person\/c4acdb9bfe5998701e5195e93e3bf579\"},\"description\":\"Saber gestionar la diversidad generacional en las plantillas es clave para la productividad de una empresa. Respetar, motivar y cuidar a todos por igual.\",\"inLanguage\":\"es\",\"potentialAction\":[{\"@type\":\"ReadAction\",\"target\":[\"https:\/\/www.fundaciontriangle.org\/blog\/el-valor-de-saber-gestionar-la-diversidad-generacional\/\"]}]},{\"@type\":\"ImageObject\",\"inLanguage\":\"es\",\"@id\":\"https:\/\/www.fundaciontriangle.org\/blog\/el-valor-de-saber-gestionar-la-diversidad-generacional\/#primaryimage\",\"url\":\"https:\/\/www.fundaciontriangle.org\/blog\/wp-content\/uploads\/sites\/2\/2019\/01\/diversidad-generacional-01.png\",\"contentUrl\":\"https:\/\/www.fundaciontriangle.org\/blog\/wp-content\/uploads\/sites\/2\/2019\/01\/diversidad-generacional-01.png\",\"width\":1078,\"height\":593},{\"@type\":\"WebSite\",\"@id\":\"https:\/\/www.fundaciontriangle.org\/blog\/#website\",\"url\":\"https:\/\/www.fundaciontriangle.org\/blog\/\",\"name\":\"Blog de Fundaci\u00f3n Triangle\",\"description\":\"Hablamos talento s\u00e9nior, diversidad, edadismo, igualdad de oportunidades, trabajo digno, alianzas, entornos de trabajo, recursos humanos. De la gesti\u00f3n de la diversidad, del talento y la experiencia de las personas, de lo que aportan a las empresas.\",\"potentialAction\":[{\"@type\":\"SearchAction\",\"target\":{\"@type\":\"EntryPoint\",\"urlTemplate\":\"https:\/\/www.fundaciontriangle.org\/blog\/?s={search_term_string}\"},\"query-input\":{\"@type\":\"PropertyValueSpecification\",\"valueRequired\":true,\"valueName\":\"search_term_string\"}}],\"inLanguage\":\"es\"},{\"@type\":\"Person\",\"@id\":\"https:\/\/www.fundaciontriangle.org\/blog\/#\/schema\/person\/c4acdb9bfe5998701e5195e93e3bf579\",\"name\":\"Admin\",\"image\":{\"@type\":\"ImageObject\",\"inLanguage\":\"es\",\"@id\":\"https:\/\/www.fundaciontriangle.org\/blog\/#\/schema\/person\/image\/\",\"url\":\"https:\/\/secure.gravatar.com\/avatar\/639dfb27e51a4baf887721ba49ad906aa378fe5130c9cfa9ca94c4bf967b0c66?s=96&d=mm&r=g\",\"contentUrl\":\"https:\/\/secure.gravatar.com\/avatar\/639dfb27e51a4baf887721ba49ad906aa378fe5130c9cfa9ca94c4bf967b0c66?s=96&d=mm&r=g\",\"caption\":\"Admin\"}}]}<\/script>\n<!-- \/ Yoast SEO plugin. -->","yoast_head_json":{"title":"El valor de saber gestionar la diversidad generacional - Blog de Fundaci\u00f3n Triangle","description":"Saber gestionar la diversidad generacional en las plantillas es clave para la productividad de una empresa. Respetar, motivar y cuidar a todos por igual.","robots":{"index":"index","follow":"follow","max-snippet":"max-snippet:-1","max-image-preview":"max-image-preview:large","max-video-preview":"max-video-preview:-1"},"canonical":"https:\/\/www.fundaciontriangle.org\/blog\/el-valor-de-saber-gestionar-la-diversidad-generacional\/","og_locale":"es_ES","og_type":"article","og_title":"El valor de saber gestionar la diversidad generacional - Blog de Fundaci\u00f3n Triangle","og_description":"Saber gestionar la diversidad generacional en las plantillas es clave para la productividad de una empresa. Respetar, motivar y cuidar a todos por igual.","og_url":"https:\/\/www.fundaciontriangle.org\/blog\/el-valor-de-saber-gestionar-la-diversidad-generacional\/","og_site_name":"Blog de Fundaci\u00f3n Triangle","article_published_time":"2019-01-09T07:06:08+00:00","article_modified_time":"2019-09-18T09:04:08+00:00","og_image":[{"width":1078,"height":593,"url":"https:\/\/www.fundaciontriangle.org\/blog\/wp-content\/uploads\/sites\/2\/2019\/01\/diversidad-generacional-01.png","type":"image\/png"}],"author":"Admin","twitter_card":"summary_large_image","twitter_misc":{"Escrito por":"Admin","Tiempo de lectura":"2 minutos"},"schema":{"@context":"https:\/\/schema.org","@graph":[{"@type":"Article","@id":"https:\/\/www.fundaciontriangle.org\/blog\/el-valor-de-saber-gestionar-la-diversidad-generacional\/#article","isPartOf":{"@id":"https:\/\/www.fundaciontriangle.org\/blog\/el-valor-de-saber-gestionar-la-diversidad-generacional\/"},"author":{"name":"Admin","@id":"https:\/\/www.fundaciontriangle.org\/blog\/#\/schema\/person\/c4acdb9bfe5998701e5195e93e3bf579"},"headline":"El valor de saber gestionar la diversidad generacional","datePublished":"2019-01-09T07:06:08+00:00","dateModified":"2019-09-18T09:04:08+00:00","mainEntityOfPage":{"@id":"https:\/\/www.fundaciontriangle.org\/blog\/el-valor-de-saber-gestionar-la-diversidad-generacional\/"},"wordCount":447,"commentCount":0,"image":{"@id":"https:\/\/www.fundaciontriangle.org\/blog\/el-valor-de-saber-gestionar-la-diversidad-generacional\/#primaryimage"},"thumbnailUrl":"https:\/\/www.fundaciontriangle.org\/blog\/wp-content\/uploads\/sites\/2\/2019\/01\/diversidad-generacional-01.png","articleSection":["Fundaci\u00f3n Triangle"],"inLanguage":"es","potentialAction":[{"@type":"CommentAction","name":"Comment","target":["https:\/\/www.fundaciontriangle.org\/blog\/el-valor-de-saber-gestionar-la-diversidad-generacional\/#respond"]}]},{"@type":"WebPage","@id":"https:\/\/www.fundaciontriangle.org\/blog\/el-valor-de-saber-gestionar-la-diversidad-generacional\/","url":"https:\/\/www.fundaciontriangle.org\/blog\/el-valor-de-saber-gestionar-la-diversidad-generacional\/","name":"El valor de saber gestionar la diversidad generacional - Blog de Fundaci\u00f3n Triangle","isPartOf":{"@id":"https:\/\/www.fundaciontriangle.org\/blog\/#website"},"primaryImageOfPage":{"@id":"https:\/\/www.fundaciontriangle.org\/blog\/el-valor-de-saber-gestionar-la-diversidad-generacional\/#primaryimage"},"image":{"@id":"https:\/\/www.fundaciontriangle.org\/blog\/el-valor-de-saber-gestionar-la-diversidad-generacional\/#primaryimage"},"thumbnailUrl":"https:\/\/www.fundaciontriangle.org\/blog\/wp-content\/uploads\/sites\/2\/2019\/01\/diversidad-generacional-01.png","datePublished":"2019-01-09T07:06:08+00:00","dateModified":"2019-09-18T09:04:08+00:00","author":{"@id":"https:\/\/www.fundaciontriangle.org\/blog\/#\/schema\/person\/c4acdb9bfe5998701e5195e93e3bf579"},"description":"Saber gestionar la diversidad generacional en las plantillas es clave para la productividad de una empresa. Respetar, motivar y cuidar a todos por igual.","inLanguage":"es","potentialAction":[{"@type":"ReadAction","target":["https:\/\/www.fundaciontriangle.org\/blog\/el-valor-de-saber-gestionar-la-diversidad-generacional\/"]}]},{"@type":"ImageObject","inLanguage":"es","@id":"https:\/\/www.fundaciontriangle.org\/blog\/el-valor-de-saber-gestionar-la-diversidad-generacional\/#primaryimage","url":"https:\/\/www.fundaciontriangle.org\/blog\/wp-content\/uploads\/sites\/2\/2019\/01\/diversidad-generacional-01.png","contentUrl":"https:\/\/www.fundaciontriangle.org\/blog\/wp-content\/uploads\/sites\/2\/2019\/01\/diversidad-generacional-01.png","width":1078,"height":593},{"@type":"WebSite","@id":"https:\/\/www.fundaciontriangle.org\/blog\/#website","url":"https:\/\/www.fundaciontriangle.org\/blog\/","name":"Blog de Fundaci\u00f3n Triangle","description":"Hablamos talento s\u00e9nior, diversidad, edadismo, igualdad de oportunidades, trabajo digno, alianzas, entornos de trabajo, recursos humanos. De la gesti\u00f3n de la diversidad, del talento y la experiencia de las personas, de lo que aportan a las empresas.","potentialAction":[{"@type":"SearchAction","target":{"@type":"EntryPoint","urlTemplate":"https:\/\/www.fundaciontriangle.org\/blog\/?s={search_term_string}"},"query-input":{"@type":"PropertyValueSpecification","valueRequired":true,"valueName":"search_term_string"}}],"inLanguage":"es"},{"@type":"Person","@id":"https:\/\/www.fundaciontriangle.org\/blog\/#\/schema\/person\/c4acdb9bfe5998701e5195e93e3bf579","name":"Admin","image":{"@type":"ImageObject","inLanguage":"es","@id":"https:\/\/www.fundaciontriangle.org\/blog\/#\/schema\/person\/image\/","url":"https:\/\/secure.gravatar.com\/avatar\/639dfb27e51a4baf887721ba49ad906aa378fe5130c9cfa9ca94c4bf967b0c66?s=96&d=mm&r=g","contentUrl":"https:\/\/secure.gravatar.com\/avatar\/639dfb27e51a4baf887721ba49ad906aa378fe5130c9cfa9ca94c4bf967b0c66?s=96&d=mm&r=g","caption":"Admin"}}]}},"_links":{"self":[{"href":"https:\/\/www.fundaciontriangle.org\/blog\/wp-json\/wp\/v2\/posts\/96","targetHints":{"allow":["GET"]}}],"collection":[{"href":"https:\/\/www.fundaciontriangle.org\/blog\/wp-json\/wp\/v2\/posts"}],"about":[{"href":"https:\/\/www.fundaciontriangle.org\/blog\/wp-json\/wp\/v2\/types\/post"}],"author":[{"embeddable":true,"href":"https:\/\/www.fundaciontriangle.org\/blog\/wp-json\/wp\/v2\/users\/2"}],"replies":[{"embeddable":true,"href":"https:\/\/www.fundaciontriangle.org\/blog\/wp-json\/wp\/v2\/comments?post=96"}],"version-history":[{"count":12,"href":"https:\/\/www.fundaciontriangle.org\/blog\/wp-json\/wp\/v2\/posts\/96\/revisions"}],"predecessor-version":[{"id":537,"href":"https:\/\/www.fundaciontriangle.org\/blog\/wp-json\/wp\/v2\/posts\/96\/revisions\/537"}],"wp:featuredmedia":[{"embeddable":true,"href":"https:\/\/www.fundaciontriangle.org\/blog\/wp-json\/wp\/v2\/media\/97"}],"wp:attachment":[{"href":"https:\/\/www.fundaciontriangle.org\/blog\/wp-json\/wp\/v2\/media?parent=96"}],"wp:term":[{"taxonomy":"category","embeddable":true,"href":"https:\/\/www.fundaciontriangle.org\/blog\/wp-json\/wp\/v2\/categories?post=96"},{"taxonomy":"post_tag","embeddable":true,"href":"https:\/\/www.fundaciontriangle.org\/blog\/wp-json\/wp\/v2\/tags?post=96"}],"curies":[{"name":"wp","href":"https:\/\/api.w.org\/{rel}","templated":true}]}}