{"id":955,"date":"2021-05-13T09:38:41","date_gmt":"2021-05-13T07:38:41","guid":{"rendered":"https:\/\/www.fundaciontriangle.org\/blog\/?p=955"},"modified":"2021-05-13T09:38:41","modified_gmt":"2021-05-13T07:38:41","slug":"el-pecado-de-ser-diferentes","status":"publish","type":"post","link":"https:\/\/www.fundaciontriangle.org\/blog\/el-pecado-de-ser-diferentes\/","title":{"rendered":"El \u201cpecado\u201d de ser diferentes"},"content":{"rendered":"<p style=\"text-align: justify;\">Siguiendo con las actividades del <a href=\"https:\/\/www.linkedin.com\/feed\/hashtag\/?keywords=meseuropeodeladiversidad&amp;highlightedUpdateUrns=urn%3Ali%3Aactivity%3A6796357776412160000\">#MesEuropeoDeLaDiversidad<\/a> hemos tenido el placer de contar con la colaboraci\u00f3n de @Francine Galvez Djouma, conocida por su dilatada carrera profesional en el mundo del periodismo siendo la primera mujer negra en presentar unos informativos en Espa\u00f1a.<\/p>\n<p style=\"text-align: justify;\">Ha querido compartir con nosotros su testimonio, el cual invita a reflexionar y nos reafirma en nuestro compromiso de seguir trabajando por la diversidad de todo tipo, especialmente en este caso, por la diversidad cultural y \u00e9tnica.<\/p>\n<p style=\"text-align: justify;\">\u201cCuando mi sobrina de 23 a\u00f1os me dijo que hab\u00eda encontrado trabajo me dio una tremenda alegr\u00eda. Sal\u00eda despu\u00e9s de casi un a\u00f1o, de las estad\u00edsticas de j\u00f3venes en paro. Una lacra eterna en este pa\u00eds que, en detrimento de si mismo, excluye del mundo laboral a un importante porcentaje de la poblaci\u00f3n. Yo misma pas\u00e9 por id\u00e9nticas vicisitudes cuando ten\u00eda su edad, a finales de los 80. El trabajo bien remunerado para los j\u00f3venes siempre ha escaseado.\u201d<\/p>\n<p style=\"text-align: justify;\">Esta podr\u00eda ser tu historia o la de cualquiera: chica joven busca trabajo y lo encuentra. Pero cuando mi sobrina me explica que cree que ha pasado la entrevista porque ha ocultado sus se\u00f1as de identidad, me surge una pregunta. \u00bfQu\u00e9 has cambiado? Mi ropa para cubrir mis tatuajes y me he recogido el pelo para que no vean que lo tengo afro. Una de las chicas que me examinaban, me ha dicho que tambi\u00e9n lo tiene rizado, pero no creo que se imagine como es el m\u00edo cuando est\u00e1 suelto. Has intentado encajar, le contesto. Eso es bueno, al fin y al cabo, en Espa\u00f1a la mayor\u00eda de las empresas selecciona un personal homog\u00e9neo. En los anuncios se han puesto de moda protagonistas de todas las razas, tribus urbanas u orientaciones sexuales. Ofrecen una imagen de sociedad m\u00e1s global, pero aqu\u00ed eso es irreal. Muchos siguen siendo incapaces de pensar que tienes formaci\u00f3n y ganas de trabajar si no tienes aspecto adecuado, predominando lo cauc\u00e1sico. Tu aspecto marca tu status, no solo es cuesti\u00f3n de raza. Aunque para muchos, los negros hemos llegado todos en patera, los asi\u00e1ticos trabajan en un chino, las sudamericanas en el hogar y los paquistan\u00eds vendiendo flores en la calle.<\/p>\n<p style=\"text-align: justify;\">Tuve que contenerme, tragar saliva y disimular, cuando ella me responde: por eso intente pasar por blanca y disimular que soy negra.<\/p>\n<p style=\"text-align: justify;\">Fue una patada en la boca del est\u00f3mago, como cuando descubres en aquella vieja pel\u00edcula en blanco y negro porque la protagonista oculta a su madre. Es negra y sirvienta y no existir es el sacrificio para que su hija, que ha tenido \u201cla suerte\u201d de nacer con piel blanca, pueda prosperar.<\/p>\n<p style=\"text-align: justify;\">Confieso que, a m\u00ed, mi color de piel me ha favorecido m\u00e1s que perjudicado. Siempre he sido llamativa, nunca he pasado desapercibida y he sabido sacar jugo de ello aceptando todas las oportunidades interesantes que la vida me ha puesto por delante. Tambi\u00e9n os desvelo que no siempre fue as\u00ed. De ni\u00f1a no sab\u00eda lo que eran las razas hasta que alguien me hizo ver que mi color era diferente al de la mayor\u00eda. Mi familia, fruto de un matrimonio mixto, era mi referencia y cuando alg\u00fan amiguito me dijo, tu color no es bonito, el de tu hermana si, reconozco que la envidi\u00e9 por su color canela tan distinto a mi marr\u00f3n moka.<\/p>\n<p style=\"text-align: justify;\">Durante tiempo sufr\u00ed en silencio, no estar contenta con mi color, pero lleg\u00f3 Naomi Campbell y todo cambio. Es una broma, pero lo cierto es que ya en la adolescencia me reconcilie conmigo misma y no volv\u00eda a dejar que me afectasen los comentarios a cerca de mi aspecto exterior.<\/p>\n<p style=\"text-align: justify;\">Lo que no me imagin\u00e9 es que 50 a\u00f1os despu\u00e9s, ejecutivos de muchas empresas tienen tan poca visi\u00f3n, tan escaso desarrollo emocional e intelectual, que no son capaces de dar una oportunidad a personas capaces, con ganas de trabajar y labrarse su propia vida, pero con un pecado: ser diferentes.<\/p>\n","protected":false},"excerpt":{"rendered":"<p>Siguiendo con las actividades del #MesEuropeoDeLaDiversidad hemos tenido el placer de contar con la colaboraci\u00f3n de @Francine Galvez Djouma,&hellip;<\/p>\n","protected":false},"author":2,"featured_media":957,"comment_status":"open","ping_status":"open","sticky":false,"template":"","format":"standard","meta":{"_monsterinsights_skip_tracking":false,"_monsterinsights_sitenote_active":false,"_monsterinsights_sitenote_note":"","_monsterinsights_sitenote_category":0,"footnotes":""},"categories":[4],"tags":[],"class_list":["post-955","post","type-post","status-publish","format-standard","has-post-thumbnail","hentry","category-diversidad-generacional"],"yoast_head":"<!-- This site is optimized with the Yoast SEO plugin v27.0 - https:\/\/yoast.com\/product\/yoast-seo-wordpress\/ -->\n<title>El \u201cpecado\u201d de ser diferentes - Blog de Fundaci\u00f3n Triangle<\/title>\n<meta name=\"description\" content=\"Francine Galvez Djouma, conocida por su dilatada carrera profesional en el mundo del periodismo, comparte con nosotros su testimonio.\" \/>\n<meta name=\"robots\" content=\"index, follow, max-snippet:-1, max-image-preview:large, max-video-preview:-1\" \/>\n<link rel=\"canonical\" href=\"https:\/\/www.fundaciontriangle.org\/blog\/el-pecado-de-ser-diferentes\/\" \/>\n<meta property=\"og:locale\" content=\"es_ES\" \/>\n<meta property=\"og:type\" content=\"article\" \/>\n<meta property=\"og:title\" content=\"El \u201cpecado\u201d de ser diferentes - Blog de Fundaci\u00f3n Triangle\" \/>\n<meta property=\"og:description\" content=\"Francine Galvez Djouma, conocida por su dilatada carrera profesional en el mundo del periodismo, comparte con nosotros su testimonio.\" \/>\n<meta property=\"og:url\" content=\"https:\/\/www.fundaciontriangle.org\/blog\/el-pecado-de-ser-diferentes\/\" \/>\n<meta property=\"og:site_name\" content=\"Blog de Fundaci\u00f3n Triangle\" \/>\n<meta property=\"article:published_time\" content=\"2021-05-13T07:38:41+00:00\" \/>\n<meta property=\"og:image\" content=\"https:\/\/www.fundaciontriangle.org\/blog\/wp-content\/uploads\/sites\/2\/2021\/05\/thumbnail_18bb8436-56b6-4a2c-9332-b0c6ffe92305.jpeg\" \/>\n\t<meta property=\"og:image:width\" content=\"1025\" \/>\n\t<meta property=\"og:image:height\" content=\"1280\" \/>\n\t<meta property=\"og:image:type\" content=\"image\/jpeg\" \/>\n<meta name=\"author\" content=\"Admin\" \/>\n<meta name=\"twitter:card\" content=\"summary_large_image\" \/>\n<meta name=\"twitter:label1\" content=\"Escrito por\" \/>\n\t<meta name=\"twitter:data1\" content=\"Admin\" \/>\n\t<meta name=\"twitter:label2\" content=\"Tiempo de lectura\" \/>\n\t<meta name=\"twitter:data2\" content=\"3 minutos\" \/>\n<script type=\"application\/ld+json\" class=\"yoast-schema-graph\">{\"@context\":\"https:\/\/schema.org\",\"@graph\":[{\"@type\":\"Article\",\"@id\":\"https:\/\/www.fundaciontriangle.org\/blog\/el-pecado-de-ser-diferentes\/#article\",\"isPartOf\":{\"@id\":\"https:\/\/www.fundaciontriangle.org\/blog\/el-pecado-de-ser-diferentes\/\"},\"author\":{\"name\":\"Admin\",\"@id\":\"https:\/\/www.fundaciontriangle.org\/blog\/#\/schema\/person\/c4acdb9bfe5998701e5195e93e3bf579\"},\"headline\":\"El \u201cpecado\u201d de ser diferentes\",\"datePublished\":\"2021-05-13T07:38:41+00:00\",\"mainEntityOfPage\":{\"@id\":\"https:\/\/www.fundaciontriangle.org\/blog\/el-pecado-de-ser-diferentes\/\"},\"wordCount\":693,\"commentCount\":2,\"image\":{\"@id\":\"https:\/\/www.fundaciontriangle.org\/blog\/el-pecado-de-ser-diferentes\/#primaryimage\"},\"thumbnailUrl\":\"https:\/\/www.fundaciontriangle.org\/blog\/wp-content\/uploads\/sites\/2\/2021\/05\/thumbnail_18bb8436-56b6-4a2c-9332-b0c6ffe92305.jpeg\",\"articleSection\":[\"Fundaci\u00f3n Triangle\"],\"inLanguage\":\"es\",\"potentialAction\":[{\"@type\":\"CommentAction\",\"name\":\"Comment\",\"target\":[\"https:\/\/www.fundaciontriangle.org\/blog\/el-pecado-de-ser-diferentes\/#respond\"]}]},{\"@type\":\"WebPage\",\"@id\":\"https:\/\/www.fundaciontriangle.org\/blog\/el-pecado-de-ser-diferentes\/\",\"url\":\"https:\/\/www.fundaciontriangle.org\/blog\/el-pecado-de-ser-diferentes\/\",\"name\":\"El \u201cpecado\u201d de ser diferentes - Blog de Fundaci\u00f3n Triangle\",\"isPartOf\":{\"@id\":\"https:\/\/www.fundaciontriangle.org\/blog\/#website\"},\"primaryImageOfPage\":{\"@id\":\"https:\/\/www.fundaciontriangle.org\/blog\/el-pecado-de-ser-diferentes\/#primaryimage\"},\"image\":{\"@id\":\"https:\/\/www.fundaciontriangle.org\/blog\/el-pecado-de-ser-diferentes\/#primaryimage\"},\"thumbnailUrl\":\"https:\/\/www.fundaciontriangle.org\/blog\/wp-content\/uploads\/sites\/2\/2021\/05\/thumbnail_18bb8436-56b6-4a2c-9332-b0c6ffe92305.jpeg\",\"datePublished\":\"2021-05-13T07:38:41+00:00\",\"author\":{\"@id\":\"https:\/\/www.fundaciontriangle.org\/blog\/#\/schema\/person\/c4acdb9bfe5998701e5195e93e3bf579\"},\"description\":\"Francine Galvez Djouma, conocida por su dilatada carrera profesional en el mundo del periodismo, comparte con nosotros su testimonio.\",\"inLanguage\":\"es\",\"potentialAction\":[{\"@type\":\"ReadAction\",\"target\":[\"https:\/\/www.fundaciontriangle.org\/blog\/el-pecado-de-ser-diferentes\/\"]}]},{\"@type\":\"ImageObject\",\"inLanguage\":\"es\",\"@id\":\"https:\/\/www.fundaciontriangle.org\/blog\/el-pecado-de-ser-diferentes\/#primaryimage\",\"url\":\"https:\/\/www.fundaciontriangle.org\/blog\/wp-content\/uploads\/sites\/2\/2021\/05\/thumbnail_18bb8436-56b6-4a2c-9332-b0c6ffe92305.jpeg\",\"contentUrl\":\"https:\/\/www.fundaciontriangle.org\/blog\/wp-content\/uploads\/sites\/2\/2021\/05\/thumbnail_18bb8436-56b6-4a2c-9332-b0c6ffe92305.jpeg\",\"width\":1025,\"height\":1280,\"caption\":\"El pecado de ser diferentes\"},{\"@type\":\"WebSite\",\"@id\":\"https:\/\/www.fundaciontriangle.org\/blog\/#website\",\"url\":\"https:\/\/www.fundaciontriangle.org\/blog\/\",\"name\":\"Blog de Fundaci\u00f3n Triangle\",\"description\":\"Hablamos talento s\u00e9nior, diversidad, edadismo, igualdad de oportunidades, trabajo digno, alianzas, entornos de trabajo, recursos humanos. De la gesti\u00f3n de la diversidad, del talento y la experiencia de las personas, de lo que aportan a las empresas.\",\"potentialAction\":[{\"@type\":\"SearchAction\",\"target\":{\"@type\":\"EntryPoint\",\"urlTemplate\":\"https:\/\/www.fundaciontriangle.org\/blog\/?s={search_term_string}\"},\"query-input\":{\"@type\":\"PropertyValueSpecification\",\"valueRequired\":true,\"valueName\":\"search_term_string\"}}],\"inLanguage\":\"es\"},{\"@type\":\"Person\",\"@id\":\"https:\/\/www.fundaciontriangle.org\/blog\/#\/schema\/person\/c4acdb9bfe5998701e5195e93e3bf579\",\"name\":\"Admin\",\"image\":{\"@type\":\"ImageObject\",\"inLanguage\":\"es\",\"@id\":\"https:\/\/www.fundaciontriangle.org\/blog\/#\/schema\/person\/image\/\",\"url\":\"https:\/\/secure.gravatar.com\/avatar\/639dfb27e51a4baf887721ba49ad906aa378fe5130c9cfa9ca94c4bf967b0c66?s=96&d=mm&r=g\",\"contentUrl\":\"https:\/\/secure.gravatar.com\/avatar\/639dfb27e51a4baf887721ba49ad906aa378fe5130c9cfa9ca94c4bf967b0c66?s=96&d=mm&r=g\",\"caption\":\"Admin\"}}]}<\/script>\n<!-- \/ Yoast SEO plugin. -->","yoast_head_json":{"title":"El \u201cpecado\u201d de ser diferentes - Blog de Fundaci\u00f3n Triangle","description":"Francine Galvez Djouma, conocida por su dilatada carrera profesional en el mundo del periodismo, comparte con nosotros su testimonio.","robots":{"index":"index","follow":"follow","max-snippet":"max-snippet:-1","max-image-preview":"max-image-preview:large","max-video-preview":"max-video-preview:-1"},"canonical":"https:\/\/www.fundaciontriangle.org\/blog\/el-pecado-de-ser-diferentes\/","og_locale":"es_ES","og_type":"article","og_title":"El \u201cpecado\u201d de ser diferentes - Blog de Fundaci\u00f3n Triangle","og_description":"Francine Galvez Djouma, conocida por su dilatada carrera profesional en el mundo del periodismo, comparte con nosotros su testimonio.","og_url":"https:\/\/www.fundaciontriangle.org\/blog\/el-pecado-de-ser-diferentes\/","og_site_name":"Blog de Fundaci\u00f3n Triangle","article_published_time":"2021-05-13T07:38:41+00:00","og_image":[{"width":1025,"height":1280,"url":"https:\/\/www.fundaciontriangle.org\/blog\/wp-content\/uploads\/sites\/2\/2021\/05\/thumbnail_18bb8436-56b6-4a2c-9332-b0c6ffe92305.jpeg","type":"image\/jpeg"}],"author":"Admin","twitter_card":"summary_large_image","twitter_misc":{"Escrito por":"Admin","Tiempo de lectura":"3 minutos"},"schema":{"@context":"https:\/\/schema.org","@graph":[{"@type":"Article","@id":"https:\/\/www.fundaciontriangle.org\/blog\/el-pecado-de-ser-diferentes\/#article","isPartOf":{"@id":"https:\/\/www.fundaciontriangle.org\/blog\/el-pecado-de-ser-diferentes\/"},"author":{"name":"Admin","@id":"https:\/\/www.fundaciontriangle.org\/blog\/#\/schema\/person\/c4acdb9bfe5998701e5195e93e3bf579"},"headline":"El \u201cpecado\u201d de ser diferentes","datePublished":"2021-05-13T07:38:41+00:00","mainEntityOfPage":{"@id":"https:\/\/www.fundaciontriangle.org\/blog\/el-pecado-de-ser-diferentes\/"},"wordCount":693,"commentCount":2,"image":{"@id":"https:\/\/www.fundaciontriangle.org\/blog\/el-pecado-de-ser-diferentes\/#primaryimage"},"thumbnailUrl":"https:\/\/www.fundaciontriangle.org\/blog\/wp-content\/uploads\/sites\/2\/2021\/05\/thumbnail_18bb8436-56b6-4a2c-9332-b0c6ffe92305.jpeg","articleSection":["Fundaci\u00f3n Triangle"],"inLanguage":"es","potentialAction":[{"@type":"CommentAction","name":"Comment","target":["https:\/\/www.fundaciontriangle.org\/blog\/el-pecado-de-ser-diferentes\/#respond"]}]},{"@type":"WebPage","@id":"https:\/\/www.fundaciontriangle.org\/blog\/el-pecado-de-ser-diferentes\/","url":"https:\/\/www.fundaciontriangle.org\/blog\/el-pecado-de-ser-diferentes\/","name":"El \u201cpecado\u201d de ser diferentes - Blog de Fundaci\u00f3n Triangle","isPartOf":{"@id":"https:\/\/www.fundaciontriangle.org\/blog\/#website"},"primaryImageOfPage":{"@id":"https:\/\/www.fundaciontriangle.org\/blog\/el-pecado-de-ser-diferentes\/#primaryimage"},"image":{"@id":"https:\/\/www.fundaciontriangle.org\/blog\/el-pecado-de-ser-diferentes\/#primaryimage"},"thumbnailUrl":"https:\/\/www.fundaciontriangle.org\/blog\/wp-content\/uploads\/sites\/2\/2021\/05\/thumbnail_18bb8436-56b6-4a2c-9332-b0c6ffe92305.jpeg","datePublished":"2021-05-13T07:38:41+00:00","author":{"@id":"https:\/\/www.fundaciontriangle.org\/blog\/#\/schema\/person\/c4acdb9bfe5998701e5195e93e3bf579"},"description":"Francine Galvez Djouma, conocida por su dilatada carrera profesional en el mundo del periodismo, comparte con nosotros su testimonio.","inLanguage":"es","potentialAction":[{"@type":"ReadAction","target":["https:\/\/www.fundaciontriangle.org\/blog\/el-pecado-de-ser-diferentes\/"]}]},{"@type":"ImageObject","inLanguage":"es","@id":"https:\/\/www.fundaciontriangle.org\/blog\/el-pecado-de-ser-diferentes\/#primaryimage","url":"https:\/\/www.fundaciontriangle.org\/blog\/wp-content\/uploads\/sites\/2\/2021\/05\/thumbnail_18bb8436-56b6-4a2c-9332-b0c6ffe92305.jpeg","contentUrl":"https:\/\/www.fundaciontriangle.org\/blog\/wp-content\/uploads\/sites\/2\/2021\/05\/thumbnail_18bb8436-56b6-4a2c-9332-b0c6ffe92305.jpeg","width":1025,"height":1280,"caption":"El pecado de ser diferentes"},{"@type":"WebSite","@id":"https:\/\/www.fundaciontriangle.org\/blog\/#website","url":"https:\/\/www.fundaciontriangle.org\/blog\/","name":"Blog de Fundaci\u00f3n Triangle","description":"Hablamos talento s\u00e9nior, diversidad, edadismo, igualdad de oportunidades, trabajo digno, alianzas, entornos de trabajo, recursos humanos. De la gesti\u00f3n de la diversidad, del talento y la experiencia de las personas, de lo que aportan a las empresas.","potentialAction":[{"@type":"SearchAction","target":{"@type":"EntryPoint","urlTemplate":"https:\/\/www.fundaciontriangle.org\/blog\/?s={search_term_string}"},"query-input":{"@type":"PropertyValueSpecification","valueRequired":true,"valueName":"search_term_string"}}],"inLanguage":"es"},{"@type":"Person","@id":"https:\/\/www.fundaciontriangle.org\/blog\/#\/schema\/person\/c4acdb9bfe5998701e5195e93e3bf579","name":"Admin","image":{"@type":"ImageObject","inLanguage":"es","@id":"https:\/\/www.fundaciontriangle.org\/blog\/#\/schema\/person\/image\/","url":"https:\/\/secure.gravatar.com\/avatar\/639dfb27e51a4baf887721ba49ad906aa378fe5130c9cfa9ca94c4bf967b0c66?s=96&d=mm&r=g","contentUrl":"https:\/\/secure.gravatar.com\/avatar\/639dfb27e51a4baf887721ba49ad906aa378fe5130c9cfa9ca94c4bf967b0c66?s=96&d=mm&r=g","caption":"Admin"}}]}},"_links":{"self":[{"href":"https:\/\/www.fundaciontriangle.org\/blog\/wp-json\/wp\/v2\/posts\/955","targetHints":{"allow":["GET"]}}],"collection":[{"href":"https:\/\/www.fundaciontriangle.org\/blog\/wp-json\/wp\/v2\/posts"}],"about":[{"href":"https:\/\/www.fundaciontriangle.org\/blog\/wp-json\/wp\/v2\/types\/post"}],"author":[{"embeddable":true,"href":"https:\/\/www.fundaciontriangle.org\/blog\/wp-json\/wp\/v2\/users\/2"}],"replies":[{"embeddable":true,"href":"https:\/\/www.fundaciontriangle.org\/blog\/wp-json\/wp\/v2\/comments?post=955"}],"version-history":[{"count":1,"href":"https:\/\/www.fundaciontriangle.org\/blog\/wp-json\/wp\/v2\/posts\/955\/revisions"}],"predecessor-version":[{"id":959,"href":"https:\/\/www.fundaciontriangle.org\/blog\/wp-json\/wp\/v2\/posts\/955\/revisions\/959"}],"wp:featuredmedia":[{"embeddable":true,"href":"https:\/\/www.fundaciontriangle.org\/blog\/wp-json\/wp\/v2\/media\/957"}],"wp:attachment":[{"href":"https:\/\/www.fundaciontriangle.org\/blog\/wp-json\/wp\/v2\/media?parent=955"}],"wp:term":[{"taxonomy":"category","embeddable":true,"href":"https:\/\/www.fundaciontriangle.org\/blog\/wp-json\/wp\/v2\/categories?post=955"},{"taxonomy":"post_tag","embeddable":true,"href":"https:\/\/www.fundaciontriangle.org\/blog\/wp-json\/wp\/v2\/tags?post=955"}],"curies":[{"name":"wp","href":"https:\/\/api.w.org\/{rel}","templated":true}]}}