{"id":949,"date":"2021-05-04T13:10:30","date_gmt":"2021-05-04T11:10:30","guid":{"rendered":"https:\/\/www.fundaciontriangle.org\/blog\/?p=949"},"modified":"2021-05-04T13:53:22","modified_gmt":"2021-05-04T11:53:22","slug":"mes-europeo-de-la-diversidad","status":"publish","type":"post","link":"https:\/\/www.fundaciontriangle.org\/blog\/mes-europeo-de-la-diversidad\/","title":{"rendered":"Mes Europeo de la Diversidad"},"content":{"rendered":"<p>Desde la Fundaci\u00f3n Triangle, durante este mes de Mayo, nos unimos a la iniciativa del Mes Europeo de la Diversidad 2021. Por primera vez las actividades de conmemoraci\u00f3n se alargan durante todo el mes y en ellas participan desde todos los pa\u00edses de la Uni\u00f3n Europea.<\/p>\n<p>Como no podr\u00eda ser de otra manera, nos comprometemos con una mayor diversidad en los lugares de trabajo, aportando nuestro granito de arena para poder crear una Europa m\u00e1s justa e igualitaria para todas las personas.<\/p>\n<p>El Mes Europeo de la Diversidad est\u00e1 organizado por la Plataforma de la UE sobre las Cartas de la Diversidad junto con sus miembros y signatarios. En Espa\u00f1a ya se han sumado m\u00e1s de 1200 empresas comprometidas con la diversidad.<\/p>\n<p>Su principal finalidad es unir a empleadores grandes y peque\u00f1os, empresas privadas, organismos p\u00fablicos y asociaciones sin fines lucrativos en torno a un objetivo com\u00fan: promover la diversidad en el lugar de trabajo y la sociedad.<\/p>\n<p>Las entidades, como la Fundaci\u00f3n Grupo Triangle, que voluntariamente son signatarias del Charter de la Diversidad respetan las normativas vigentes en materia de igualdad de oportunidad y anti-discriminaci\u00f3n, y asumen los siguientes\u00a010 PRINCIPIOS SOBRE INCLUSI\u00d3N Y DIVERSIDAD:<\/p>\n<ol>\n<li>Sensibilizar:\u00a0los principios de igualdad de oportunidades y de respeto a la diversidad deben estar incluidos en los valores de la empresa y ser difundidos entre los empleados.<\/li>\n<li>Avanzar en la construcci\u00f3n de una plantilla diversa: la empresa debe fomentar la integraci\u00f3n de personas con perfiles diversos (independientemente de su g\u00e9nero, orientaci\u00f3n sexual, raza, nacionalidad, procedencia \u00e9tnica, religi\u00f3n, creencias, edad, discapacidad, etc.).<\/li>\n<li>Promover la inclusi\u00f3n:\u00a0la integraci\u00f3n debe ser efectiva, evit\u00e1ndose cualquier tipo de discriminaci\u00f3n (directa o indirecta) en el trabajo.<\/li>\n<li>Considerar la diversidad en todas las pol\u00edticas de direcci\u00f3n de las personas:\u00a0la gesti\u00f3n de la diversidad no debe ser una pr\u00e1ctica de recursos humanos m\u00e1s, sino un factor transversal, que se encuentre en la base de todas las decisiones que se tomen en este \u00e1mbito.<\/li>\n<li>Promover la conciliaci\u00f3n\u00a0a trav\u00e9s de un equilibrio en los tiempos de trabajo, familia y ocio: las organizaciones deben establecer mecanismos que permitan la armonizaci\u00f3n de la vida laboral con la vida familiar y personal de todos los trabajadores.<\/li>\n<li>Reconocer la diversidad de los clientes:\u00a0las organizaciones deben conocer el perfil de los clientes, reconociendo que su diversidad tambi\u00e9n es una fuente de innovaci\u00f3n y desarrollo.<\/li>\n<li>Extender y comunicar el compromiso hacia los empleados: el compromiso que la organizaci\u00f3n adquiere al ser signataria del Charter de la Diversidad debe ser compartido transversalmente por toda la empresa.<\/li>\n<li>Extender y comunicar el compromiso a las empresas proveedoras: invit\u00e1ndoles a unirse a la comunidad de empresas que en Espa\u00f1a se adhieren al compromiso voluntario que promueve el Charter.<\/li>\n<li>Extender y comunicar este compromiso a administraciones, organizaciones empresariales, sindicatos, y dem\u00e1s agentes sociales.<\/li>\n<li>Reflejar las actividades de apoyo a la no discriminaci\u00f3n, as\u00ed como los resultados que se van obteniendo de la puesta en pr\u00e1ctica de las\u00a0pol\u00edticas de diversidad en la memoria anual de la empresa.<\/li>\n<\/ol>\n<p>&nbsp;<\/p>\n<p>Para mas informaci\u00f3n sobre esta iniciativa https:\/\/fundaciondiversidad.com\/<\/p>\n","protected":false},"excerpt":{"rendered":"<p>Desde la Fundaci\u00f3n Triangle, durante este mes de Mayo, nos unimos a la iniciativa del Mes Europeo de la&hellip;<\/p>\n","protected":false},"author":2,"featured_media":954,"comment_status":"open","ping_status":"open","sticky":false,"template":"","format":"standard","meta":{"_monsterinsights_skip_tracking":false,"_monsterinsights_sitenote_active":false,"_monsterinsights_sitenote_note":"","_monsterinsights_sitenote_category":0,"footnotes":""},"categories":[4],"tags":[],"class_list":["post-949","post","type-post","status-publish","format-standard","has-post-thumbnail","hentry","category-diversidad-generacional"],"yoast_head":"<!-- This site is optimized with the Yoast SEO plugin v27.0 - https:\/\/yoast.com\/product\/yoast-seo-wordpress\/ -->\n<title>Mes Europeo de la Diversidad - Blog de Fundaci\u00f3n Triangle<\/title>\n<meta name=\"robots\" content=\"index, follow, max-snippet:-1, max-image-preview:large, max-video-preview:-1\" \/>\n<link rel=\"canonical\" href=\"https:\/\/www.fundaciontriangle.org\/blog\/mes-europeo-de-la-diversidad\/\" \/>\n<meta property=\"og:locale\" content=\"es_ES\" \/>\n<meta property=\"og:type\" content=\"article\" \/>\n<meta property=\"og:title\" content=\"Mes Europeo de la Diversidad - Blog de Fundaci\u00f3n Triangle\" \/>\n<meta property=\"og:description\" content=\"Desde la Fundaci\u00f3n Triangle, durante este mes de Mayo, nos unimos a la iniciativa del Mes Europeo de la&hellip;\" \/>\n<meta property=\"og:url\" content=\"https:\/\/www.fundaciontriangle.org\/blog\/mes-europeo-de-la-diversidad\/\" \/>\n<meta property=\"og:site_name\" content=\"Blog de Fundaci\u00f3n Triangle\" \/>\n<meta property=\"article:published_time\" content=\"2021-05-04T11:10:30+00:00\" \/>\n<meta property=\"article:modified_time\" content=\"2021-05-04T11:53:22+00:00\" \/>\n<meta property=\"og:image\" content=\"https:\/\/www.fundaciontriangle.org\/blog\/wp-content\/uploads\/sites\/2\/2021\/05\/fundaacion-min-1.png\" \/>\n\t<meta property=\"og:image:width\" content=\"940\" \/>\n\t<meta property=\"og:image:height\" content=\"940\" \/>\n\t<meta property=\"og:image:type\" content=\"image\/png\" \/>\n<meta name=\"author\" content=\"Admin\" \/>\n<meta name=\"twitter:card\" content=\"summary_large_image\" \/>\n<meta name=\"twitter:label1\" content=\"Escrito por\" \/>\n\t<meta name=\"twitter:data1\" content=\"Admin\" \/>\n\t<meta name=\"twitter:label2\" content=\"Tiempo de lectura\" \/>\n\t<meta name=\"twitter:data2\" content=\"3 minutos\" \/>\n<script type=\"application\/ld+json\" class=\"yoast-schema-graph\">{\"@context\":\"https:\/\/schema.org\",\"@graph\":[{\"@type\":\"Article\",\"@id\":\"https:\/\/www.fundaciontriangle.org\/blog\/mes-europeo-de-la-diversidad\/#article\",\"isPartOf\":{\"@id\":\"https:\/\/www.fundaciontriangle.org\/blog\/mes-europeo-de-la-diversidad\/\"},\"author\":{\"name\":\"Admin\",\"@id\":\"https:\/\/www.fundaciontriangle.org\/blog\/#\/schema\/person\/c4acdb9bfe5998701e5195e93e3bf579\"},\"headline\":\"Mes Europeo de la Diversidad\",\"datePublished\":\"2021-05-04T11:10:30+00:00\",\"dateModified\":\"2021-05-04T11:53:22+00:00\",\"mainEntityOfPage\":{\"@id\":\"https:\/\/www.fundaciontriangle.org\/blog\/mes-europeo-de-la-diversidad\/\"},\"wordCount\":549,\"commentCount\":0,\"image\":{\"@id\":\"https:\/\/www.fundaciontriangle.org\/blog\/mes-europeo-de-la-diversidad\/#primaryimage\"},\"thumbnailUrl\":\"https:\/\/www.fundaciontriangle.org\/blog\/wp-content\/uploads\/sites\/2\/2021\/05\/fundaacion-min-1.png\",\"articleSection\":[\"Fundaci\u00f3n Triangle\"],\"inLanguage\":\"es\",\"potentialAction\":[{\"@type\":\"CommentAction\",\"name\":\"Comment\",\"target\":[\"https:\/\/www.fundaciontriangle.org\/blog\/mes-europeo-de-la-diversidad\/#respond\"]}]},{\"@type\":\"WebPage\",\"@id\":\"https:\/\/www.fundaciontriangle.org\/blog\/mes-europeo-de-la-diversidad\/\",\"url\":\"https:\/\/www.fundaciontriangle.org\/blog\/mes-europeo-de-la-diversidad\/\",\"name\":\"Mes Europeo de la Diversidad - Blog de Fundaci\u00f3n Triangle\",\"isPartOf\":{\"@id\":\"https:\/\/www.fundaciontriangle.org\/blog\/#website\"},\"primaryImageOfPage\":{\"@id\":\"https:\/\/www.fundaciontriangle.org\/blog\/mes-europeo-de-la-diversidad\/#primaryimage\"},\"image\":{\"@id\":\"https:\/\/www.fundaciontriangle.org\/blog\/mes-europeo-de-la-diversidad\/#primaryimage\"},\"thumbnailUrl\":\"https:\/\/www.fundaciontriangle.org\/blog\/wp-content\/uploads\/sites\/2\/2021\/05\/fundaacion-min-1.png\",\"datePublished\":\"2021-05-04T11:10:30+00:00\",\"dateModified\":\"2021-05-04T11:53:22+00:00\",\"author\":{\"@id\":\"https:\/\/www.fundaciontriangle.org\/blog\/#\/schema\/person\/c4acdb9bfe5998701e5195e93e3bf579\"},\"inLanguage\":\"es\",\"potentialAction\":[{\"@type\":\"ReadAction\",\"target\":[\"https:\/\/www.fundaciontriangle.org\/blog\/mes-europeo-de-la-diversidad\/\"]}]},{\"@type\":\"ImageObject\",\"inLanguage\":\"es\",\"@id\":\"https:\/\/www.fundaciontriangle.org\/blog\/mes-europeo-de-la-diversidad\/#primaryimage\",\"url\":\"https:\/\/www.fundaciontriangle.org\/blog\/wp-content\/uploads\/sites\/2\/2021\/05\/fundaacion-min-1.png\",\"contentUrl\":\"https:\/\/www.fundaciontriangle.org\/blog\/wp-content\/uploads\/sites\/2\/2021\/05\/fundaacion-min-1.png\",\"width\":5000,\"height\":5000,\"caption\":\"Mes Europeo de la Diversidad\"},{\"@type\":\"WebSite\",\"@id\":\"https:\/\/www.fundaciontriangle.org\/blog\/#website\",\"url\":\"https:\/\/www.fundaciontriangle.org\/blog\/\",\"name\":\"Blog de Fundaci\u00f3n Triangle\",\"description\":\"Hablamos talento s\u00e9nior, diversidad, edadismo, igualdad de oportunidades, trabajo digno, alianzas, entornos de trabajo, recursos humanos. De la gesti\u00f3n de la diversidad, del talento y la experiencia de las personas, de lo que aportan a las empresas.\",\"potentialAction\":[{\"@type\":\"SearchAction\",\"target\":{\"@type\":\"EntryPoint\",\"urlTemplate\":\"https:\/\/www.fundaciontriangle.org\/blog\/?s={search_term_string}\"},\"query-input\":{\"@type\":\"PropertyValueSpecification\",\"valueRequired\":true,\"valueName\":\"search_term_string\"}}],\"inLanguage\":\"es\"},{\"@type\":\"Person\",\"@id\":\"https:\/\/www.fundaciontriangle.org\/blog\/#\/schema\/person\/c4acdb9bfe5998701e5195e93e3bf579\",\"name\":\"Admin\",\"image\":{\"@type\":\"ImageObject\",\"inLanguage\":\"es\",\"@id\":\"https:\/\/www.fundaciontriangle.org\/blog\/#\/schema\/person\/image\/\",\"url\":\"https:\/\/secure.gravatar.com\/avatar\/639dfb27e51a4baf887721ba49ad906aa378fe5130c9cfa9ca94c4bf967b0c66?s=96&d=mm&r=g\",\"contentUrl\":\"https:\/\/secure.gravatar.com\/avatar\/639dfb27e51a4baf887721ba49ad906aa378fe5130c9cfa9ca94c4bf967b0c66?s=96&d=mm&r=g\",\"caption\":\"Admin\"}}]}<\/script>\n<!-- \/ Yoast SEO plugin. -->","yoast_head_json":{"title":"Mes Europeo de la Diversidad - Blog de Fundaci\u00f3n Triangle","robots":{"index":"index","follow":"follow","max-snippet":"max-snippet:-1","max-image-preview":"max-image-preview:large","max-video-preview":"max-video-preview:-1"},"canonical":"https:\/\/www.fundaciontriangle.org\/blog\/mes-europeo-de-la-diversidad\/","og_locale":"es_ES","og_type":"article","og_title":"Mes Europeo de la Diversidad - Blog de Fundaci\u00f3n Triangle","og_description":"Desde la Fundaci\u00f3n Triangle, durante este mes de Mayo, nos unimos a la iniciativa del Mes Europeo de la&hellip;","og_url":"https:\/\/www.fundaciontriangle.org\/blog\/mes-europeo-de-la-diversidad\/","og_site_name":"Blog de Fundaci\u00f3n Triangle","article_published_time":"2021-05-04T11:10:30+00:00","article_modified_time":"2021-05-04T11:53:22+00:00","og_image":[{"url":"https:\/\/www.fundaciontriangle.org\/blog\/wp-content\/uploads\/sites\/2\/2021\/05\/fundaacion-min-1.png","width":940,"height":940,"type":"image\/png"}],"author":"Admin","twitter_card":"summary_large_image","twitter_misc":{"Escrito por":"Admin","Tiempo de lectura":"3 minutos"},"schema":{"@context":"https:\/\/schema.org","@graph":[{"@type":"Article","@id":"https:\/\/www.fundaciontriangle.org\/blog\/mes-europeo-de-la-diversidad\/#article","isPartOf":{"@id":"https:\/\/www.fundaciontriangle.org\/blog\/mes-europeo-de-la-diversidad\/"},"author":{"name":"Admin","@id":"https:\/\/www.fundaciontriangle.org\/blog\/#\/schema\/person\/c4acdb9bfe5998701e5195e93e3bf579"},"headline":"Mes Europeo de la Diversidad","datePublished":"2021-05-04T11:10:30+00:00","dateModified":"2021-05-04T11:53:22+00:00","mainEntityOfPage":{"@id":"https:\/\/www.fundaciontriangle.org\/blog\/mes-europeo-de-la-diversidad\/"},"wordCount":549,"commentCount":0,"image":{"@id":"https:\/\/www.fundaciontriangle.org\/blog\/mes-europeo-de-la-diversidad\/#primaryimage"},"thumbnailUrl":"https:\/\/www.fundaciontriangle.org\/blog\/wp-content\/uploads\/sites\/2\/2021\/05\/fundaacion-min-1.png","articleSection":["Fundaci\u00f3n Triangle"],"inLanguage":"es","potentialAction":[{"@type":"CommentAction","name":"Comment","target":["https:\/\/www.fundaciontriangle.org\/blog\/mes-europeo-de-la-diversidad\/#respond"]}]},{"@type":"WebPage","@id":"https:\/\/www.fundaciontriangle.org\/blog\/mes-europeo-de-la-diversidad\/","url":"https:\/\/www.fundaciontriangle.org\/blog\/mes-europeo-de-la-diversidad\/","name":"Mes Europeo de la Diversidad - Blog de Fundaci\u00f3n Triangle","isPartOf":{"@id":"https:\/\/www.fundaciontriangle.org\/blog\/#website"},"primaryImageOfPage":{"@id":"https:\/\/www.fundaciontriangle.org\/blog\/mes-europeo-de-la-diversidad\/#primaryimage"},"image":{"@id":"https:\/\/www.fundaciontriangle.org\/blog\/mes-europeo-de-la-diversidad\/#primaryimage"},"thumbnailUrl":"https:\/\/www.fundaciontriangle.org\/blog\/wp-content\/uploads\/sites\/2\/2021\/05\/fundaacion-min-1.png","datePublished":"2021-05-04T11:10:30+00:00","dateModified":"2021-05-04T11:53:22+00:00","author":{"@id":"https:\/\/www.fundaciontriangle.org\/blog\/#\/schema\/person\/c4acdb9bfe5998701e5195e93e3bf579"},"inLanguage":"es","potentialAction":[{"@type":"ReadAction","target":["https:\/\/www.fundaciontriangle.org\/blog\/mes-europeo-de-la-diversidad\/"]}]},{"@type":"ImageObject","inLanguage":"es","@id":"https:\/\/www.fundaciontriangle.org\/blog\/mes-europeo-de-la-diversidad\/#primaryimage","url":"https:\/\/www.fundaciontriangle.org\/blog\/wp-content\/uploads\/sites\/2\/2021\/05\/fundaacion-min-1.png","contentUrl":"https:\/\/www.fundaciontriangle.org\/blog\/wp-content\/uploads\/sites\/2\/2021\/05\/fundaacion-min-1.png","width":5000,"height":5000,"caption":"Mes Europeo de la Diversidad"},{"@type":"WebSite","@id":"https:\/\/www.fundaciontriangle.org\/blog\/#website","url":"https:\/\/www.fundaciontriangle.org\/blog\/","name":"Blog de Fundaci\u00f3n Triangle","description":"Hablamos talento s\u00e9nior, diversidad, edadismo, igualdad de oportunidades, trabajo digno, alianzas, entornos de trabajo, recursos humanos. De la gesti\u00f3n de la diversidad, del talento y la experiencia de las personas, de lo que aportan a las empresas.","potentialAction":[{"@type":"SearchAction","target":{"@type":"EntryPoint","urlTemplate":"https:\/\/www.fundaciontriangle.org\/blog\/?s={search_term_string}"},"query-input":{"@type":"PropertyValueSpecification","valueRequired":true,"valueName":"search_term_string"}}],"inLanguage":"es"},{"@type":"Person","@id":"https:\/\/www.fundaciontriangle.org\/blog\/#\/schema\/person\/c4acdb9bfe5998701e5195e93e3bf579","name":"Admin","image":{"@type":"ImageObject","inLanguage":"es","@id":"https:\/\/www.fundaciontriangle.org\/blog\/#\/schema\/person\/image\/","url":"https:\/\/secure.gravatar.com\/avatar\/639dfb27e51a4baf887721ba49ad906aa378fe5130c9cfa9ca94c4bf967b0c66?s=96&d=mm&r=g","contentUrl":"https:\/\/secure.gravatar.com\/avatar\/639dfb27e51a4baf887721ba49ad906aa378fe5130c9cfa9ca94c4bf967b0c66?s=96&d=mm&r=g","caption":"Admin"}}]}},"_links":{"self":[{"href":"https:\/\/www.fundaciontriangle.org\/blog\/wp-json\/wp\/v2\/posts\/949","targetHints":{"allow":["GET"]}}],"collection":[{"href":"https:\/\/www.fundaciontriangle.org\/blog\/wp-json\/wp\/v2\/posts"}],"about":[{"href":"https:\/\/www.fundaciontriangle.org\/blog\/wp-json\/wp\/v2\/types\/post"}],"author":[{"embeddable":true,"href":"https:\/\/www.fundaciontriangle.org\/blog\/wp-json\/wp\/v2\/users\/2"}],"replies":[{"embeddable":true,"href":"https:\/\/www.fundaciontriangle.org\/blog\/wp-json\/wp\/v2\/comments?post=949"}],"version-history":[{"count":1,"href":"https:\/\/www.fundaciontriangle.org\/blog\/wp-json\/wp\/v2\/posts\/949\/revisions"}],"predecessor-version":[{"id":952,"href":"https:\/\/www.fundaciontriangle.org\/blog\/wp-json\/wp\/v2\/posts\/949\/revisions\/952"}],"wp:featuredmedia":[{"embeddable":true,"href":"https:\/\/www.fundaciontriangle.org\/blog\/wp-json\/wp\/v2\/media\/954"}],"wp:attachment":[{"href":"https:\/\/www.fundaciontriangle.org\/blog\/wp-json\/wp\/v2\/media?parent=949"}],"wp:term":[{"taxonomy":"category","embeddable":true,"href":"https:\/\/www.fundaciontriangle.org\/blog\/wp-json\/wp\/v2\/categories?post=949"},{"taxonomy":"post_tag","embeddable":true,"href":"https:\/\/www.fundaciontriangle.org\/blog\/wp-json\/wp\/v2\/tags?post=949"}],"curies":[{"name":"wp","href":"https:\/\/api.w.org\/{rel}","templated":true}]}}