{"id":922,"date":"2021-04-08T13:43:43","date_gmt":"2021-04-08T11:43:43","guid":{"rendered":"https:\/\/www.fundaciontriangle.org\/blog\/?p=922"},"modified":"2021-04-08T13:43:43","modified_gmt":"2021-04-08T11:43:43","slug":"visita-a-fundacion-oxiria","status":"publish","type":"post","link":"https:\/\/www.fundaciontriangle.org\/blog\/visita-a-fundacion-oxiria\/","title":{"rendered":"Visita a Fundaci\u00f3n Oxiria"},"content":{"rendered":"<p>Hemos tenido la suerte de poder conocer el proyecto formativo que la FUNDACI\u00d3N OXIRIA desarrolla conjuntamente con la Fundaci\u00f3n Universitaria San Pablo-CEU, T\u00cdTULO PROPIO DEL ISEP CEU \u201c<strong>Gestiones comerciales y actividades auxiliares en Florister\u00eda<\/strong>\u201d.<\/p>\n<p><img loading=\"lazy\" decoding=\"async\" class=\"aligncenter wp-image-924\" src=\"https:\/\/www.fundaciontriangle.org\/blog\/wp-content\/uploads\/sites\/2\/2021\/04\/IMG-20210406-WA0000.jpg\" alt=\"Visita Fundaci\u00f3n Oxiria\" width=\"400\" height=\"300\" srcset=\"https:\/\/www.fundaciontriangle.org\/blog\/wp-content\/uploads\/sites\/2\/2021\/04\/IMG-20210406-WA0000.jpg 1600w, https:\/\/www.fundaciontriangle.org\/blog\/wp-content\/uploads\/sites\/2\/2021\/04\/IMG-20210406-WA0000-1536x1152.jpg 1536w\" sizes=\"auto, (max-width: 400px) 100vw, 400px\" \/><\/p>\n<p>Este programa est\u00e1 dirigido a j\u00f3venes con discapacidad intelectual, mayores de 18 a\u00f1os, interesados\/as en una formaci\u00f3n relacionada con el \u00e1mbito de la florister\u00eda y jardiner\u00eda.<\/p>\n<p>Adem\u00e1s de aprender y adquirir competencias a nivel profesional, se trabajan tambi\u00e9n, entre otras, competencias a nivel personal y social, para su completa inserci\u00f3n en la sociedad actual y en su mercado laboral.<\/p>\n<p>Las clases se desarrollan en las instalaciones del ISEP CEU San Pablo-CEU. Un entorno privilegiado junto a la Dehesa de la Villa que permite trabajar la inclusi\u00f3n y fomentar la relaci\u00f3n entre el alumnado.<\/p>\n<p><img loading=\"lazy\" decoding=\"async\" class=\"aligncenter wp-image-925\" src=\"https:\/\/www.fundaciontriangle.org\/blog\/wp-content\/uploads\/sites\/2\/2021\/04\/IMG-20210406-WA0001.jpg\" alt=\"Visita Fundaci\u00f3n Oxiria\" width=\"400\" height=\"300\" srcset=\"https:\/\/www.fundaciontriangle.org\/blog\/wp-content\/uploads\/sites\/2\/2021\/04\/IMG-20210406-WA0001.jpg 1600w, https:\/\/www.fundaciontriangle.org\/blog\/wp-content\/uploads\/sites\/2\/2021\/04\/IMG-20210406-WA0001-1536x1152.jpg 1536w\" sizes=\"auto, (max-width: 400px) 100vw, 400px\" \/><\/p>\n<p>La Fundaci\u00f3n Oxiria nace con el objetivo de ense\u00f1ar a los\/las j\u00f3venes un oficio para darles acceso al mercado laboral. La meta es conseguir que los alumnos y alumnas se sientan \u00fatiles, valiosos, crezcan como personas, maduren y puedan disfrutar unos a\u00f1os rodeados de j\u00f3venes como ellos. En definitiva, que vivan esta experiencia que de otra manera les estar\u00eda negada.<\/p>\n<p>Para m\u00e1s informaci\u00f3n sobre las actividades que desarrolla la Fundacion Oxiria <a href=\"https:\/\/www.fundacionoxiria.org\/\">puedes acudir a su web<\/a>.<\/p>\n","protected":false},"excerpt":{"rendered":"<p>Hemos tenido la suerte de poder conocer el proyecto formativo que la FUNDACI\u00d3N OXIRIA desarrolla conjuntamente con la Fundaci\u00f3n&hellip;<\/p>\n","protected":false},"author":2,"featured_media":929,"comment_status":"open","ping_status":"open","sticky":false,"template":"","format":"standard","meta":{"_monsterinsights_skip_tracking":false,"_monsterinsights_sitenote_active":false,"_monsterinsights_sitenote_note":"","_monsterinsights_sitenote_category":0,"footnotes":""},"categories":[4],"tags":[],"class_list":["post-922","post","type-post","status-publish","format-standard","has-post-thumbnail","hentry","category-diversidad-generacional"],"yoast_head":"<!-- This site is optimized with the Yoast SEO plugin v27.0 - https:\/\/yoast.com\/product\/yoast-seo-wordpress\/ -->\n<title>Visita a Fundaci\u00f3n Oxiria - Blog de Fundaci\u00f3n Triangle<\/title>\n<meta name=\"description\" content=\"Conocemos el proyecto formativo que la Fundaci\u00f3n Oxiria desarrolla conjuntamente con la Fundaci\u00f3n Universitaria San Pablo-CEU.\" \/>\n<meta name=\"robots\" content=\"index, follow, max-snippet:-1, max-image-preview:large, max-video-preview:-1\" \/>\n<link rel=\"canonical\" href=\"https:\/\/www.fundaciontriangle.org\/blog\/visita-a-fundacion-oxiria\/\" \/>\n<meta property=\"og:locale\" content=\"es_ES\" \/>\n<meta property=\"og:type\" content=\"article\" \/>\n<meta property=\"og:title\" content=\"Visita a Fundaci\u00f3n Oxiria - Blog de Fundaci\u00f3n Triangle\" \/>\n<meta property=\"og:description\" content=\"Conocemos el proyecto formativo que la Fundaci\u00f3n Oxiria desarrolla conjuntamente con la Fundaci\u00f3n Universitaria San Pablo-CEU.\" \/>\n<meta property=\"og:url\" content=\"https:\/\/www.fundaciontriangle.org\/blog\/visita-a-fundacion-oxiria\/\" \/>\n<meta property=\"og:site_name\" content=\"Blog de Fundaci\u00f3n Triangle\" \/>\n<meta property=\"article:published_time\" content=\"2021-04-08T11:43:43+00:00\" \/>\n<meta property=\"og:image\" content=\"https:\/\/www.fundaciontriangle.org\/blog\/wp-content\/uploads\/sites\/2\/2021\/04\/IMG-20210406-WA0002.jpg\" \/>\n\t<meta property=\"og:image:width\" content=\"1600\" \/>\n\t<meta property=\"og:image:height\" content=\"1200\" \/>\n\t<meta property=\"og:image:type\" content=\"image\/jpeg\" \/>\n<meta name=\"author\" content=\"Admin\" \/>\n<meta name=\"twitter:card\" content=\"summary_large_image\" \/>\n<meta name=\"twitter:label1\" content=\"Escrito por\" \/>\n\t<meta name=\"twitter:data1\" content=\"Admin\" \/>\n\t<meta name=\"twitter:label2\" content=\"Tiempo de lectura\" \/>\n\t<meta name=\"twitter:data2\" content=\"2 minutos\" \/>\n<script type=\"application\/ld+json\" class=\"yoast-schema-graph\">{\"@context\":\"https:\/\/schema.org\",\"@graph\":[{\"@type\":\"Article\",\"@id\":\"https:\/\/www.fundaciontriangle.org\/blog\/visita-a-fundacion-oxiria\/#article\",\"isPartOf\":{\"@id\":\"https:\/\/www.fundaciontriangle.org\/blog\/visita-a-fundacion-oxiria\/\"},\"author\":{\"name\":\"Admin\",\"@id\":\"https:\/\/www.fundaciontriangle.org\/blog\/#\/schema\/person\/c4acdb9bfe5998701e5195e93e3bf579\"},\"headline\":\"Visita a Fundaci\u00f3n Oxiria\",\"datePublished\":\"2021-04-08T11:43:43+00:00\",\"mainEntityOfPage\":{\"@id\":\"https:\/\/www.fundaciontriangle.org\/blog\/visita-a-fundacion-oxiria\/\"},\"wordCount\":231,\"commentCount\":0,\"image\":{\"@id\":\"https:\/\/www.fundaciontriangle.org\/blog\/visita-a-fundacion-oxiria\/#primaryimage\"},\"thumbnailUrl\":\"https:\/\/www.fundaciontriangle.org\/blog\/wp-content\/uploads\/sites\/2\/2021\/04\/IMG-20210406-WA0002.jpg\",\"articleSection\":[\"Fundaci\u00f3n Triangle\"],\"inLanguage\":\"es\",\"potentialAction\":[{\"@type\":\"CommentAction\",\"name\":\"Comment\",\"target\":[\"https:\/\/www.fundaciontriangle.org\/blog\/visita-a-fundacion-oxiria\/#respond\"]}]},{\"@type\":\"WebPage\",\"@id\":\"https:\/\/www.fundaciontriangle.org\/blog\/visita-a-fundacion-oxiria\/\",\"url\":\"https:\/\/www.fundaciontriangle.org\/blog\/visita-a-fundacion-oxiria\/\",\"name\":\"Visita a Fundaci\u00f3n Oxiria - Blog de Fundaci\u00f3n Triangle\",\"isPartOf\":{\"@id\":\"https:\/\/www.fundaciontriangle.org\/blog\/#website\"},\"primaryImageOfPage\":{\"@id\":\"https:\/\/www.fundaciontriangle.org\/blog\/visita-a-fundacion-oxiria\/#primaryimage\"},\"image\":{\"@id\":\"https:\/\/www.fundaciontriangle.org\/blog\/visita-a-fundacion-oxiria\/#primaryimage\"},\"thumbnailUrl\":\"https:\/\/www.fundaciontriangle.org\/blog\/wp-content\/uploads\/sites\/2\/2021\/04\/IMG-20210406-WA0002.jpg\",\"datePublished\":\"2021-04-08T11:43:43+00:00\",\"author\":{\"@id\":\"https:\/\/www.fundaciontriangle.org\/blog\/#\/schema\/person\/c4acdb9bfe5998701e5195e93e3bf579\"},\"description\":\"Conocemos el proyecto formativo que la Fundaci\u00f3n Oxiria desarrolla conjuntamente con la Fundaci\u00f3n Universitaria San Pablo-CEU.\",\"inLanguage\":\"es\",\"potentialAction\":[{\"@type\":\"ReadAction\",\"target\":[\"https:\/\/www.fundaciontriangle.org\/blog\/visita-a-fundacion-oxiria\/\"]}]},{\"@type\":\"ImageObject\",\"inLanguage\":\"es\",\"@id\":\"https:\/\/www.fundaciontriangle.org\/blog\/visita-a-fundacion-oxiria\/#primaryimage\",\"url\":\"https:\/\/www.fundaciontriangle.org\/blog\/wp-content\/uploads\/sites\/2\/2021\/04\/IMG-20210406-WA0002.jpg\",\"contentUrl\":\"https:\/\/www.fundaciontriangle.org\/blog\/wp-content\/uploads\/sites\/2\/2021\/04\/IMG-20210406-WA0002.jpg\",\"width\":1600,\"height\":1200,\"caption\":\"Visita Fundaci\u00f3n Oxiria\"},{\"@type\":\"WebSite\",\"@id\":\"https:\/\/www.fundaciontriangle.org\/blog\/#website\",\"url\":\"https:\/\/www.fundaciontriangle.org\/blog\/\",\"name\":\"Blog de Fundaci\u00f3n Triangle\",\"description\":\"Hablamos talento s\u00e9nior, diversidad, edadismo, igualdad de oportunidades, trabajo digno, alianzas, entornos de trabajo, recursos humanos. De la gesti\u00f3n de la diversidad, del talento y la experiencia de las personas, de lo que aportan a las empresas.\",\"potentialAction\":[{\"@type\":\"SearchAction\",\"target\":{\"@type\":\"EntryPoint\",\"urlTemplate\":\"https:\/\/www.fundaciontriangle.org\/blog\/?s={search_term_string}\"},\"query-input\":{\"@type\":\"PropertyValueSpecification\",\"valueRequired\":true,\"valueName\":\"search_term_string\"}}],\"inLanguage\":\"es\"},{\"@type\":\"Person\",\"@id\":\"https:\/\/www.fundaciontriangle.org\/blog\/#\/schema\/person\/c4acdb9bfe5998701e5195e93e3bf579\",\"name\":\"Admin\",\"image\":{\"@type\":\"ImageObject\",\"inLanguage\":\"es\",\"@id\":\"https:\/\/www.fundaciontriangle.org\/blog\/#\/schema\/person\/image\/\",\"url\":\"https:\/\/secure.gravatar.com\/avatar\/639dfb27e51a4baf887721ba49ad906aa378fe5130c9cfa9ca94c4bf967b0c66?s=96&d=mm&r=g\",\"contentUrl\":\"https:\/\/secure.gravatar.com\/avatar\/639dfb27e51a4baf887721ba49ad906aa378fe5130c9cfa9ca94c4bf967b0c66?s=96&d=mm&r=g\",\"caption\":\"Admin\"}}]}<\/script>\n<!-- \/ Yoast SEO plugin. -->","yoast_head_json":{"title":"Visita a Fundaci\u00f3n Oxiria - Blog de Fundaci\u00f3n Triangle","description":"Conocemos el proyecto formativo que la Fundaci\u00f3n Oxiria desarrolla conjuntamente con la Fundaci\u00f3n Universitaria San Pablo-CEU.","robots":{"index":"index","follow":"follow","max-snippet":"max-snippet:-1","max-image-preview":"max-image-preview:large","max-video-preview":"max-video-preview:-1"},"canonical":"https:\/\/www.fundaciontriangle.org\/blog\/visita-a-fundacion-oxiria\/","og_locale":"es_ES","og_type":"article","og_title":"Visita a Fundaci\u00f3n Oxiria - Blog de Fundaci\u00f3n Triangle","og_description":"Conocemos el proyecto formativo que la Fundaci\u00f3n Oxiria desarrolla conjuntamente con la Fundaci\u00f3n Universitaria San Pablo-CEU.","og_url":"https:\/\/www.fundaciontriangle.org\/blog\/visita-a-fundacion-oxiria\/","og_site_name":"Blog de Fundaci\u00f3n Triangle","article_published_time":"2021-04-08T11:43:43+00:00","og_image":[{"width":1600,"height":1200,"url":"https:\/\/www.fundaciontriangle.org\/blog\/wp-content\/uploads\/sites\/2\/2021\/04\/IMG-20210406-WA0002.jpg","type":"image\/jpeg"}],"author":"Admin","twitter_card":"summary_large_image","twitter_misc":{"Escrito por":"Admin","Tiempo de lectura":"2 minutos"},"schema":{"@context":"https:\/\/schema.org","@graph":[{"@type":"Article","@id":"https:\/\/www.fundaciontriangle.org\/blog\/visita-a-fundacion-oxiria\/#article","isPartOf":{"@id":"https:\/\/www.fundaciontriangle.org\/blog\/visita-a-fundacion-oxiria\/"},"author":{"name":"Admin","@id":"https:\/\/www.fundaciontriangle.org\/blog\/#\/schema\/person\/c4acdb9bfe5998701e5195e93e3bf579"},"headline":"Visita a Fundaci\u00f3n Oxiria","datePublished":"2021-04-08T11:43:43+00:00","mainEntityOfPage":{"@id":"https:\/\/www.fundaciontriangle.org\/blog\/visita-a-fundacion-oxiria\/"},"wordCount":231,"commentCount":0,"image":{"@id":"https:\/\/www.fundaciontriangle.org\/blog\/visita-a-fundacion-oxiria\/#primaryimage"},"thumbnailUrl":"https:\/\/www.fundaciontriangle.org\/blog\/wp-content\/uploads\/sites\/2\/2021\/04\/IMG-20210406-WA0002.jpg","articleSection":["Fundaci\u00f3n Triangle"],"inLanguage":"es","potentialAction":[{"@type":"CommentAction","name":"Comment","target":["https:\/\/www.fundaciontriangle.org\/blog\/visita-a-fundacion-oxiria\/#respond"]}]},{"@type":"WebPage","@id":"https:\/\/www.fundaciontriangle.org\/blog\/visita-a-fundacion-oxiria\/","url":"https:\/\/www.fundaciontriangle.org\/blog\/visita-a-fundacion-oxiria\/","name":"Visita a Fundaci\u00f3n Oxiria - Blog de Fundaci\u00f3n Triangle","isPartOf":{"@id":"https:\/\/www.fundaciontriangle.org\/blog\/#website"},"primaryImageOfPage":{"@id":"https:\/\/www.fundaciontriangle.org\/blog\/visita-a-fundacion-oxiria\/#primaryimage"},"image":{"@id":"https:\/\/www.fundaciontriangle.org\/blog\/visita-a-fundacion-oxiria\/#primaryimage"},"thumbnailUrl":"https:\/\/www.fundaciontriangle.org\/blog\/wp-content\/uploads\/sites\/2\/2021\/04\/IMG-20210406-WA0002.jpg","datePublished":"2021-04-08T11:43:43+00:00","author":{"@id":"https:\/\/www.fundaciontriangle.org\/blog\/#\/schema\/person\/c4acdb9bfe5998701e5195e93e3bf579"},"description":"Conocemos el proyecto formativo que la Fundaci\u00f3n Oxiria desarrolla conjuntamente con la Fundaci\u00f3n Universitaria San Pablo-CEU.","inLanguage":"es","potentialAction":[{"@type":"ReadAction","target":["https:\/\/www.fundaciontriangle.org\/blog\/visita-a-fundacion-oxiria\/"]}]},{"@type":"ImageObject","inLanguage":"es","@id":"https:\/\/www.fundaciontriangle.org\/blog\/visita-a-fundacion-oxiria\/#primaryimage","url":"https:\/\/www.fundaciontriangle.org\/blog\/wp-content\/uploads\/sites\/2\/2021\/04\/IMG-20210406-WA0002.jpg","contentUrl":"https:\/\/www.fundaciontriangle.org\/blog\/wp-content\/uploads\/sites\/2\/2021\/04\/IMG-20210406-WA0002.jpg","width":1600,"height":1200,"caption":"Visita Fundaci\u00f3n Oxiria"},{"@type":"WebSite","@id":"https:\/\/www.fundaciontriangle.org\/blog\/#website","url":"https:\/\/www.fundaciontriangle.org\/blog\/","name":"Blog de Fundaci\u00f3n Triangle","description":"Hablamos talento s\u00e9nior, diversidad, edadismo, igualdad de oportunidades, trabajo digno, alianzas, entornos de trabajo, recursos humanos. De la gesti\u00f3n de la diversidad, del talento y la experiencia de las personas, de lo que aportan a las empresas.","potentialAction":[{"@type":"SearchAction","target":{"@type":"EntryPoint","urlTemplate":"https:\/\/www.fundaciontriangle.org\/blog\/?s={search_term_string}"},"query-input":{"@type":"PropertyValueSpecification","valueRequired":true,"valueName":"search_term_string"}}],"inLanguage":"es"},{"@type":"Person","@id":"https:\/\/www.fundaciontriangle.org\/blog\/#\/schema\/person\/c4acdb9bfe5998701e5195e93e3bf579","name":"Admin","image":{"@type":"ImageObject","inLanguage":"es","@id":"https:\/\/www.fundaciontriangle.org\/blog\/#\/schema\/person\/image\/","url":"https:\/\/secure.gravatar.com\/avatar\/639dfb27e51a4baf887721ba49ad906aa378fe5130c9cfa9ca94c4bf967b0c66?s=96&d=mm&r=g","contentUrl":"https:\/\/secure.gravatar.com\/avatar\/639dfb27e51a4baf887721ba49ad906aa378fe5130c9cfa9ca94c4bf967b0c66?s=96&d=mm&r=g","caption":"Admin"}}]}},"_links":{"self":[{"href":"https:\/\/www.fundaciontriangle.org\/blog\/wp-json\/wp\/v2\/posts\/922","targetHints":{"allow":["GET"]}}],"collection":[{"href":"https:\/\/www.fundaciontriangle.org\/blog\/wp-json\/wp\/v2\/posts"}],"about":[{"href":"https:\/\/www.fundaciontriangle.org\/blog\/wp-json\/wp\/v2\/types\/post"}],"author":[{"embeddable":true,"href":"https:\/\/www.fundaciontriangle.org\/blog\/wp-json\/wp\/v2\/users\/2"}],"replies":[{"embeddable":true,"href":"https:\/\/www.fundaciontriangle.org\/blog\/wp-json\/wp\/v2\/comments?post=922"}],"version-history":[{"count":2,"href":"https:\/\/www.fundaciontriangle.org\/blog\/wp-json\/wp\/v2\/posts\/922\/revisions"}],"predecessor-version":[{"id":930,"href":"https:\/\/www.fundaciontriangle.org\/blog\/wp-json\/wp\/v2\/posts\/922\/revisions\/930"}],"wp:featuredmedia":[{"embeddable":true,"href":"https:\/\/www.fundaciontriangle.org\/blog\/wp-json\/wp\/v2\/media\/929"}],"wp:attachment":[{"href":"https:\/\/www.fundaciontriangle.org\/blog\/wp-json\/wp\/v2\/media?parent=922"}],"wp:term":[{"taxonomy":"category","embeddable":true,"href":"https:\/\/www.fundaciontriangle.org\/blog\/wp-json\/wp\/v2\/categories?post=922"},{"taxonomy":"post_tag","embeddable":true,"href":"https:\/\/www.fundaciontriangle.org\/blog\/wp-json\/wp\/v2\/tags?post=922"}],"curies":[{"name":"wp","href":"https:\/\/api.w.org\/{rel}","templated":true}]}}