{"id":904,"date":"2021-02-17T09:48:04","date_gmt":"2021-02-17T08:48:04","guid":{"rendered":"http:\/\/www.fundaciontriangle.org\/blog\/?p=904"},"modified":"2021-02-17T09:48:14","modified_gmt":"2021-02-17T08:48:14","slug":"las-unicas-diferentes-somos-todos","status":"publish","type":"post","link":"https:\/\/www.fundaciontriangle.org\/blog\/las-unicas-diferentes-somos-todos\/","title":{"rendered":"Las \u00fanicas diferentes somos todos"},"content":{"rendered":"<p><big>Testimonio real de Jes\u00fas Noriega T\u00e9cnico de Selecci\u00f3n del Centro Especial de Empleo de Triangle.<\/big><\/p>\n<p><em>En estos tres a\u00f1os y algunos meses ya que llevo trabajando con personas con discapacidad me he visto en la situaci\u00f3n de tener que contestar a la pregunta de c\u00f3mo es trabajar dentro de la selecci\u00f3n con personas con discapacidad, y en lo primero que me paro a pensar es, en qui\u00e9n lo pregunta y por qu\u00e9 lo pregunta. Es como si fuera una situaci\u00f3n especial en s\u00ed misma trabajar con este colectivo. Y la verdad, es que trabajar con cualquier persona en general en el \u00e1mbito laboral siempre es especial, ya sea una persona con discapacidad o no, ya que cada uno de nosotros\/as tenemos nuestras cualidades, nuestros puntos fuertes y puntos d\u00e9biles. Trabajos que se nos dan especialmente bien por nuestras capacidades y trabajos los cuales no somos capaces de hacer en condiciones, ya sea por formaci\u00f3n o por aptitudes. Pues si nos queremos centrar en este colectivo de personas, la \u00fanica diferencia por llamarlo de alguna forma es que sus puntos d\u00e9biles pueden ser m\u00e1s visibles para los dem\u00e1s.<\/em><\/p>\n<p><em>La aventura de poder encontrar el puesto adecuado para cada candidato\/a en funci\u00f3n de sus aptitudes y capacidades es algo que las personas que trabajamos en Centros Especiales de Empleo tenemos el placer de vivir d\u00eda a d\u00eda. Hay dos palabras que me encantan en estos casos y es \u201csuperaci\u00f3n\u201d y \u201cmotivaci\u00f3n\u201d, estas dos palabras son clave para todos los candidatos de cualquier proceso de selecci\u00f3n de cualquier empresa. Cuando un candidato quiere realmente trabajar, da igual su condici\u00f3n f\u00edsica, ps\u00edquica o sensorial, aqu\u00ed lo determinante son sus ganas y sobre todo, su actitud. A nivel personal, los testimonios vitales de cada uno de los candidatos\/as y ese trabajo de afinar la b\u00fasqueda de trabajo m\u00e1s acorde a cada uno de ellos a los que entrevisto diariamente es lo m\u00e1s gratificante que me llevo a casa.<\/em><\/p>\n<p><em>He visto como personas que hab\u00edan perdido totalmente la fe en s\u00ed mismas a nivel laboral, tras recibir la noticia de hab\u00e9rseles reconocido una incapacidad para su profesi\u00f3n habitual en el oficio que hab\u00edan estado desarrollando toda su vida, vuelven a recuperar la ilusi\u00f3n y las ganas que ten\u00edan en puestos de trabajo que no tienen nada que ver con lo que hac\u00edan gracias a potenciar e incentivar intereses y cualidades dormidas en cada uno de ellos\/as.<\/em><\/p>\n<p><em>En definitiva, y por m\u00e1s que me sigan preguntando qu\u00e9 significa para mi trabajar con y para personas con discapacidad seguir\u00e9 respondiendo lo mismo,\u00a0que son personas tan distintas y especiales como t\u00fa y como yo.<\/em><\/p>\n","protected":false},"excerpt":{"rendered":"<p>Testimonio real de Jes\u00fas Noriega T\u00e9cnico de Selecci\u00f3n del Centro Especial de Empleo de Triangle. En estos tres a\u00f1os&hellip;<\/p>\n","protected":false},"author":2,"featured_media":905,"comment_status":"open","ping_status":"open","sticky":false,"template":"","format":"standard","meta":{"_monsterinsights_skip_tracking":false,"_monsterinsights_sitenote_active":false,"_monsterinsights_sitenote_note":"","_monsterinsights_sitenote_category":0,"footnotes":""},"categories":[4],"tags":[],"class_list":["post-904","post","type-post","status-publish","format-standard","has-post-thumbnail","hentry","category-diversidad-generacional"],"yoast_head":"<!-- This site is optimized with the Yoast SEO plugin v27.0 - https:\/\/yoast.com\/product\/yoast-seo-wordpress\/ -->\n<title>Las \u00fanicas diferentes somos todos - Blog de Fundaci\u00f3n Triangle<\/title>\n<meta name=\"description\" content=\"Testimonio real de Jes\u00fas Noriega T\u00e9cnico de Selecci\u00f3n del Centro Especial de Empleo de Triangle.\" \/>\n<meta name=\"robots\" content=\"index, follow, max-snippet:-1, max-image-preview:large, max-video-preview:-1\" \/>\n<link rel=\"canonical\" href=\"https:\/\/www.fundaciontriangle.org\/blog\/las-unicas-diferentes-somos-todos\/\" \/>\n<meta property=\"og:locale\" content=\"es_ES\" \/>\n<meta property=\"og:type\" content=\"article\" \/>\n<meta property=\"og:title\" content=\"Las \u00fanicas diferentes somos todos - Blog de Fundaci\u00f3n Triangle\" \/>\n<meta property=\"og:description\" content=\"Testimonio real de Jes\u00fas Noriega T\u00e9cnico de Selecci\u00f3n del Centro Especial de Empleo de Triangle.\" \/>\n<meta property=\"og:url\" content=\"https:\/\/www.fundaciontriangle.org\/blog\/las-unicas-diferentes-somos-todos\/\" \/>\n<meta property=\"og:site_name\" content=\"Blog de Fundaci\u00f3n Triangle\" \/>\n<meta property=\"article:published_time\" content=\"2021-02-17T08:48:04+00:00\" \/>\n<meta property=\"article:modified_time\" content=\"2021-02-17T08:48:14+00:00\" \/>\n<meta property=\"og:image\" content=\"https:\/\/www.fundaciontriangle.org\/blog\/wp-content\/uploads\/sites\/2\/2021\/02\/testimonio_jesus_noriega.jpg\" \/>\n\t<meta property=\"og:image:width\" content=\"1920\" \/>\n\t<meta property=\"og:image:height\" content=\"1080\" \/>\n\t<meta property=\"og:image:type\" content=\"image\/jpeg\" \/>\n<meta name=\"author\" content=\"Admin\" \/>\n<meta name=\"twitter:card\" content=\"summary_large_image\" \/>\n<meta name=\"twitter:label1\" content=\"Escrito por\" \/>\n\t<meta name=\"twitter:data1\" content=\"Admin\" \/>\n\t<meta name=\"twitter:label2\" content=\"Tiempo de lectura\" \/>\n\t<meta name=\"twitter:data2\" content=\"2 minutos\" \/>\n<script type=\"application\/ld+json\" class=\"yoast-schema-graph\">{\"@context\":\"https:\/\/schema.org\",\"@graph\":[{\"@type\":\"Article\",\"@id\":\"https:\/\/www.fundaciontriangle.org\/blog\/las-unicas-diferentes-somos-todos\/#article\",\"isPartOf\":{\"@id\":\"https:\/\/www.fundaciontriangle.org\/blog\/las-unicas-diferentes-somos-todos\/\"},\"author\":{\"name\":\"Admin\",\"@id\":\"https:\/\/www.fundaciontriangle.org\/blog\/#\/schema\/person\/c4acdb9bfe5998701e5195e93e3bf579\"},\"headline\":\"Las \u00fanicas diferentes somos todos\",\"datePublished\":\"2021-02-17T08:48:04+00:00\",\"dateModified\":\"2021-02-17T08:48:14+00:00\",\"mainEntityOfPage\":{\"@id\":\"https:\/\/www.fundaciontriangle.org\/blog\/las-unicas-diferentes-somos-todos\/\"},\"wordCount\":479,\"commentCount\":0,\"image\":{\"@id\":\"https:\/\/www.fundaciontriangle.org\/blog\/las-unicas-diferentes-somos-todos\/#primaryimage\"},\"thumbnailUrl\":\"https:\/\/www.fundaciontriangle.org\/blog\/wp-content\/uploads\/sites\/2\/2021\/02\/testimonio_jesus_noriega.jpg\",\"articleSection\":[\"Fundaci\u00f3n Triangle\"],\"inLanguage\":\"es\",\"potentialAction\":[{\"@type\":\"CommentAction\",\"name\":\"Comment\",\"target\":[\"https:\/\/www.fundaciontriangle.org\/blog\/las-unicas-diferentes-somos-todos\/#respond\"]}]},{\"@type\":\"WebPage\",\"@id\":\"https:\/\/www.fundaciontriangle.org\/blog\/las-unicas-diferentes-somos-todos\/\",\"url\":\"https:\/\/www.fundaciontriangle.org\/blog\/las-unicas-diferentes-somos-todos\/\",\"name\":\"Las \u00fanicas diferentes somos todos - Blog de Fundaci\u00f3n Triangle\",\"isPartOf\":{\"@id\":\"https:\/\/www.fundaciontriangle.org\/blog\/#website\"},\"primaryImageOfPage\":{\"@id\":\"https:\/\/www.fundaciontriangle.org\/blog\/las-unicas-diferentes-somos-todos\/#primaryimage\"},\"image\":{\"@id\":\"https:\/\/www.fundaciontriangle.org\/blog\/las-unicas-diferentes-somos-todos\/#primaryimage\"},\"thumbnailUrl\":\"https:\/\/www.fundaciontriangle.org\/blog\/wp-content\/uploads\/sites\/2\/2021\/02\/testimonio_jesus_noriega.jpg\",\"datePublished\":\"2021-02-17T08:48:04+00:00\",\"dateModified\":\"2021-02-17T08:48:14+00:00\",\"author\":{\"@id\":\"https:\/\/www.fundaciontriangle.org\/blog\/#\/schema\/person\/c4acdb9bfe5998701e5195e93e3bf579\"},\"description\":\"Testimonio real de Jes\u00fas Noriega T\u00e9cnico de Selecci\u00f3n del Centro Especial de Empleo de Triangle.\",\"inLanguage\":\"es\",\"potentialAction\":[{\"@type\":\"ReadAction\",\"target\":[\"https:\/\/www.fundaciontriangle.org\/blog\/las-unicas-diferentes-somos-todos\/\"]}]},{\"@type\":\"ImageObject\",\"inLanguage\":\"es\",\"@id\":\"https:\/\/www.fundaciontriangle.org\/blog\/las-unicas-diferentes-somos-todos\/#primaryimage\",\"url\":\"https:\/\/www.fundaciontriangle.org\/blog\/wp-content\/uploads\/sites\/2\/2021\/02\/testimonio_jesus_noriega.jpg\",\"contentUrl\":\"https:\/\/www.fundaciontriangle.org\/blog\/wp-content\/uploads\/sites\/2\/2021\/02\/testimonio_jesus_noriega.jpg\",\"width\":1920,\"height\":1080,\"caption\":\"Testimonio Jes\u00fas Noriega | Triangle Fundaci\u00f3n\"},{\"@type\":\"WebSite\",\"@id\":\"https:\/\/www.fundaciontriangle.org\/blog\/#website\",\"url\":\"https:\/\/www.fundaciontriangle.org\/blog\/\",\"name\":\"Blog de Fundaci\u00f3n Triangle\",\"description\":\"Hablamos talento s\u00e9nior, diversidad, edadismo, igualdad de oportunidades, trabajo digno, alianzas, entornos de trabajo, recursos humanos. De la gesti\u00f3n de la diversidad, del talento y la experiencia de las personas, de lo que aportan a las empresas.\",\"potentialAction\":[{\"@type\":\"SearchAction\",\"target\":{\"@type\":\"EntryPoint\",\"urlTemplate\":\"https:\/\/www.fundaciontriangle.org\/blog\/?s={search_term_string}\"},\"query-input\":{\"@type\":\"PropertyValueSpecification\",\"valueRequired\":true,\"valueName\":\"search_term_string\"}}],\"inLanguage\":\"es\"},{\"@type\":\"Person\",\"@id\":\"https:\/\/www.fundaciontriangle.org\/blog\/#\/schema\/person\/c4acdb9bfe5998701e5195e93e3bf579\",\"name\":\"Admin\",\"image\":{\"@type\":\"ImageObject\",\"inLanguage\":\"es\",\"@id\":\"https:\/\/www.fundaciontriangle.org\/blog\/#\/schema\/person\/image\/\",\"url\":\"https:\/\/secure.gravatar.com\/avatar\/639dfb27e51a4baf887721ba49ad906aa378fe5130c9cfa9ca94c4bf967b0c66?s=96&d=mm&r=g\",\"contentUrl\":\"https:\/\/secure.gravatar.com\/avatar\/639dfb27e51a4baf887721ba49ad906aa378fe5130c9cfa9ca94c4bf967b0c66?s=96&d=mm&r=g\",\"caption\":\"Admin\"}}]}<\/script>\n<!-- \/ Yoast SEO plugin. -->","yoast_head_json":{"title":"Las \u00fanicas diferentes somos todos - Blog de Fundaci\u00f3n Triangle","description":"Testimonio real de Jes\u00fas Noriega T\u00e9cnico de Selecci\u00f3n del Centro Especial de Empleo de Triangle.","robots":{"index":"index","follow":"follow","max-snippet":"max-snippet:-1","max-image-preview":"max-image-preview:large","max-video-preview":"max-video-preview:-1"},"canonical":"https:\/\/www.fundaciontriangle.org\/blog\/las-unicas-diferentes-somos-todos\/","og_locale":"es_ES","og_type":"article","og_title":"Las \u00fanicas diferentes somos todos - Blog de Fundaci\u00f3n Triangle","og_description":"Testimonio real de Jes\u00fas Noriega T\u00e9cnico de Selecci\u00f3n del Centro Especial de Empleo de Triangle.","og_url":"https:\/\/www.fundaciontriangle.org\/blog\/las-unicas-diferentes-somos-todos\/","og_site_name":"Blog de Fundaci\u00f3n Triangle","article_published_time":"2021-02-17T08:48:04+00:00","article_modified_time":"2021-02-17T08:48:14+00:00","og_image":[{"width":1920,"height":1080,"url":"https:\/\/www.fundaciontriangle.org\/blog\/wp-content\/uploads\/sites\/2\/2021\/02\/testimonio_jesus_noriega.jpg","type":"image\/jpeg"}],"author":"Admin","twitter_card":"summary_large_image","twitter_misc":{"Escrito por":"Admin","Tiempo de lectura":"2 minutos"},"schema":{"@context":"https:\/\/schema.org","@graph":[{"@type":"Article","@id":"https:\/\/www.fundaciontriangle.org\/blog\/las-unicas-diferentes-somos-todos\/#article","isPartOf":{"@id":"https:\/\/www.fundaciontriangle.org\/blog\/las-unicas-diferentes-somos-todos\/"},"author":{"name":"Admin","@id":"https:\/\/www.fundaciontriangle.org\/blog\/#\/schema\/person\/c4acdb9bfe5998701e5195e93e3bf579"},"headline":"Las \u00fanicas diferentes somos todos","datePublished":"2021-02-17T08:48:04+00:00","dateModified":"2021-02-17T08:48:14+00:00","mainEntityOfPage":{"@id":"https:\/\/www.fundaciontriangle.org\/blog\/las-unicas-diferentes-somos-todos\/"},"wordCount":479,"commentCount":0,"image":{"@id":"https:\/\/www.fundaciontriangle.org\/blog\/las-unicas-diferentes-somos-todos\/#primaryimage"},"thumbnailUrl":"https:\/\/www.fundaciontriangle.org\/blog\/wp-content\/uploads\/sites\/2\/2021\/02\/testimonio_jesus_noriega.jpg","articleSection":["Fundaci\u00f3n Triangle"],"inLanguage":"es","potentialAction":[{"@type":"CommentAction","name":"Comment","target":["https:\/\/www.fundaciontriangle.org\/blog\/las-unicas-diferentes-somos-todos\/#respond"]}]},{"@type":"WebPage","@id":"https:\/\/www.fundaciontriangle.org\/blog\/las-unicas-diferentes-somos-todos\/","url":"https:\/\/www.fundaciontriangle.org\/blog\/las-unicas-diferentes-somos-todos\/","name":"Las \u00fanicas diferentes somos todos - Blog de Fundaci\u00f3n Triangle","isPartOf":{"@id":"https:\/\/www.fundaciontriangle.org\/blog\/#website"},"primaryImageOfPage":{"@id":"https:\/\/www.fundaciontriangle.org\/blog\/las-unicas-diferentes-somos-todos\/#primaryimage"},"image":{"@id":"https:\/\/www.fundaciontriangle.org\/blog\/las-unicas-diferentes-somos-todos\/#primaryimage"},"thumbnailUrl":"https:\/\/www.fundaciontriangle.org\/blog\/wp-content\/uploads\/sites\/2\/2021\/02\/testimonio_jesus_noriega.jpg","datePublished":"2021-02-17T08:48:04+00:00","dateModified":"2021-02-17T08:48:14+00:00","author":{"@id":"https:\/\/www.fundaciontriangle.org\/blog\/#\/schema\/person\/c4acdb9bfe5998701e5195e93e3bf579"},"description":"Testimonio real de Jes\u00fas Noriega T\u00e9cnico de Selecci\u00f3n del Centro Especial de Empleo de Triangle.","inLanguage":"es","potentialAction":[{"@type":"ReadAction","target":["https:\/\/www.fundaciontriangle.org\/blog\/las-unicas-diferentes-somos-todos\/"]}]},{"@type":"ImageObject","inLanguage":"es","@id":"https:\/\/www.fundaciontriangle.org\/blog\/las-unicas-diferentes-somos-todos\/#primaryimage","url":"https:\/\/www.fundaciontriangle.org\/blog\/wp-content\/uploads\/sites\/2\/2021\/02\/testimonio_jesus_noriega.jpg","contentUrl":"https:\/\/www.fundaciontriangle.org\/blog\/wp-content\/uploads\/sites\/2\/2021\/02\/testimonio_jesus_noriega.jpg","width":1920,"height":1080,"caption":"Testimonio Jes\u00fas Noriega | Triangle Fundaci\u00f3n"},{"@type":"WebSite","@id":"https:\/\/www.fundaciontriangle.org\/blog\/#website","url":"https:\/\/www.fundaciontriangle.org\/blog\/","name":"Blog de Fundaci\u00f3n Triangle","description":"Hablamos talento s\u00e9nior, diversidad, edadismo, igualdad de oportunidades, trabajo digno, alianzas, entornos de trabajo, recursos humanos. De la gesti\u00f3n de la diversidad, del talento y la experiencia de las personas, de lo que aportan a las empresas.","potentialAction":[{"@type":"SearchAction","target":{"@type":"EntryPoint","urlTemplate":"https:\/\/www.fundaciontriangle.org\/blog\/?s={search_term_string}"},"query-input":{"@type":"PropertyValueSpecification","valueRequired":true,"valueName":"search_term_string"}}],"inLanguage":"es"},{"@type":"Person","@id":"https:\/\/www.fundaciontriangle.org\/blog\/#\/schema\/person\/c4acdb9bfe5998701e5195e93e3bf579","name":"Admin","image":{"@type":"ImageObject","inLanguage":"es","@id":"https:\/\/www.fundaciontriangle.org\/blog\/#\/schema\/person\/image\/","url":"https:\/\/secure.gravatar.com\/avatar\/639dfb27e51a4baf887721ba49ad906aa378fe5130c9cfa9ca94c4bf967b0c66?s=96&d=mm&r=g","contentUrl":"https:\/\/secure.gravatar.com\/avatar\/639dfb27e51a4baf887721ba49ad906aa378fe5130c9cfa9ca94c4bf967b0c66?s=96&d=mm&r=g","caption":"Admin"}}]}},"_links":{"self":[{"href":"https:\/\/www.fundaciontriangle.org\/blog\/wp-json\/wp\/v2\/posts\/904","targetHints":{"allow":["GET"]}}],"collection":[{"href":"https:\/\/www.fundaciontriangle.org\/blog\/wp-json\/wp\/v2\/posts"}],"about":[{"href":"https:\/\/www.fundaciontriangle.org\/blog\/wp-json\/wp\/v2\/types\/post"}],"author":[{"embeddable":true,"href":"https:\/\/www.fundaciontriangle.org\/blog\/wp-json\/wp\/v2\/users\/2"}],"replies":[{"embeddable":true,"href":"https:\/\/www.fundaciontriangle.org\/blog\/wp-json\/wp\/v2\/comments?post=904"}],"version-history":[{"count":1,"href":"https:\/\/www.fundaciontriangle.org\/blog\/wp-json\/wp\/v2\/posts\/904\/revisions"}],"predecessor-version":[{"id":907,"href":"https:\/\/www.fundaciontriangle.org\/blog\/wp-json\/wp\/v2\/posts\/904\/revisions\/907"}],"wp:featuredmedia":[{"embeddable":true,"href":"https:\/\/www.fundaciontriangle.org\/blog\/wp-json\/wp\/v2\/media\/905"}],"wp:attachment":[{"href":"https:\/\/www.fundaciontriangle.org\/blog\/wp-json\/wp\/v2\/media?parent=904"}],"wp:term":[{"taxonomy":"category","embeddable":true,"href":"https:\/\/www.fundaciontriangle.org\/blog\/wp-json\/wp\/v2\/categories?post=904"},{"taxonomy":"post_tag","embeddable":true,"href":"https:\/\/www.fundaciontriangle.org\/blog\/wp-json\/wp\/v2\/tags?post=904"}],"curies":[{"name":"wp","href":"https:\/\/api.w.org\/{rel}","templated":true}]}}