{"id":899,"date":"2021-02-08T14:32:34","date_gmt":"2021-02-08T13:32:34","guid":{"rendered":"http:\/\/www.fundaciontriangle.org\/blog\/?p=899"},"modified":"2021-02-08T14:32:34","modified_gmt":"2021-02-08T13:32:34","slug":"entrevista-a-jose-luis-y-carlos","status":"publish","type":"post","link":"https:\/\/www.fundaciontriangle.org\/blog\/entrevista-a-jose-luis-y-carlos\/","title":{"rendered":"Entrevista a Jos\u00e9 Luis y Carlos"},"content":{"rendered":"<p>Como ya hemos conocido en las publicaciones del mes de enero, las personas con discapacidad encuentran numerosos obst\u00e1culos para acceder a un empleo. Dentro de este colectivo, las personas con enfermedad mental sufren unas tasas de desempleo superiores al resto de personas con discapacidad.<\/p>\n<p>Aprovechando la oportunidad que nos brinda AMAFE, entrevistamos a dos personas que participan en sus talleres de inserci\u00f3n laboral, para poder darles voz y que nos cuenten de primera mano sus experiencias en el mundo del trabajo.<\/p>\n<p>De esta manera queremos poner nuestro granito de arena en la lucha contra el estigma que sufren las personas con enfermedad mental.<\/p>\n<p>Queremos agradecer a Jose Luis y a Carlos que hayan participado en esta entrevista y que nos hayan brindado la oportunidad de conocer la realidad que se encuentran a la hora de acceder a un empleo.<\/p>\n<p><strong>Pregunta. Vamos con la primera pregunta, \u00bfqu\u00e9 supone para vosotros un trabajo?<\/strong><\/p>\n<p><em>Jos\u00e9 Luis<\/em>: Un trabajo para m\u00ed es sentirme \u00fatil, estar ocupado y poder controlarme a m\u00ed mismo. Tambi\u00e9n es valiosa la rutina, sentirse liberado y poder disfrutar del momento del trabajo. Todo esto se suma a la importancia del reconocimiento social y econ\u00f3mico. Recientemente he empezado a trabajar de conserje en una finca.<\/p>\n<p><em>Carlos<\/em>: Mucho esfuerzo y trabajo. Sobre todo, en muchos de los trabajos que he estado como por ejemplo en las universidades, en la Mutua Madrile\u00f1a, luego en el M\u00e1ster en finanzas y contabilidad\u2026 que por cierto me trataron muy bien en cada uno de ellos. Mi \u00faltima experiencia fue en la Fundaci\u00f3n a la Par. Actualmente me encuentro en b\u00fasqueda de empleo.<\/p>\n<p><strong>P. \u00a1Enhorabuena por el empleo!, ya que has estado buscando empleo recientemente y Carlos est\u00e1 en b\u00fasqueda activa, \u00bfcu\u00e1les son los principales obst\u00e1culos que os hab\u00e9is encontrado cuando hab\u00e9is estado buscando empleo?<\/strong><\/p>\n<p><em>J.L<\/em>: Pues en mi caso no solamente la discapacidad sino tambi\u00e9n el tipo de discapacidad. Tengo que \u201ccamuflar\u201d la discapacidad, sobretodo cu\u00e1ndo me preguntan que qu\u00e9 es lo que me pasa.<\/p>\n<p><em>C<\/em>: Despu\u00e9s de mi enfermedad, la vida me ha cambiado totalmente. Los trabajos son m\u00e1s precarios, temporales. Hay muchas dificultades, y ahora con la pandemia, m\u00e1s todav\u00eda. Es m\u00e1s dif\u00edcil tener un contrato indefinido.<\/p>\n<p>Adem\u00e1s, los discapacitados tambi\u00e9n podemos tener trabajos con m\u00e1s estudios, con una formaci\u00f3n elevada. Recuerdo en una entrevista, en la cual el entrevistador me dijo que ten\u00eda un CV incluso mejor que \u00e9l.<\/p>\n<p><strong>P. Y, \u00bfc\u00f3mo te os sent\u00eds cuando en una entrevista de trabajo os han preguntado por vuestra discapacidad?<\/strong><\/p>\n<p><em>J.L.<\/em>: Me siento que se meten en algo que no les importa. Genera desconfianza.<\/p>\n<p><em>C<\/em>: Soy sincero, no me gusta mentir. Incluso prefiero que la empresa lo sepa.<\/p>\n<p><strong>P. Cuando has entrado en un equipo \u00bfhas contado que tienes discapacidad al resto de compa\u00f1eros\/as? Y si es que s\u00ed \u00bfc\u00f3mo han reaccionado?<\/strong><\/p>\n<p><em>J.L<\/em>: No cuento nada sobre mi discapacidad.<\/p>\n<p><em>C<\/em>: No lo oculto, no tengo problema<strong>. <\/strong>La gente siempre ha sido muy amable.<\/p>\n<p><strong>P. \u00bfCu\u00e1les son vuestras aspiraciones profesionales? \u00bfC\u00f3mo os veis en el futuro?<\/strong><\/p>\n<p><em>J.L.<\/em>: Todo lo relacionado con la inform\u00e1tica es lo que m\u00e1s me gusta. Actualmente estoy aprendiendo todo lo relacionado con mi trabajo actual, conserje, y todas sus tareas relacionadas, sobre la gesti\u00f3n del tiempo, etc.<\/p>\n<p><em>C<\/em>: Me gustar\u00eda tener un puesto de contable, administrativo. Busco comodidad, un buen jefe, tolerante, buen ambiente, compa\u00f1erismo\u2026<\/p>\n<p><strong>P. Y para finalizar la entrevista, \u00bfqu\u00e9 crees que pueden hacer las empresas para integrar a las personas con discapacidad en sus equipos de trabajo?<\/strong><\/p>\n<p><em>J.L.<\/em>:Tratar de ayudarlos, tratarlos como personas con muchas habilidades. Si tienes un 40% de discapacidad, significa que tienes un 60% de capacidad.<\/p>\n<p><em>C<\/em>: Formaci\u00f3n para el puesto y formaci\u00f3n continua, tengas o no discapacidad. Es lo que garantiza un buen trabajo y la progresi\u00f3n profesional.<\/p>\n<p>Las personas con discapacidad somos igual de v\u00e1lidos, necesitamos oportunidades en el \u00e1mbito laboral. Tambi\u00e9n ser\u00eda importante apoyo por parte de los jefes y compa\u00f1eros, acompa\u00f1amiento\u2026 El estr\u00e9s y el mal trato no llevan a nada. Si la persona falla, hay que ayudarle.<\/p>\n","protected":false},"excerpt":{"rendered":"<p>Como ya hemos conocido en las publicaciones del mes de enero, las personas con discapacidad encuentran numerosos obst\u00e1culos para&hellip;<\/p>\n","protected":false},"author":2,"featured_media":900,"comment_status":"open","ping_status":"open","sticky":false,"template":"","format":"standard","meta":{"_monsterinsights_skip_tracking":false,"_monsterinsights_sitenote_active":false,"_monsterinsights_sitenote_note":"","_monsterinsights_sitenote_category":0,"footnotes":""},"categories":[4],"tags":[],"class_list":["post-899","post","type-post","status-publish","format-standard","has-post-thumbnail","hentry","category-diversidad-generacional"],"yoast_head":"<!-- This site is optimized with the Yoast SEO plugin v27.0 - https:\/\/yoast.com\/product\/yoast-seo-wordpress\/ -->\n<title>Entrevista a Jos\u00e9 Luis y Carlos - Blog de Fundaci\u00f3n Triangle<\/title>\n<meta name=\"description\" content=\"Las personas con enfermedad mental sufren unas tasas de desempleo superiores al resto de personas con discapacidad.\" \/>\n<meta name=\"robots\" content=\"index, follow, max-snippet:-1, max-image-preview:large, max-video-preview:-1\" \/>\n<link rel=\"canonical\" href=\"https:\/\/www.fundaciontriangle.org\/blog\/entrevista-a-jose-luis-y-carlos\/\" \/>\n<meta property=\"og:locale\" content=\"es_ES\" \/>\n<meta property=\"og:type\" content=\"article\" \/>\n<meta property=\"og:title\" content=\"Entrevista a Jos\u00e9 Luis y Carlos - Blog de Fundaci\u00f3n Triangle\" \/>\n<meta property=\"og:description\" content=\"Las personas con enfermedad mental sufren unas tasas de desempleo superiores al resto de personas con discapacidad.\" \/>\n<meta property=\"og:url\" content=\"https:\/\/www.fundaciontriangle.org\/blog\/entrevista-a-jose-luis-y-carlos\/\" \/>\n<meta property=\"og:site_name\" content=\"Blog de Fundaci\u00f3n Triangle\" \/>\n<meta property=\"article:published_time\" content=\"2021-02-08T13:32:34+00:00\" \/>\n<meta property=\"og:image\" content=\"https:\/\/www.fundaciontriangle.org\/blog\/wp-content\/uploads\/sites\/2\/2021\/02\/entrevista_a_jose_luis_y_carlos.jpg\" \/>\n\t<meta property=\"og:image:width\" content=\"1920\" \/>\n\t<meta property=\"og:image:height\" content=\"1080\" \/>\n\t<meta property=\"og:image:type\" content=\"image\/jpeg\" \/>\n<meta name=\"author\" content=\"Admin\" \/>\n<meta name=\"twitter:card\" content=\"summary_large_image\" \/>\n<meta name=\"twitter:label1\" content=\"Escrito por\" \/>\n\t<meta name=\"twitter:data1\" content=\"Admin\" \/>\n\t<meta name=\"twitter:label2\" content=\"Tiempo de lectura\" \/>\n\t<meta name=\"twitter:data2\" content=\"3 minutos\" \/>\n<script type=\"application\/ld+json\" class=\"yoast-schema-graph\">{\"@context\":\"https:\/\/schema.org\",\"@graph\":[{\"@type\":\"Article\",\"@id\":\"https:\/\/www.fundaciontriangle.org\/blog\/entrevista-a-jose-luis-y-carlos\/#article\",\"isPartOf\":{\"@id\":\"https:\/\/www.fundaciontriangle.org\/blog\/entrevista-a-jose-luis-y-carlos\/\"},\"author\":{\"name\":\"Admin\",\"@id\":\"https:\/\/www.fundaciontriangle.org\/blog\/#\/schema\/person\/c4acdb9bfe5998701e5195e93e3bf579\"},\"headline\":\"Entrevista a Jos\u00e9 Luis y Carlos\",\"datePublished\":\"2021-02-08T13:32:34+00:00\",\"mainEntityOfPage\":{\"@id\":\"https:\/\/www.fundaciontriangle.org\/blog\/entrevista-a-jose-luis-y-carlos\/\"},\"wordCount\":722,\"commentCount\":0,\"image\":{\"@id\":\"https:\/\/www.fundaciontriangle.org\/blog\/entrevista-a-jose-luis-y-carlos\/#primaryimage\"},\"thumbnailUrl\":\"https:\/\/www.fundaciontriangle.org\/blog\/wp-content\/uploads\/sites\/2\/2021\/02\/entrevista_a_jose_luis_y_carlos.jpg\",\"articleSection\":[\"Fundaci\u00f3n Triangle\"],\"inLanguage\":\"es\",\"potentialAction\":[{\"@type\":\"CommentAction\",\"name\":\"Comment\",\"target\":[\"https:\/\/www.fundaciontriangle.org\/blog\/entrevista-a-jose-luis-y-carlos\/#respond\"]}]},{\"@type\":\"WebPage\",\"@id\":\"https:\/\/www.fundaciontriangle.org\/blog\/entrevista-a-jose-luis-y-carlos\/\",\"url\":\"https:\/\/www.fundaciontriangle.org\/blog\/entrevista-a-jose-luis-y-carlos\/\",\"name\":\"Entrevista a Jos\u00e9 Luis y Carlos - Blog de Fundaci\u00f3n Triangle\",\"isPartOf\":{\"@id\":\"https:\/\/www.fundaciontriangle.org\/blog\/#website\"},\"primaryImageOfPage\":{\"@id\":\"https:\/\/www.fundaciontriangle.org\/blog\/entrevista-a-jose-luis-y-carlos\/#primaryimage\"},\"image\":{\"@id\":\"https:\/\/www.fundaciontriangle.org\/blog\/entrevista-a-jose-luis-y-carlos\/#primaryimage\"},\"thumbnailUrl\":\"https:\/\/www.fundaciontriangle.org\/blog\/wp-content\/uploads\/sites\/2\/2021\/02\/entrevista_a_jose_luis_y_carlos.jpg\",\"datePublished\":\"2021-02-08T13:32:34+00:00\",\"author\":{\"@id\":\"https:\/\/www.fundaciontriangle.org\/blog\/#\/schema\/person\/c4acdb9bfe5998701e5195e93e3bf579\"},\"description\":\"Las personas con enfermedad mental sufren unas tasas de desempleo superiores al resto de personas con discapacidad.\",\"inLanguage\":\"es\",\"potentialAction\":[{\"@type\":\"ReadAction\",\"target\":[\"https:\/\/www.fundaciontriangle.org\/blog\/entrevista-a-jose-luis-y-carlos\/\"]}]},{\"@type\":\"ImageObject\",\"inLanguage\":\"es\",\"@id\":\"https:\/\/www.fundaciontriangle.org\/blog\/entrevista-a-jose-luis-y-carlos\/#primaryimage\",\"url\":\"https:\/\/www.fundaciontriangle.org\/blog\/wp-content\/uploads\/sites\/2\/2021\/02\/entrevista_a_jose_luis_y_carlos.jpg\",\"contentUrl\":\"https:\/\/www.fundaciontriangle.org\/blog\/wp-content\/uploads\/sites\/2\/2021\/02\/entrevista_a_jose_luis_y_carlos.jpg\",\"width\":1920,\"height\":1080,\"caption\":\"Entrevista a Jos\u00e9 Luis y Carlos | Triangle Fundaci\u00f3n\"},{\"@type\":\"WebSite\",\"@id\":\"https:\/\/www.fundaciontriangle.org\/blog\/#website\",\"url\":\"https:\/\/www.fundaciontriangle.org\/blog\/\",\"name\":\"Blog de Fundaci\u00f3n Triangle\",\"description\":\"Hablamos talento s\u00e9nior, diversidad, edadismo, igualdad de oportunidades, trabajo digno, alianzas, entornos de trabajo, recursos humanos. De la gesti\u00f3n de la diversidad, del talento y la experiencia de las personas, de lo que aportan a las empresas.\",\"potentialAction\":[{\"@type\":\"SearchAction\",\"target\":{\"@type\":\"EntryPoint\",\"urlTemplate\":\"https:\/\/www.fundaciontriangle.org\/blog\/?s={search_term_string}\"},\"query-input\":{\"@type\":\"PropertyValueSpecification\",\"valueRequired\":true,\"valueName\":\"search_term_string\"}}],\"inLanguage\":\"es\"},{\"@type\":\"Person\",\"@id\":\"https:\/\/www.fundaciontriangle.org\/blog\/#\/schema\/person\/c4acdb9bfe5998701e5195e93e3bf579\",\"name\":\"Admin\",\"image\":{\"@type\":\"ImageObject\",\"inLanguage\":\"es\",\"@id\":\"https:\/\/www.fundaciontriangle.org\/blog\/#\/schema\/person\/image\/\",\"url\":\"https:\/\/secure.gravatar.com\/avatar\/639dfb27e51a4baf887721ba49ad906aa378fe5130c9cfa9ca94c4bf967b0c66?s=96&d=mm&r=g\",\"contentUrl\":\"https:\/\/secure.gravatar.com\/avatar\/639dfb27e51a4baf887721ba49ad906aa378fe5130c9cfa9ca94c4bf967b0c66?s=96&d=mm&r=g\",\"caption\":\"Admin\"}}]}<\/script>\n<!-- \/ Yoast SEO plugin. -->","yoast_head_json":{"title":"Entrevista a Jos\u00e9 Luis y Carlos - Blog de Fundaci\u00f3n Triangle","description":"Las personas con enfermedad mental sufren unas tasas de desempleo superiores al resto de personas con discapacidad.","robots":{"index":"index","follow":"follow","max-snippet":"max-snippet:-1","max-image-preview":"max-image-preview:large","max-video-preview":"max-video-preview:-1"},"canonical":"https:\/\/www.fundaciontriangle.org\/blog\/entrevista-a-jose-luis-y-carlos\/","og_locale":"es_ES","og_type":"article","og_title":"Entrevista a Jos\u00e9 Luis y Carlos - Blog de Fundaci\u00f3n Triangle","og_description":"Las personas con enfermedad mental sufren unas tasas de desempleo superiores al resto de personas con discapacidad.","og_url":"https:\/\/www.fundaciontriangle.org\/blog\/entrevista-a-jose-luis-y-carlos\/","og_site_name":"Blog de Fundaci\u00f3n Triangle","article_published_time":"2021-02-08T13:32:34+00:00","og_image":[{"width":1920,"height":1080,"url":"https:\/\/www.fundaciontriangle.org\/blog\/wp-content\/uploads\/sites\/2\/2021\/02\/entrevista_a_jose_luis_y_carlos.jpg","type":"image\/jpeg"}],"author":"Admin","twitter_card":"summary_large_image","twitter_misc":{"Escrito por":"Admin","Tiempo de lectura":"3 minutos"},"schema":{"@context":"https:\/\/schema.org","@graph":[{"@type":"Article","@id":"https:\/\/www.fundaciontriangle.org\/blog\/entrevista-a-jose-luis-y-carlos\/#article","isPartOf":{"@id":"https:\/\/www.fundaciontriangle.org\/blog\/entrevista-a-jose-luis-y-carlos\/"},"author":{"name":"Admin","@id":"https:\/\/www.fundaciontriangle.org\/blog\/#\/schema\/person\/c4acdb9bfe5998701e5195e93e3bf579"},"headline":"Entrevista a Jos\u00e9 Luis y Carlos","datePublished":"2021-02-08T13:32:34+00:00","mainEntityOfPage":{"@id":"https:\/\/www.fundaciontriangle.org\/blog\/entrevista-a-jose-luis-y-carlos\/"},"wordCount":722,"commentCount":0,"image":{"@id":"https:\/\/www.fundaciontriangle.org\/blog\/entrevista-a-jose-luis-y-carlos\/#primaryimage"},"thumbnailUrl":"https:\/\/www.fundaciontriangle.org\/blog\/wp-content\/uploads\/sites\/2\/2021\/02\/entrevista_a_jose_luis_y_carlos.jpg","articleSection":["Fundaci\u00f3n Triangle"],"inLanguage":"es","potentialAction":[{"@type":"CommentAction","name":"Comment","target":["https:\/\/www.fundaciontriangle.org\/blog\/entrevista-a-jose-luis-y-carlos\/#respond"]}]},{"@type":"WebPage","@id":"https:\/\/www.fundaciontriangle.org\/blog\/entrevista-a-jose-luis-y-carlos\/","url":"https:\/\/www.fundaciontriangle.org\/blog\/entrevista-a-jose-luis-y-carlos\/","name":"Entrevista a Jos\u00e9 Luis y Carlos - Blog de Fundaci\u00f3n Triangle","isPartOf":{"@id":"https:\/\/www.fundaciontriangle.org\/blog\/#website"},"primaryImageOfPage":{"@id":"https:\/\/www.fundaciontriangle.org\/blog\/entrevista-a-jose-luis-y-carlos\/#primaryimage"},"image":{"@id":"https:\/\/www.fundaciontriangle.org\/blog\/entrevista-a-jose-luis-y-carlos\/#primaryimage"},"thumbnailUrl":"https:\/\/www.fundaciontriangle.org\/blog\/wp-content\/uploads\/sites\/2\/2021\/02\/entrevista_a_jose_luis_y_carlos.jpg","datePublished":"2021-02-08T13:32:34+00:00","author":{"@id":"https:\/\/www.fundaciontriangle.org\/blog\/#\/schema\/person\/c4acdb9bfe5998701e5195e93e3bf579"},"description":"Las personas con enfermedad mental sufren unas tasas de desempleo superiores al resto de personas con discapacidad.","inLanguage":"es","potentialAction":[{"@type":"ReadAction","target":["https:\/\/www.fundaciontriangle.org\/blog\/entrevista-a-jose-luis-y-carlos\/"]}]},{"@type":"ImageObject","inLanguage":"es","@id":"https:\/\/www.fundaciontriangle.org\/blog\/entrevista-a-jose-luis-y-carlos\/#primaryimage","url":"https:\/\/www.fundaciontriangle.org\/blog\/wp-content\/uploads\/sites\/2\/2021\/02\/entrevista_a_jose_luis_y_carlos.jpg","contentUrl":"https:\/\/www.fundaciontriangle.org\/blog\/wp-content\/uploads\/sites\/2\/2021\/02\/entrevista_a_jose_luis_y_carlos.jpg","width":1920,"height":1080,"caption":"Entrevista a Jos\u00e9 Luis y Carlos | Triangle Fundaci\u00f3n"},{"@type":"WebSite","@id":"https:\/\/www.fundaciontriangle.org\/blog\/#website","url":"https:\/\/www.fundaciontriangle.org\/blog\/","name":"Blog de Fundaci\u00f3n Triangle","description":"Hablamos talento s\u00e9nior, diversidad, edadismo, igualdad de oportunidades, trabajo digno, alianzas, entornos de trabajo, recursos humanos. De la gesti\u00f3n de la diversidad, del talento y la experiencia de las personas, de lo que aportan a las empresas.","potentialAction":[{"@type":"SearchAction","target":{"@type":"EntryPoint","urlTemplate":"https:\/\/www.fundaciontriangle.org\/blog\/?s={search_term_string}"},"query-input":{"@type":"PropertyValueSpecification","valueRequired":true,"valueName":"search_term_string"}}],"inLanguage":"es"},{"@type":"Person","@id":"https:\/\/www.fundaciontriangle.org\/blog\/#\/schema\/person\/c4acdb9bfe5998701e5195e93e3bf579","name":"Admin","image":{"@type":"ImageObject","inLanguage":"es","@id":"https:\/\/www.fundaciontriangle.org\/blog\/#\/schema\/person\/image\/","url":"https:\/\/secure.gravatar.com\/avatar\/639dfb27e51a4baf887721ba49ad906aa378fe5130c9cfa9ca94c4bf967b0c66?s=96&d=mm&r=g","contentUrl":"https:\/\/secure.gravatar.com\/avatar\/639dfb27e51a4baf887721ba49ad906aa378fe5130c9cfa9ca94c4bf967b0c66?s=96&d=mm&r=g","caption":"Admin"}}]}},"_links":{"self":[{"href":"https:\/\/www.fundaciontriangle.org\/blog\/wp-json\/wp\/v2\/posts\/899","targetHints":{"allow":["GET"]}}],"collection":[{"href":"https:\/\/www.fundaciontriangle.org\/blog\/wp-json\/wp\/v2\/posts"}],"about":[{"href":"https:\/\/www.fundaciontriangle.org\/blog\/wp-json\/wp\/v2\/types\/post"}],"author":[{"embeddable":true,"href":"https:\/\/www.fundaciontriangle.org\/blog\/wp-json\/wp\/v2\/users\/2"}],"replies":[{"embeddable":true,"href":"https:\/\/www.fundaciontriangle.org\/blog\/wp-json\/wp\/v2\/comments?post=899"}],"version-history":[{"count":1,"href":"https:\/\/www.fundaciontriangle.org\/blog\/wp-json\/wp\/v2\/posts\/899\/revisions"}],"predecessor-version":[{"id":903,"href":"https:\/\/www.fundaciontriangle.org\/blog\/wp-json\/wp\/v2\/posts\/899\/revisions\/903"}],"wp:featuredmedia":[{"embeddable":true,"href":"https:\/\/www.fundaciontriangle.org\/blog\/wp-json\/wp\/v2\/media\/900"}],"wp:attachment":[{"href":"https:\/\/www.fundaciontriangle.org\/blog\/wp-json\/wp\/v2\/media?parent=899"}],"wp:term":[{"taxonomy":"category","embeddable":true,"href":"https:\/\/www.fundaciontriangle.org\/blog\/wp-json\/wp\/v2\/categories?post=899"},{"taxonomy":"post_tag","embeddable":true,"href":"https:\/\/www.fundaciontriangle.org\/blog\/wp-json\/wp\/v2\/tags?post=899"}],"curies":[{"name":"wp","href":"https:\/\/api.w.org\/{rel}","templated":true}]}}