{"id":891,"date":"2021-02-01T10:10:48","date_gmt":"2021-02-01T09:10:48","guid":{"rendered":"http:\/\/www.fundaciontriangle.org\/blog\/?p=891"},"modified":"2021-02-01T10:11:32","modified_gmt":"2021-02-01T09:11:32","slug":"asociacion-del-mes-amafe","status":"publish","type":"post","link":"https:\/\/www.fundaciontriangle.org\/blog\/asociacion-del-mes-amafe\/","title":{"rendered":"Asociaci\u00f3n del mes: AMAFE"},"content":{"rendered":"<p>AMAFE es una entidad sin \u00e1nimo de lucro que se dedica a promover la recuperaci\u00f3n, el bienestar y la mejora de la calidad de vida de las personas con enfermedad mental, sus familiares y allegados.<\/p>\n<p>Para ello, trabajan activamente en campa\u00f1as e iniciativas de prevenci\u00f3n, concienciaci\u00f3n y lucha contra el estigma, as\u00ed como dar apoyo y velar por los derechos de las personas con discapacidad por enfermedad mental. Cuentan adem\u00e1s con numerosos servicios como el de orientaci\u00f3n e inserci\u00f3n laboral.<\/p>\n<h2>\u00bfQu\u00e9 es AMAFE?<\/h2>\n<p>AMAFE,\u00a0 Asociaci\u00f3n Espa\u00f1ola de Apoyo en Psicosis, es una entidad sin \u00e1nimo de lucro, de \u00e1mbito provincial, inscrita en el Registro Nacional de Asociaciones, declarada de Utilidad P\u00fablica desde 1996 y certificada en Calidad seg\u00fan la ISO 9001.<\/p>\n<p>Fue constituida en el a\u00f1o 1989 por familiares de personas con trastorno mental que sintieron la necesidad de dar una respuesta integral y efectiva a las cuestiones relativas a la salud mental de sus seres queridos. En la actualidad est\u00e1 integrada por m\u00e1s de 600 socios, que a su vez representan a miles de familias con alg\u00fan miembro afectado de psicosis o esquizofrenia.<\/p>\n<p>Nuestra misi\u00f3n es promover la recuperaci\u00f3n, el bienestar y la mejora de la calidad de vida de las personas con psicosis y esquizofrenia, sus familiares y allegados.<\/p>\n<p>Queremos ser una asociaci\u00f3n referente en el \u00e1mbito de la salud mental, en particular de la psicosis y la esquizofrenia. Reconocida por dar apoyo y velar por los derechos de las personas con trastorno mental y sus familias.<\/p>\n<p>En AMAFE sabemos que cuanta m\u00e1s ayuda necesita una persona m\u00e1s invisible resulta y que, a\u00fan hoy, es extremadamente dif\u00edcil compartir estas experiencias por verg\u00fcenza o por miedo al rechazo. Por ello trabajamos activamente en campa\u00f1as e iniciativas de prevenci\u00f3n, concienciaci\u00f3n social y lucha contra el estigma. Asimismo, prestamos distintos servicios como son:<\/p>\n<ul>\n<li>Informaci\u00f3n y orientaci\u00f3n<\/li>\n<li>Atenci\u00f3n psicol\u00f3gica a domicilio<\/li>\n<li>Centro de d\u00eda<\/li>\n<li>Espacio Joven<\/li>\n<li>Apoyo a la inserci\u00f3n laboral<\/li>\n<li>Atenci\u00f3n a familias<\/li>\n<\/ul>\n<p>Puedes encontrar m\u00e1s informaci\u00f3n sobre nosotros en nuestra p\u00e1gina web y pedir cita para acceder a nuestros servicios: <a href=\"http:\/\/www.amafe.org\">www.amafe.org<\/a><\/p>\n<p><img loading=\"lazy\" decoding=\"async\" class=\"alignnone size-full wp-image-893\" src=\"https:\/\/www.fundaciontriangle.org\/blog\/wp-content\/uploads\/sites\/2\/2021\/02\/amafe_optimizada_1.jpg\" alt=\"Amafe | Triangle Fundaci\u00f3n\" width=\"740\" height=\"480\" \/><\/p>\n<p><img loading=\"lazy\" decoding=\"async\" class=\"alignnone size-full wp-image-894\" src=\"https:\/\/www.fundaciontriangle.org\/blog\/wp-content\/uploads\/sites\/2\/2021\/02\/amafe_optimizada_2.jpg\" alt=\"Amafe | Triangle Fundaci\u00f3n\" width=\"740\" height=\"480\" \/><\/p>\n<p><img loading=\"lazy\" decoding=\"async\" class=\"alignnone size-full wp-image-895\" src=\"https:\/\/www.fundaciontriangle.org\/blog\/wp-content\/uploads\/sites\/2\/2021\/02\/amafe_optimizada_3.jpg\" alt=\"Amafe | Triangle Fundaci\u00f3n\" width=\"740\" height=\"480\" \/><\/p>\n<p><img loading=\"lazy\" decoding=\"async\" class=\"alignnone size-full wp-image-896\" src=\"https:\/\/www.fundaciontriangle.org\/blog\/wp-content\/uploads\/sites\/2\/2021\/02\/amafe_optimizada_4.jpg\" alt=\"Amafe | Triangle Fundaci\u00f3n\" width=\"740\" height=\"480\" \/><\/p>\n","protected":false},"excerpt":{"rendered":"<p>AMAFE es una entidad sin \u00e1nimo de lucro que se dedica a promover la recuperaci\u00f3n, el bienestar y la&hellip;<\/p>\n","protected":false},"author":2,"featured_media":892,"comment_status":"open","ping_status":"open","sticky":false,"template":"","format":"standard","meta":{"_monsterinsights_skip_tracking":false,"_monsterinsights_sitenote_active":false,"_monsterinsights_sitenote_note":"","_monsterinsights_sitenote_category":0,"footnotes":""},"categories":[4],"tags":[],"class_list":["post-891","post","type-post","status-publish","format-standard","has-post-thumbnail","hentry","category-diversidad-generacional"],"yoast_head":"<!-- This site is optimized with the Yoast SEO plugin v27.0 - https:\/\/yoast.com\/product\/yoast-seo-wordpress\/ -->\n<title>Asociaci\u00f3n del mes: AMAFE - Blog de Fundaci\u00f3n Triangle<\/title>\n<meta name=\"description\" content=\"AMAFE es una entidad sin \u00e1nimo de lucro que promueve el bienestar y la mejora de la calidad de vida de las personas con enfermedad mental.\" \/>\n<meta name=\"robots\" content=\"index, follow, max-snippet:-1, max-image-preview:large, max-video-preview:-1\" \/>\n<link rel=\"canonical\" href=\"https:\/\/www.fundaciontriangle.org\/blog\/asociacion-del-mes-amafe\/\" \/>\n<meta property=\"og:locale\" content=\"es_ES\" \/>\n<meta property=\"og:type\" content=\"article\" \/>\n<meta property=\"og:title\" content=\"Asociaci\u00f3n del mes: AMAFE - Blog de Fundaci\u00f3n Triangle\" \/>\n<meta property=\"og:description\" content=\"AMAFE es una entidad sin \u00e1nimo de lucro que promueve el bienestar y la mejora de la calidad de vida de las personas con enfermedad mental.\" \/>\n<meta property=\"og:url\" content=\"https:\/\/www.fundaciontriangle.org\/blog\/asociacion-del-mes-amafe\/\" \/>\n<meta property=\"og:site_name\" content=\"Blog de Fundaci\u00f3n Triangle\" \/>\n<meta property=\"article:published_time\" content=\"2021-02-01T09:10:48+00:00\" \/>\n<meta property=\"article:modified_time\" content=\"2021-02-01T09:11:32+00:00\" \/>\n<meta property=\"og:image\" content=\"https:\/\/www.fundaciontriangle.org\/blog\/wp-content\/uploads\/sites\/2\/2021\/02\/amafe_cabecera.jpg\" \/>\n\t<meta property=\"og:image:width\" content=\"1920\" \/>\n\t<meta property=\"og:image:height\" content=\"1080\" \/>\n\t<meta property=\"og:image:type\" content=\"image\/jpeg\" \/>\n<meta name=\"author\" content=\"Admin\" \/>\n<meta name=\"twitter:card\" content=\"summary_large_image\" \/>\n<meta name=\"twitter:label1\" content=\"Escrito por\" \/>\n\t<meta name=\"twitter:data1\" content=\"Admin\" \/>\n\t<meta name=\"twitter:label2\" content=\"Tiempo de lectura\" \/>\n\t<meta name=\"twitter:data2\" content=\"3 minutos\" \/>\n<script type=\"application\/ld+json\" class=\"yoast-schema-graph\">{\"@context\":\"https:\/\/schema.org\",\"@graph\":[{\"@type\":\"Article\",\"@id\":\"https:\/\/www.fundaciontriangle.org\/blog\/asociacion-del-mes-amafe\/#article\",\"isPartOf\":{\"@id\":\"https:\/\/www.fundaciontriangle.org\/blog\/asociacion-del-mes-amafe\/\"},\"author\":{\"name\":\"Admin\",\"@id\":\"https:\/\/www.fundaciontriangle.org\/blog\/#\/schema\/person\/c4acdb9bfe5998701e5195e93e3bf579\"},\"headline\":\"Asociaci\u00f3n del mes: AMAFE\",\"datePublished\":\"2021-02-01T09:10:48+00:00\",\"dateModified\":\"2021-02-01T09:11:32+00:00\",\"mainEntityOfPage\":{\"@id\":\"https:\/\/www.fundaciontriangle.org\/blog\/asociacion-del-mes-amafe\/\"},\"wordCount\":379,\"commentCount\":0,\"image\":{\"@id\":\"https:\/\/www.fundaciontriangle.org\/blog\/asociacion-del-mes-amafe\/#primaryimage\"},\"thumbnailUrl\":\"https:\/\/www.fundaciontriangle.org\/blog\/wp-content\/uploads\/sites\/2\/2021\/02\/amafe_cabecera.jpg\",\"articleSection\":[\"Fundaci\u00f3n Triangle\"],\"inLanguage\":\"es\",\"potentialAction\":[{\"@type\":\"CommentAction\",\"name\":\"Comment\",\"target\":[\"https:\/\/www.fundaciontriangle.org\/blog\/asociacion-del-mes-amafe\/#respond\"]}]},{\"@type\":\"WebPage\",\"@id\":\"https:\/\/www.fundaciontriangle.org\/blog\/asociacion-del-mes-amafe\/\",\"url\":\"https:\/\/www.fundaciontriangle.org\/blog\/asociacion-del-mes-amafe\/\",\"name\":\"Asociaci\u00f3n del mes: AMAFE - Blog de Fundaci\u00f3n Triangle\",\"isPartOf\":{\"@id\":\"https:\/\/www.fundaciontriangle.org\/blog\/#website\"},\"primaryImageOfPage\":{\"@id\":\"https:\/\/www.fundaciontriangle.org\/blog\/asociacion-del-mes-amafe\/#primaryimage\"},\"image\":{\"@id\":\"https:\/\/www.fundaciontriangle.org\/blog\/asociacion-del-mes-amafe\/#primaryimage\"},\"thumbnailUrl\":\"https:\/\/www.fundaciontriangle.org\/blog\/wp-content\/uploads\/sites\/2\/2021\/02\/amafe_cabecera.jpg\",\"datePublished\":\"2021-02-01T09:10:48+00:00\",\"dateModified\":\"2021-02-01T09:11:32+00:00\",\"author\":{\"@id\":\"https:\/\/www.fundaciontriangle.org\/blog\/#\/schema\/person\/c4acdb9bfe5998701e5195e93e3bf579\"},\"description\":\"AMAFE es una entidad sin \u00e1nimo de lucro que promueve el bienestar y la mejora de la calidad de vida de las personas con enfermedad mental.\",\"inLanguage\":\"es\",\"potentialAction\":[{\"@type\":\"ReadAction\",\"target\":[\"https:\/\/www.fundaciontriangle.org\/blog\/asociacion-del-mes-amafe\/\"]}]},{\"@type\":\"ImageObject\",\"inLanguage\":\"es\",\"@id\":\"https:\/\/www.fundaciontriangle.org\/blog\/asociacion-del-mes-amafe\/#primaryimage\",\"url\":\"https:\/\/www.fundaciontriangle.org\/blog\/wp-content\/uploads\/sites\/2\/2021\/02\/amafe_cabecera.jpg\",\"contentUrl\":\"https:\/\/www.fundaciontriangle.org\/blog\/wp-content\/uploads\/sites\/2\/2021\/02\/amafe_cabecera.jpg\",\"width\":1920,\"height\":1080,\"caption\":\"Amafe | Triangle Fundaci\u00f3n\"},{\"@type\":\"WebSite\",\"@id\":\"https:\/\/www.fundaciontriangle.org\/blog\/#website\",\"url\":\"https:\/\/www.fundaciontriangle.org\/blog\/\",\"name\":\"Blog de Fundaci\u00f3n Triangle\",\"description\":\"Hablamos talento s\u00e9nior, diversidad, edadismo, igualdad de oportunidades, trabajo digno, alianzas, entornos de trabajo, recursos humanos. De la gesti\u00f3n de la diversidad, del talento y la experiencia de las personas, de lo que aportan a las empresas.\",\"potentialAction\":[{\"@type\":\"SearchAction\",\"target\":{\"@type\":\"EntryPoint\",\"urlTemplate\":\"https:\/\/www.fundaciontriangle.org\/blog\/?s={search_term_string}\"},\"query-input\":{\"@type\":\"PropertyValueSpecification\",\"valueRequired\":true,\"valueName\":\"search_term_string\"}}],\"inLanguage\":\"es\"},{\"@type\":\"Person\",\"@id\":\"https:\/\/www.fundaciontriangle.org\/blog\/#\/schema\/person\/c4acdb9bfe5998701e5195e93e3bf579\",\"name\":\"Admin\",\"image\":{\"@type\":\"ImageObject\",\"inLanguage\":\"es\",\"@id\":\"https:\/\/www.fundaciontriangle.org\/blog\/#\/schema\/person\/image\/\",\"url\":\"https:\/\/secure.gravatar.com\/avatar\/639dfb27e51a4baf887721ba49ad906aa378fe5130c9cfa9ca94c4bf967b0c66?s=96&d=mm&r=g\",\"contentUrl\":\"https:\/\/secure.gravatar.com\/avatar\/639dfb27e51a4baf887721ba49ad906aa378fe5130c9cfa9ca94c4bf967b0c66?s=96&d=mm&r=g\",\"caption\":\"Admin\"}}]}<\/script>\n<!-- \/ Yoast SEO plugin. -->","yoast_head_json":{"title":"Asociaci\u00f3n del mes: AMAFE - Blog de Fundaci\u00f3n Triangle","description":"AMAFE es una entidad sin \u00e1nimo de lucro que promueve el bienestar y la mejora de la calidad de vida de las personas con enfermedad mental.","robots":{"index":"index","follow":"follow","max-snippet":"max-snippet:-1","max-image-preview":"max-image-preview:large","max-video-preview":"max-video-preview:-1"},"canonical":"https:\/\/www.fundaciontriangle.org\/blog\/asociacion-del-mes-amafe\/","og_locale":"es_ES","og_type":"article","og_title":"Asociaci\u00f3n del mes: AMAFE - Blog de Fundaci\u00f3n Triangle","og_description":"AMAFE es una entidad sin \u00e1nimo de lucro que promueve el bienestar y la mejora de la calidad de vida de las personas con enfermedad mental.","og_url":"https:\/\/www.fundaciontriangle.org\/blog\/asociacion-del-mes-amafe\/","og_site_name":"Blog de Fundaci\u00f3n Triangle","article_published_time":"2021-02-01T09:10:48+00:00","article_modified_time":"2021-02-01T09:11:32+00:00","og_image":[{"width":1920,"height":1080,"url":"https:\/\/www.fundaciontriangle.org\/blog\/wp-content\/uploads\/sites\/2\/2021\/02\/amafe_cabecera.jpg","type":"image\/jpeg"}],"author":"Admin","twitter_card":"summary_large_image","twitter_misc":{"Escrito por":"Admin","Tiempo de lectura":"3 minutos"},"schema":{"@context":"https:\/\/schema.org","@graph":[{"@type":"Article","@id":"https:\/\/www.fundaciontriangle.org\/blog\/asociacion-del-mes-amafe\/#article","isPartOf":{"@id":"https:\/\/www.fundaciontriangle.org\/blog\/asociacion-del-mes-amafe\/"},"author":{"name":"Admin","@id":"https:\/\/www.fundaciontriangle.org\/blog\/#\/schema\/person\/c4acdb9bfe5998701e5195e93e3bf579"},"headline":"Asociaci\u00f3n del mes: AMAFE","datePublished":"2021-02-01T09:10:48+00:00","dateModified":"2021-02-01T09:11:32+00:00","mainEntityOfPage":{"@id":"https:\/\/www.fundaciontriangle.org\/blog\/asociacion-del-mes-amafe\/"},"wordCount":379,"commentCount":0,"image":{"@id":"https:\/\/www.fundaciontriangle.org\/blog\/asociacion-del-mes-amafe\/#primaryimage"},"thumbnailUrl":"https:\/\/www.fundaciontriangle.org\/blog\/wp-content\/uploads\/sites\/2\/2021\/02\/amafe_cabecera.jpg","articleSection":["Fundaci\u00f3n Triangle"],"inLanguage":"es","potentialAction":[{"@type":"CommentAction","name":"Comment","target":["https:\/\/www.fundaciontriangle.org\/blog\/asociacion-del-mes-amafe\/#respond"]}]},{"@type":"WebPage","@id":"https:\/\/www.fundaciontriangle.org\/blog\/asociacion-del-mes-amafe\/","url":"https:\/\/www.fundaciontriangle.org\/blog\/asociacion-del-mes-amafe\/","name":"Asociaci\u00f3n del mes: AMAFE - Blog de Fundaci\u00f3n Triangle","isPartOf":{"@id":"https:\/\/www.fundaciontriangle.org\/blog\/#website"},"primaryImageOfPage":{"@id":"https:\/\/www.fundaciontriangle.org\/blog\/asociacion-del-mes-amafe\/#primaryimage"},"image":{"@id":"https:\/\/www.fundaciontriangle.org\/blog\/asociacion-del-mes-amafe\/#primaryimage"},"thumbnailUrl":"https:\/\/www.fundaciontriangle.org\/blog\/wp-content\/uploads\/sites\/2\/2021\/02\/amafe_cabecera.jpg","datePublished":"2021-02-01T09:10:48+00:00","dateModified":"2021-02-01T09:11:32+00:00","author":{"@id":"https:\/\/www.fundaciontriangle.org\/blog\/#\/schema\/person\/c4acdb9bfe5998701e5195e93e3bf579"},"description":"AMAFE es una entidad sin \u00e1nimo de lucro que promueve el bienestar y la mejora de la calidad de vida de las personas con enfermedad mental.","inLanguage":"es","potentialAction":[{"@type":"ReadAction","target":["https:\/\/www.fundaciontriangle.org\/blog\/asociacion-del-mes-amafe\/"]}]},{"@type":"ImageObject","inLanguage":"es","@id":"https:\/\/www.fundaciontriangle.org\/blog\/asociacion-del-mes-amafe\/#primaryimage","url":"https:\/\/www.fundaciontriangle.org\/blog\/wp-content\/uploads\/sites\/2\/2021\/02\/amafe_cabecera.jpg","contentUrl":"https:\/\/www.fundaciontriangle.org\/blog\/wp-content\/uploads\/sites\/2\/2021\/02\/amafe_cabecera.jpg","width":1920,"height":1080,"caption":"Amafe | Triangle Fundaci\u00f3n"},{"@type":"WebSite","@id":"https:\/\/www.fundaciontriangle.org\/blog\/#website","url":"https:\/\/www.fundaciontriangle.org\/blog\/","name":"Blog de Fundaci\u00f3n Triangle","description":"Hablamos talento s\u00e9nior, diversidad, edadismo, igualdad de oportunidades, trabajo digno, alianzas, entornos de trabajo, recursos humanos. De la gesti\u00f3n de la diversidad, del talento y la experiencia de las personas, de lo que aportan a las empresas.","potentialAction":[{"@type":"SearchAction","target":{"@type":"EntryPoint","urlTemplate":"https:\/\/www.fundaciontriangle.org\/blog\/?s={search_term_string}"},"query-input":{"@type":"PropertyValueSpecification","valueRequired":true,"valueName":"search_term_string"}}],"inLanguage":"es"},{"@type":"Person","@id":"https:\/\/www.fundaciontriangle.org\/blog\/#\/schema\/person\/c4acdb9bfe5998701e5195e93e3bf579","name":"Admin","image":{"@type":"ImageObject","inLanguage":"es","@id":"https:\/\/www.fundaciontriangle.org\/blog\/#\/schema\/person\/image\/","url":"https:\/\/secure.gravatar.com\/avatar\/639dfb27e51a4baf887721ba49ad906aa378fe5130c9cfa9ca94c4bf967b0c66?s=96&d=mm&r=g","contentUrl":"https:\/\/secure.gravatar.com\/avatar\/639dfb27e51a4baf887721ba49ad906aa378fe5130c9cfa9ca94c4bf967b0c66?s=96&d=mm&r=g","caption":"Admin"}}]}},"_links":{"self":[{"href":"https:\/\/www.fundaciontriangle.org\/blog\/wp-json\/wp\/v2\/posts\/891","targetHints":{"allow":["GET"]}}],"collection":[{"href":"https:\/\/www.fundaciontriangle.org\/blog\/wp-json\/wp\/v2\/posts"}],"about":[{"href":"https:\/\/www.fundaciontriangle.org\/blog\/wp-json\/wp\/v2\/types\/post"}],"author":[{"embeddable":true,"href":"https:\/\/www.fundaciontriangle.org\/blog\/wp-json\/wp\/v2\/users\/2"}],"replies":[{"embeddable":true,"href":"https:\/\/www.fundaciontriangle.org\/blog\/wp-json\/wp\/v2\/comments?post=891"}],"version-history":[{"count":1,"href":"https:\/\/www.fundaciontriangle.org\/blog\/wp-json\/wp\/v2\/posts\/891\/revisions"}],"predecessor-version":[{"id":898,"href":"https:\/\/www.fundaciontriangle.org\/blog\/wp-json\/wp\/v2\/posts\/891\/revisions\/898"}],"wp:featuredmedia":[{"embeddable":true,"href":"https:\/\/www.fundaciontriangle.org\/blog\/wp-json\/wp\/v2\/media\/892"}],"wp:attachment":[{"href":"https:\/\/www.fundaciontriangle.org\/blog\/wp-json\/wp\/v2\/media?parent=891"}],"wp:term":[{"taxonomy":"category","embeddable":true,"href":"https:\/\/www.fundaciontriangle.org\/blog\/wp-json\/wp\/v2\/categories?post=891"},{"taxonomy":"post_tag","embeddable":true,"href":"https:\/\/www.fundaciontriangle.org\/blog\/wp-json\/wp\/v2\/tags?post=891"}],"curies":[{"name":"wp","href":"https:\/\/api.w.org\/{rel}","templated":true}]}}