{"id":884,"date":"2021-01-22T10:12:13","date_gmt":"2021-01-22T09:12:13","guid":{"rendered":"http:\/\/www.fundaciontriangle.org\/blog\/?p=884"},"modified":"2021-01-22T12:11:07","modified_gmt":"2021-01-22T11:11:07","slug":"personas-con-discapacidad-por-enfermedad-mental","status":"publish","type":"post","link":"https:\/\/www.fundaciontriangle.org\/blog\/personas-con-discapacidad-por-enfermedad-mental\/","title":{"rendered":"Personas con discapacidad por enfermedad mental"},"content":{"rendered":"<p>Las personas con discapacidad encuentran numerosos obst\u00e1culos para acceder a un empleo. Dentro de este colectivo, en concreto las personas con alguna enfermedad mental, sufren unas tasas de desempleo superiores al resto de personas con discapacidad llegando a alcanzar el 39.5% seg\u00fan datos del Observatorio sobre Discapacidad y el Mercado de Trabajo en Espa\u00f1a.<\/p>\n<p>A las dificultades propias derivadas de la discapacidad hay que a\u00f1adir el estigma que sufren y que supone, en algunos casos, una barrera insalvable en su camino hacia la inserci\u00f3n laboral.<\/p>\n<p>Seg\u00fan datos del Observatorio sobre Discapacidad y el Mercado de Trabajo en Espa\u00f1a (ODISMET 2018) de la Fundaci\u00f3n ONCE, en Espa\u00f1a hay un total de <strong>323.400 personas entre 16 y 44 a\u00f1os con discapacidad debido a un trastorno mental, de las cuales s\u00f3lo un 17,6% tiene un empleo.<\/strong> Del <strong>total de personas con discapacidad<\/strong>, <strong>las que presentan trastorno mental<\/strong> son quienes mayores dificultades encuentran a la ahora de insertarse laboralmente con una <strong>tasa de paro del 39,5%. <\/strong><\/p>\n<p>Recientemente el Instituto Nacional de Estad\u00edstica ha hecho p\u00fablico el informe \u201cEl empleo de las personas con discapacidad (EPD)\u201d correspondiente al a\u00f1o 2019, en el que, de nuevo, se pone de manifiesto que las personas con trastorno mental son las que m\u00e1s alta tasa de desempleo sufren en Espa\u00f1a, dentro del \u00e1mbito de la discapacidad.<\/p>\n<p>Seg\u00fan recoge el informe, la tasa de empleo de las personas con problemas de salud mental es del 16,9%. Esta cifra es menor que la del a\u00f1o anterior 2018, que se situaba en el 17,6%, lo que supone un empeoramiento de la situaci\u00f3n de estas personas en el \u00e1mbito laboral.<\/p>\n<p>Por otro lado, la tasa de paro entre las personas con discapacidad en su conjunto es del 23,9%, con un descenso de 1,3 puntos respecto a 2018. Esta tasa es 10 puntos superior a la de la poblaci\u00f3n sin discapacidad. La tasa de empleo de las personas con discapacidad es del 25,9% (66,9% para las personas sin discapacidad), con un aumento de 0,1 puntos respecto a 2018.<\/p>\n<p>Al igual que para la poblaci\u00f3n general, las mujeres con discapacidad tienen seg\u00fan el informe menos presencia activa en el mercado laboral. No obstante, su tasa de actividad est\u00e1 m\u00e1s pr\u00f3xima a la masculina que en la poblaci\u00f3n sin discapacidad (33,3%, frente a 34,6%).<\/p>\n<p><img loading=\"lazy\" decoding=\"async\" class=\"size-full wp-image-5978 aligncenter\" src=\"https:\/\/www.fundaciontriangle.org\/wp-content\/uploads\/2021\/01\/INE-empleo-discapacidad-2019.png\" alt=\"Empleo con discapacidad 2019 | Triangle Fundaci\u00f3n\" width=\"624\" height=\"596\" \/><\/p>\n<h2>Retos a los que se enfrentan<\/h2>\n<p>No podemos obviar que las personas con trastorno mental grave tienen diferentes necesidades que requieren un apoyo espec\u00edfico para su proceso de inserci\u00f3n laboral. Estas necesidades vienen determinadas, en primer lugar, por las propias dificultades derivadas del trastorno, tales como la vulnerabilidad al estr\u00e9s, el d\u00e9ficit en h\u00e1bitos de trabajo, en habilidades sociales y laborales y deterioro del propio valor profesional percibido y de la autoestima personal.<\/p>\n<p>A las dificultades inherentes al trastorno hay que a\u00f1adir la representaci\u00f3n social negativa que acompa\u00f1a a la persona con trastorno mental cr\u00f3nico que act\u00faa como una de las barreras m\u00e1s dif\u00edciles de superar para la inserci\u00f3n laboral de este colectivo. La percepci\u00f3n prejuiciada y distorsionada de incapacidad profesional y la imagen negativa que les acompa\u00f1a para su proceso de inserci\u00f3n facilita que se considere a este colectivo como personas conflictivas o problem\u00e1ticas en los entornos laborales.<\/p>\n<h2>Oportunidades<\/h2>\n<p>El proceso de recuperaci\u00f3n en salud mental se basa en construir un proyecto de vida con sentido y satisfacci\u00f3n para la persona, definido por ella misma, independientemente de la evoluci\u00f3n de sus s\u00edntomas o problemas. Es la propia persona quien establece sus objetivos vitales, independientemente de su sintomatolog\u00eda o las dificultades que encuentre en el camino. Entendemos la ocupaci\u00f3n laboral como una parte fundamental en el proceso de recuperaci\u00f3n global, pero, es muy dif\u00edcil la recuperaci\u00f3n si de base renunciamos a un elemento tan integrador como es el empleo.<\/p>\n<p>La ocupaci\u00f3n laboral, adem\u00e1s, adem\u00e1s de un papel integrador, aporta numerosos beneficios, mejorando la calidad de vida de la persona, permitiendo una participaci\u00f3n activa en la sociedad de la que forma parte. El rol que se adquiere como trabajador, independientemente de la jornada o el cargo desempe\u00f1ado, aporta un aumento de autoestima, la adquisici\u00f3n de una rutina diaria, un sentido de utilidad y pertenencia y una inclusi\u00f3n social que se traducen en un beneficio psicosocial que evita crisis y reca\u00eddas.<\/p>\n<p>Adem\u00e1s, en el caso de las mujeres, debemos tener en cuenta todos los factores adicionales que inciden en su empleabilidad situ\u00e1ndolas en una situaci\u00f3n de mayor vulnerabilidad.<\/p>\n","protected":false},"excerpt":{"rendered":"<p>Las personas con discapacidad encuentran numerosos obst\u00e1culos para acceder a un empleo. Dentro de este colectivo, en concreto las&hellip;<\/p>\n","protected":false},"author":2,"featured_media":889,"comment_status":"open","ping_status":"open","sticky":false,"template":"","format":"standard","meta":{"_monsterinsights_skip_tracking":false,"_monsterinsights_sitenote_active":false,"_monsterinsights_sitenote_note":"","_monsterinsights_sitenote_category":0,"footnotes":""},"categories":[4],"tags":[],"class_list":["post-884","post","type-post","status-publish","format-standard","has-post-thumbnail","hentry","category-diversidad-generacional"],"yoast_head":"<!-- This site is optimized with the Yoast SEO plugin v27.0 - https:\/\/yoast.com\/product\/yoast-seo-wordpress\/ -->\n<title>Personas con discapacidad por enfermedad mental - Fundaci\u00f3n Triangle<\/title>\n<meta name=\"description\" content=\"Las personas con alguna enfermedad mental sufren unas tasas de desempleo superiores al resto de personas con discapacidad.\" \/>\n<meta name=\"robots\" content=\"index, follow, max-snippet:-1, max-image-preview:large, max-video-preview:-1\" \/>\n<link rel=\"canonical\" href=\"https:\/\/www.fundaciontriangle.org\/blog\/personas-con-discapacidad-por-enfermedad-mental\/\" \/>\n<meta property=\"og:locale\" content=\"es_ES\" \/>\n<meta property=\"og:type\" content=\"article\" \/>\n<meta property=\"og:title\" content=\"Personas con discapacidad por enfermedad mental - Fundaci\u00f3n Triangle\" \/>\n<meta property=\"og:description\" content=\"Las personas con alguna enfermedad mental sufren unas tasas de desempleo superiores al resto de personas con discapacidad.\" \/>\n<meta property=\"og:url\" content=\"https:\/\/www.fundaciontriangle.org\/blog\/personas-con-discapacidad-por-enfermedad-mental\/\" \/>\n<meta property=\"og:site_name\" content=\"Blog de Fundaci\u00f3n Triangle\" \/>\n<meta property=\"article:published_time\" content=\"2021-01-22T09:12:13+00:00\" \/>\n<meta property=\"article:modified_time\" content=\"2021-01-22T11:11:07+00:00\" \/>\n<meta property=\"og:image\" content=\"https:\/\/www.fundaciontriangle.org\/blog\/wp-content\/uploads\/sites\/2\/2021\/01\/enero_discapacidad_cabecera2.jpg\" \/>\n\t<meta property=\"og:image:width\" content=\"1920\" \/>\n\t<meta property=\"og:image:height\" content=\"962\" \/>\n\t<meta property=\"og:image:type\" content=\"image\/jpeg\" \/>\n<meta name=\"author\" content=\"Admin\" \/>\n<meta name=\"twitter:card\" content=\"summary_large_image\" \/>\n<meta name=\"twitter:label1\" content=\"Escrito por\" \/>\n\t<meta name=\"twitter:data1\" content=\"Admin\" \/>\n\t<meta name=\"twitter:label2\" content=\"Tiempo de lectura\" \/>\n\t<meta name=\"twitter:data2\" content=\"4 minutos\" \/>\n<script type=\"application\/ld+json\" class=\"yoast-schema-graph\">{\"@context\":\"https:\/\/schema.org\",\"@graph\":[{\"@type\":\"Article\",\"@id\":\"https:\/\/www.fundaciontriangle.org\/blog\/personas-con-discapacidad-por-enfermedad-mental\/#article\",\"isPartOf\":{\"@id\":\"https:\/\/www.fundaciontriangle.org\/blog\/personas-con-discapacidad-por-enfermedad-mental\/\"},\"author\":{\"name\":\"Admin\",\"@id\":\"https:\/\/www.fundaciontriangle.org\/blog\/#\/schema\/person\/c4acdb9bfe5998701e5195e93e3bf579\"},\"headline\":\"Personas con discapacidad por enfermedad mental\",\"datePublished\":\"2021-01-22T09:12:13+00:00\",\"dateModified\":\"2021-01-22T11:11:07+00:00\",\"mainEntityOfPage\":{\"@id\":\"https:\/\/www.fundaciontriangle.org\/blog\/personas-con-discapacidad-por-enfermedad-mental\/\"},\"wordCount\":771,\"commentCount\":0,\"image\":{\"@id\":\"https:\/\/www.fundaciontriangle.org\/blog\/personas-con-discapacidad-por-enfermedad-mental\/#primaryimage\"},\"thumbnailUrl\":\"https:\/\/www.fundaciontriangle.org\/blog\/wp-content\/uploads\/sites\/2\/2021\/01\/enero_discapacidad_cabecera2.jpg\",\"articleSection\":[\"Fundaci\u00f3n Triangle\"],\"inLanguage\":\"es\",\"potentialAction\":[{\"@type\":\"CommentAction\",\"name\":\"Comment\",\"target\":[\"https:\/\/www.fundaciontriangle.org\/blog\/personas-con-discapacidad-por-enfermedad-mental\/#respond\"]}]},{\"@type\":\"WebPage\",\"@id\":\"https:\/\/www.fundaciontriangle.org\/blog\/personas-con-discapacidad-por-enfermedad-mental\/\",\"url\":\"https:\/\/www.fundaciontriangle.org\/blog\/personas-con-discapacidad-por-enfermedad-mental\/\",\"name\":\"Personas con discapacidad por enfermedad mental - Fundaci\u00f3n Triangle\",\"isPartOf\":{\"@id\":\"https:\/\/www.fundaciontriangle.org\/blog\/#website\"},\"primaryImageOfPage\":{\"@id\":\"https:\/\/www.fundaciontriangle.org\/blog\/personas-con-discapacidad-por-enfermedad-mental\/#primaryimage\"},\"image\":{\"@id\":\"https:\/\/www.fundaciontriangle.org\/blog\/personas-con-discapacidad-por-enfermedad-mental\/#primaryimage\"},\"thumbnailUrl\":\"https:\/\/www.fundaciontriangle.org\/blog\/wp-content\/uploads\/sites\/2\/2021\/01\/enero_discapacidad_cabecera2.jpg\",\"datePublished\":\"2021-01-22T09:12:13+00:00\",\"dateModified\":\"2021-01-22T11:11:07+00:00\",\"author\":{\"@id\":\"https:\/\/www.fundaciontriangle.org\/blog\/#\/schema\/person\/c4acdb9bfe5998701e5195e93e3bf579\"},\"description\":\"Las personas con alguna enfermedad mental sufren unas tasas de desempleo superiores al resto de personas con discapacidad.\",\"inLanguage\":\"es\",\"potentialAction\":[{\"@type\":\"ReadAction\",\"target\":[\"https:\/\/www.fundaciontriangle.org\/blog\/personas-con-discapacidad-por-enfermedad-mental\/\"]}]},{\"@type\":\"ImageObject\",\"inLanguage\":\"es\",\"@id\":\"https:\/\/www.fundaciontriangle.org\/blog\/personas-con-discapacidad-por-enfermedad-mental\/#primaryimage\",\"url\":\"https:\/\/www.fundaciontriangle.org\/blog\/wp-content\/uploads\/sites\/2\/2021\/01\/enero_discapacidad_cabecera2.jpg\",\"contentUrl\":\"https:\/\/www.fundaciontriangle.org\/blog\/wp-content\/uploads\/sites\/2\/2021\/01\/enero_discapacidad_cabecera2.jpg\",\"width\":1920,\"height\":962,\"caption\":\"Personas con discapacidad por trastorno mental | Triangle Talent\"},{\"@type\":\"WebSite\",\"@id\":\"https:\/\/www.fundaciontriangle.org\/blog\/#website\",\"url\":\"https:\/\/www.fundaciontriangle.org\/blog\/\",\"name\":\"Blog de Fundaci\u00f3n Triangle\",\"description\":\"Hablamos talento s\u00e9nior, diversidad, edadismo, igualdad de oportunidades, trabajo digno, alianzas, entornos de trabajo, recursos humanos. De la gesti\u00f3n de la diversidad, del talento y la experiencia de las personas, de lo que aportan a las empresas.\",\"potentialAction\":[{\"@type\":\"SearchAction\",\"target\":{\"@type\":\"EntryPoint\",\"urlTemplate\":\"https:\/\/www.fundaciontriangle.org\/blog\/?s={search_term_string}\"},\"query-input\":{\"@type\":\"PropertyValueSpecification\",\"valueRequired\":true,\"valueName\":\"search_term_string\"}}],\"inLanguage\":\"es\"},{\"@type\":\"Person\",\"@id\":\"https:\/\/www.fundaciontriangle.org\/blog\/#\/schema\/person\/c4acdb9bfe5998701e5195e93e3bf579\",\"name\":\"Admin\",\"image\":{\"@type\":\"ImageObject\",\"inLanguage\":\"es\",\"@id\":\"https:\/\/www.fundaciontriangle.org\/blog\/#\/schema\/person\/image\/\",\"url\":\"https:\/\/secure.gravatar.com\/avatar\/639dfb27e51a4baf887721ba49ad906aa378fe5130c9cfa9ca94c4bf967b0c66?s=96&d=mm&r=g\",\"contentUrl\":\"https:\/\/secure.gravatar.com\/avatar\/639dfb27e51a4baf887721ba49ad906aa378fe5130c9cfa9ca94c4bf967b0c66?s=96&d=mm&r=g\",\"caption\":\"Admin\"}}]}<\/script>\n<!-- \/ Yoast SEO plugin. -->","yoast_head_json":{"title":"Personas con discapacidad por enfermedad mental - Fundaci\u00f3n Triangle","description":"Las personas con alguna enfermedad mental sufren unas tasas de desempleo superiores al resto de personas con discapacidad.","robots":{"index":"index","follow":"follow","max-snippet":"max-snippet:-1","max-image-preview":"max-image-preview:large","max-video-preview":"max-video-preview:-1"},"canonical":"https:\/\/www.fundaciontriangle.org\/blog\/personas-con-discapacidad-por-enfermedad-mental\/","og_locale":"es_ES","og_type":"article","og_title":"Personas con discapacidad por enfermedad mental - Fundaci\u00f3n Triangle","og_description":"Las personas con alguna enfermedad mental sufren unas tasas de desempleo superiores al resto de personas con discapacidad.","og_url":"https:\/\/www.fundaciontriangle.org\/blog\/personas-con-discapacidad-por-enfermedad-mental\/","og_site_name":"Blog de Fundaci\u00f3n Triangle","article_published_time":"2021-01-22T09:12:13+00:00","article_modified_time":"2021-01-22T11:11:07+00:00","og_image":[{"width":1920,"height":962,"url":"https:\/\/www.fundaciontriangle.org\/blog\/wp-content\/uploads\/sites\/2\/2021\/01\/enero_discapacidad_cabecera2.jpg","type":"image\/jpeg"}],"author":"Admin","twitter_card":"summary_large_image","twitter_misc":{"Escrito por":"Admin","Tiempo de lectura":"4 minutos"},"schema":{"@context":"https:\/\/schema.org","@graph":[{"@type":"Article","@id":"https:\/\/www.fundaciontriangle.org\/blog\/personas-con-discapacidad-por-enfermedad-mental\/#article","isPartOf":{"@id":"https:\/\/www.fundaciontriangle.org\/blog\/personas-con-discapacidad-por-enfermedad-mental\/"},"author":{"name":"Admin","@id":"https:\/\/www.fundaciontriangle.org\/blog\/#\/schema\/person\/c4acdb9bfe5998701e5195e93e3bf579"},"headline":"Personas con discapacidad por enfermedad mental","datePublished":"2021-01-22T09:12:13+00:00","dateModified":"2021-01-22T11:11:07+00:00","mainEntityOfPage":{"@id":"https:\/\/www.fundaciontriangle.org\/blog\/personas-con-discapacidad-por-enfermedad-mental\/"},"wordCount":771,"commentCount":0,"image":{"@id":"https:\/\/www.fundaciontriangle.org\/blog\/personas-con-discapacidad-por-enfermedad-mental\/#primaryimage"},"thumbnailUrl":"https:\/\/www.fundaciontriangle.org\/blog\/wp-content\/uploads\/sites\/2\/2021\/01\/enero_discapacidad_cabecera2.jpg","articleSection":["Fundaci\u00f3n Triangle"],"inLanguage":"es","potentialAction":[{"@type":"CommentAction","name":"Comment","target":["https:\/\/www.fundaciontriangle.org\/blog\/personas-con-discapacidad-por-enfermedad-mental\/#respond"]}]},{"@type":"WebPage","@id":"https:\/\/www.fundaciontriangle.org\/blog\/personas-con-discapacidad-por-enfermedad-mental\/","url":"https:\/\/www.fundaciontriangle.org\/blog\/personas-con-discapacidad-por-enfermedad-mental\/","name":"Personas con discapacidad por enfermedad mental - Fundaci\u00f3n Triangle","isPartOf":{"@id":"https:\/\/www.fundaciontriangle.org\/blog\/#website"},"primaryImageOfPage":{"@id":"https:\/\/www.fundaciontriangle.org\/blog\/personas-con-discapacidad-por-enfermedad-mental\/#primaryimage"},"image":{"@id":"https:\/\/www.fundaciontriangle.org\/blog\/personas-con-discapacidad-por-enfermedad-mental\/#primaryimage"},"thumbnailUrl":"https:\/\/www.fundaciontriangle.org\/blog\/wp-content\/uploads\/sites\/2\/2021\/01\/enero_discapacidad_cabecera2.jpg","datePublished":"2021-01-22T09:12:13+00:00","dateModified":"2021-01-22T11:11:07+00:00","author":{"@id":"https:\/\/www.fundaciontriangle.org\/blog\/#\/schema\/person\/c4acdb9bfe5998701e5195e93e3bf579"},"description":"Las personas con alguna enfermedad mental sufren unas tasas de desempleo superiores al resto de personas con discapacidad.","inLanguage":"es","potentialAction":[{"@type":"ReadAction","target":["https:\/\/www.fundaciontriangle.org\/blog\/personas-con-discapacidad-por-enfermedad-mental\/"]}]},{"@type":"ImageObject","inLanguage":"es","@id":"https:\/\/www.fundaciontriangle.org\/blog\/personas-con-discapacidad-por-enfermedad-mental\/#primaryimage","url":"https:\/\/www.fundaciontriangle.org\/blog\/wp-content\/uploads\/sites\/2\/2021\/01\/enero_discapacidad_cabecera2.jpg","contentUrl":"https:\/\/www.fundaciontriangle.org\/blog\/wp-content\/uploads\/sites\/2\/2021\/01\/enero_discapacidad_cabecera2.jpg","width":1920,"height":962,"caption":"Personas con discapacidad por trastorno mental | Triangle Talent"},{"@type":"WebSite","@id":"https:\/\/www.fundaciontriangle.org\/blog\/#website","url":"https:\/\/www.fundaciontriangle.org\/blog\/","name":"Blog de Fundaci\u00f3n Triangle","description":"Hablamos talento s\u00e9nior, diversidad, edadismo, igualdad de oportunidades, trabajo digno, alianzas, entornos de trabajo, recursos humanos. De la gesti\u00f3n de la diversidad, del talento y la experiencia de las personas, de lo que aportan a las empresas.","potentialAction":[{"@type":"SearchAction","target":{"@type":"EntryPoint","urlTemplate":"https:\/\/www.fundaciontriangle.org\/blog\/?s={search_term_string}"},"query-input":{"@type":"PropertyValueSpecification","valueRequired":true,"valueName":"search_term_string"}}],"inLanguage":"es"},{"@type":"Person","@id":"https:\/\/www.fundaciontriangle.org\/blog\/#\/schema\/person\/c4acdb9bfe5998701e5195e93e3bf579","name":"Admin","image":{"@type":"ImageObject","inLanguage":"es","@id":"https:\/\/www.fundaciontriangle.org\/blog\/#\/schema\/person\/image\/","url":"https:\/\/secure.gravatar.com\/avatar\/639dfb27e51a4baf887721ba49ad906aa378fe5130c9cfa9ca94c4bf967b0c66?s=96&d=mm&r=g","contentUrl":"https:\/\/secure.gravatar.com\/avatar\/639dfb27e51a4baf887721ba49ad906aa378fe5130c9cfa9ca94c4bf967b0c66?s=96&d=mm&r=g","caption":"Admin"}}]}},"_links":{"self":[{"href":"https:\/\/www.fundaciontriangle.org\/blog\/wp-json\/wp\/v2\/posts\/884","targetHints":{"allow":["GET"]}}],"collection":[{"href":"https:\/\/www.fundaciontriangle.org\/blog\/wp-json\/wp\/v2\/posts"}],"about":[{"href":"https:\/\/www.fundaciontriangle.org\/blog\/wp-json\/wp\/v2\/types\/post"}],"author":[{"embeddable":true,"href":"https:\/\/www.fundaciontriangle.org\/blog\/wp-json\/wp\/v2\/users\/2"}],"replies":[{"embeddable":true,"href":"https:\/\/www.fundaciontriangle.org\/blog\/wp-json\/wp\/v2\/comments?post=884"}],"version-history":[{"count":2,"href":"https:\/\/www.fundaciontriangle.org\/blog\/wp-json\/wp\/v2\/posts\/884\/revisions"}],"predecessor-version":[{"id":890,"href":"https:\/\/www.fundaciontriangle.org\/blog\/wp-json\/wp\/v2\/posts\/884\/revisions\/890"}],"wp:featuredmedia":[{"embeddable":true,"href":"https:\/\/www.fundaciontriangle.org\/blog\/wp-json\/wp\/v2\/media\/889"}],"wp:attachment":[{"href":"https:\/\/www.fundaciontriangle.org\/blog\/wp-json\/wp\/v2\/media?parent=884"}],"wp:term":[{"taxonomy":"category","embeddable":true,"href":"https:\/\/www.fundaciontriangle.org\/blog\/wp-json\/wp\/v2\/categories?post=884"},{"taxonomy":"post_tag","embeddable":true,"href":"https:\/\/www.fundaciontriangle.org\/blog\/wp-json\/wp\/v2\/tags?post=884"}],"curies":[{"name":"wp","href":"https:\/\/api.w.org\/{rel}","templated":true}]}}