{"id":791,"date":"2020-03-11T11:02:22","date_gmt":"2020-03-11T10:02:22","guid":{"rendered":"http:\/\/www.fundaciontriangle.org\/blog\/?p=791"},"modified":"2020-03-09T11:32:18","modified_gmt":"2020-03-09T10:32:18","slug":"el-swing-mas-certero","status":"publish","type":"post","link":"https:\/\/www.fundaciontriangle.org\/blog\/el-swing-mas-certero\/","title":{"rendered":"El swing m\u00e1s certero"},"content":{"rendered":"<p>Por <a href=\"https:\/\/www.linkedin.com\/in\/fernando-lallana-moreno-a2a58a9\/\" target=\"_blank\" rel=\"noopener noreferrer\">FERNANDO LALLANA<\/a><\/p>\n<h2>Golf y Recursos Humanos<\/h2>\n<p>Al golfista norteamericano Sam Snead le irritaba que los periodistas deportivos le reconocieran el golpe m\u00e1s natural y hermoso del circuito. En realidad, su swing no era natural, era fruto de honda <strong>dedicaci\u00f3n y persistencia.<\/strong> Encrespaba al maestro que se restara m\u00e9rito a horas y horas de persistente <strong>entrenamiento<\/strong>, en muchas ocasiones interrumpidas por el sangrado de sus manos.<br \/>\nUn elemento que provoca fascinaci\u00f3n entre quienes trabajamos en el \u00e1mbito de los Recursos Humanos y el Emprendimiento es el talento. No me refiero a un determinado tipo, sino al talento con may\u00fasculas. La mejor definici\u00f3n, desde mi punto de vista, hace referencia a la <strong>capacidad<\/strong> puesta en pr\u00e1ctica por una persona que tiene <strong>la voluntad y el compromiso<\/strong> de alcanzar resultados superiores en el entorno concreto de un grupo u organizaci\u00f3n.<\/p>\n<h2>El talento:\u00bfgen\u00e9tica o entrenamiento?<\/h2>\n<p>Forma parte de un recurrente debate si el talento viene en la mochila de la gen\u00e9tica o si puede y debe ser adquirido con entrenamiento. \u00bfDesde qu\u00e9 \u00f3ptica pueden explicarse resultados extraordinarios en el \u00e1mbito del deporte, del conocimiento, de la excelencia art\u00edstica o de la empresa? A pesar de que <strong>Arist\u00f3teles<\/strong>, en su \u00c9tica a Nic\u00f3maco afirmara que la \u201cexcelencia no es un acto, sino un h\u00e1bito\u201d, a lo largo de mucho tiempo se entendi\u00f3 que el talento era innato. S\u00f3lo a finales del siglo XIV se comenz\u00f3 a discrepar de la teor\u00eda gen\u00e9tica.<\/p>\n<p>El psic\u00f3logo <strong><a href=\"https:\/\/es.wikipedia.org\/wiki\/William_James\" target=\"_blank\" rel=\"noopener noreferrer\">William James<\/a>,<\/strong> en su obra Principios de Psicolog\u00eda, advirti\u00f3 que \u201csi los j\u00f3venes supieran lo pronto que se convertir\u00e1n en meros manojos de h\u00e1bitos, prestar\u00edan m\u00e1s atenci\u00f3n a su conducta mientras todav\u00eda tienen plasticidad\u201d. S\u00f3lo desde bien entrado el siglo XX se comenz\u00f3 a pensar seriamente que el talento podr\u00eda educarse y perfeccionarse. En la actualidad, la mayor parte de los autores coinciden en que el peso gen\u00e9tico es un factor cada vez menos condicionante.<\/p>\n<p>La investigadora<strong> <a href=\"https:\/\/www.ted.com\/talks\/carol_dweck_the_power_of_believing_that_you_can_improve\/transcript?awesm=on.ted.com_8ulA&amp;language=es\" target=\"_blank\" rel=\"noopener noreferrer\">Carol Dweck<\/a>,<\/strong> en La actitud de \u00e9xito, afirma que carecen de \u201cmentalidad de crecimiento\u201d quienes creen que nacemos con una tasa de talento que se mantiene durante toda la vida. Sin duda, venimos a este mundo con un material gen\u00e9tico incorporado, pero no es menos cierto que, mediante procesos de educaci\u00f3n, se puede modular dicho abastecimiento innato y generar as\u00ed talento.<\/p>\n<h2>La motivaci\u00f3n en el \u00e1mbito educativo<\/h2>\n<p>En el \u00e1mbito educativo, son muchos los estudios que insisten en que la motivaci\u00f3n hacia la e<strong>xcelencia y el aprendizaje constante, persistente<\/strong> y no exento de esfuerzo y superaci\u00f3n, es determinante en un adecuado desarrollo de talento. Uno de los expertos que m\u00e1s ha estudiado la influencia del Talento en el \u00e9xito personal es el norteamericano Geoff Colvin. En su libro The Talent is Overrated explica c\u00f3mo el llamado \u201cdon natural\u201d incorporado al equipamiento natural es un elemento mucho menos importante de lo que puede parecer en las personas que han alcanzado cotas de \u00e9xito elevadas.<\/p>\n<p>Las investigaciones recientes demuestran que esa no es la raz\u00f3n de por qu\u00e9 determinadas personas alcanzan resultados extraordinarios. M\u00e1s bien, el quid est\u00e1 en la denominada \u201cpr\u00e1ctica deliberada\u201d o tipo de actividad espec\u00edficamente definida que es entrenada con gran intensidad. Sin embargo, no se trata simplemente de trabajar duro y repetir de forma constante determinadas tareas. No es cuesti\u00f3n de golpear la bola una y mil veces como un aut\u00f3mata.<\/p>\n<p>La pr\u00e1ctica intensa descansa sobre la paradoja de que<strong> el esfuerzo para conseguir objetivos espec\u00edficos,<\/strong> permitiendo cometer errores, amplifica los niveles de inteligencia. Las experiencias en las que una persona se ve obligada a alcanzar metas sorteando dificultades, avanzando lentamente, cometiendo y enmendando errores, acaban por multiplicar su agilidad mental.<\/p>\n<p>Se tiende a creer en nuestra sociedad postmoderna que es deseable el aprendizaje sin esfuerzo; y una corriente de educadores ha emprendido una cruzada contra el empe\u00f1o sacrificado y tenaz. Sin embargo, \u201cse trata de una manera terrible de aprender\u201d, seg\u00fan Robert Bjork. Es como pretender ganar un grand slam sin bajarse del buggy.<\/p>\n<p><img loading=\"lazy\" decoding=\"async\" class=\"alignnone size-full wp-image-798\" src=\"http:\/\/www.fundaciontriangle.org\/blog\/wp-content\/uploads\/sites\/2\/2020\/03\/Creencias-limitantes.png\" alt=\"Reflexi\u00f3n\" width=\"1419\" height=\"456\" \/><\/p>\n<h2>Reflexionar<\/h2>\n<p>\u00bfQu\u00e9 aportan estas reflexiones a una direcci\u00f3n de Recursos Humanos? Pues como poco, que la <strong>identificaci\u00f3n del talento y su desarrollo<\/strong> no debe centrarse de manera determinante en las personas extraordinarias que parecen tener habilidades innatas. La ciencia nos est\u00e1 orientando a poner el acento en <strong>identificar personas<\/strong> que, partiendo de la detecci\u00f3n de peque\u00f1as ventajas gen\u00e9ticas, han interiorizado procesos de desarrollo de competencias o cualidades. Pero principalmente nos conduce a concluir que las personas m\u00e1s valiosas son las que, sobre todo, alentadas por la combusti\u00f3n de la motivaci\u00f3n, se esfuerzan en desarrollar y cultivar sus competencias mediante una tenaz e inteligente pr\u00e1ctica deliberada.<\/p>\n<p>Una \u00faltima reflexi\u00f3n nos sit\u00faa en el absurdo de asumir que <strong>el talento de los profesionales s\u00e9nior<\/strong> queda menoscabado simplemente atendiendo a su edad. Si se admite que la persistente pr\u00e1ctica deliberada estimula y multiplica el talento, podemos afirmar que, en general, el swing profesional m\u00e1s certero est\u00e1 m\u00e1s pr\u00f3ximo a la robusta madurez que a la inexperta e imberbe biso\u00f1ez. Por ello resulta crucial iluminar el talento s\u00e9nior con valores como los que inspira la pel\u00edcula \u201cAbuelos, nunca es tarde para emprender\u201d (2019), banqueteada por <a href=\"http:\/\/www.fundaciontriangle.org\/actividades\/\" target=\"_blank\" rel=\"noopener noreferrer\">Fundaci\u00f3n Selectiva<\/a> con un insuperable hole in one.<\/p>\n<p>&nbsp;<\/p>\n<p><img loading=\"lazy\" decoding=\"async\" class=\"alignnone size-full wp-image-792\" src=\"http:\/\/www.fundaciontriangle.org\/blog\/wp-content\/uploads\/sites\/2\/2020\/03\/Fernando-2.jpg\" alt=\"Fernando\" width=\"1744\" height=\"1351\" srcset=\"https:\/\/www.fundaciontriangle.org\/blog\/wp-content\/uploads\/sites\/2\/2020\/03\/Fernando-2.jpg 1744w, https:\/\/www.fundaciontriangle.org\/blog\/wp-content\/uploads\/sites\/2\/2020\/03\/Fernando-2-1536x1190.jpg 1536w\" sizes=\"auto, (max-width: 1744px) 100vw, 1744px\" \/><\/p>\n<h2>\u00bfQui\u00e9n es Fernando Lallana Moreno?<\/h2>\n<p>Fernando es actualmente Socio- Consultor en\u00a0 Management&amp;Research,\u00a0 donde lidera proyectos y <em>outsourcing<\/em> de Recursos Humanos y Emprendimiento en el \u00e1mbito nacional e internacional, principalmente en Am\u00e9rica Latina.<\/p>\n<p>Imparte conferencias o workshops sobre Emprendimiento : \u201cEmprender o no emprender\u201d y clases de Iniciativa Emprendedora en Centros de Ense\u00f1anzas Superior.<\/p>\n<p>Profesor del\u00a0 M\u00f3dulo \u201cIdentificaci\u00f3n y desarrollo de talento\u201d en Master Executive de Liderazgo y Recursos Humanos en <em>Institute for Advance Management<\/em> del CEU.<\/p>\n<p>Autor de varios libros hist\u00f3ricos: \u00abFlorentius\u00bb (2012) y \u00abSi te dicen loco\u00bb (2025) y coautor de: \u00abMBA: m\u00e1s que buenas actitudes\u00bb y \u00abAbuelos\u00bb junto con Ana Virtudes basado en gui\u00f3n de la pel\u00edcula de <a href=\"https:\/\/twitter.com\/santiagorequejo?lang=es\" target=\"_blank\" rel=\"noopener noreferrer\">Santiago Requejo<\/a>: \u00abAbuelos, nunca es tarde para emprender\u00bb<\/p>\n<p>Desde 2019 es Director de los \u00abPremios +50Emprende\u00bb\u00a0 dirigidos a personas mayores de 50 a\u00f1os. En su primera edici\u00f3n tuvieron una dotaci\u00f3n econ\u00f3mica de 30.000\u20ac, que se reparti\u00f3 entre 3 proyectos presentados por emprendedoras y emprendedores senior de toda Espa\u00f1a.<\/p>\n<p>Este es el v\u00eddeo resumen para que puedas conocer el proyecto:<\/p>\n<p><iframe loading=\"lazy\" src=\"https:\/\/www.youtube.com\/embed\/QzKnPlGCRHA\" width=\"560\" height=\"315\" frameborder=\"0\" allowfullscreen=\"allowfullscreen\"><\/iframe><\/p>\n<div class=\"wp-menu-arrow\"><\/div>\n<p>&nbsp;<\/p>\n","protected":false},"excerpt":{"rendered":"<p>Por FERNANDO LALLANA Golf y Recursos Humanos Al golfista norteamericano Sam Snead le irritaba que los periodistas deportivos le&hellip;<\/p>\n","protected":false},"author":2,"featured_media":795,"comment_status":"open","ping_status":"open","sticky":false,"template":"","format":"standard","meta":{"_monsterinsights_skip_tracking":false,"_monsterinsights_sitenote_active":false,"_monsterinsights_sitenote_note":"","_monsterinsights_sitenote_category":0,"footnotes":""},"categories":[3],"tags":[],"class_list":["post-791","post","type-post","status-publish","format-standard","has-post-thumbnail","hentry","category-talento-senior"],"yoast_head":"<!-- This site is optimized with the Yoast SEO plugin v27.0 - https:\/\/yoast.com\/product\/yoast-seo-wordpress\/ -->\n<title>El swing m\u00e1s certero - Blog de Fundaci\u00f3n Triangle<\/title>\n<meta name=\"description\" content=\"El talento s\u00e9nior no puede quedar menoscabado por la edad. Hay que iluminarlo con valores porque el talento no es una cuesti\u00f3n de edad.\" \/>\n<meta name=\"robots\" content=\"index, follow, max-snippet:-1, max-image-preview:large, max-video-preview:-1\" \/>\n<link rel=\"canonical\" href=\"https:\/\/www.fundaciontriangle.org\/blog\/el-swing-mas-certero\/\" \/>\n<meta property=\"og:locale\" content=\"es_ES\" \/>\n<meta property=\"og:type\" content=\"article\" \/>\n<meta property=\"og:title\" content=\"El swing m\u00e1s certero - Blog de Fundaci\u00f3n Triangle\" \/>\n<meta property=\"og:description\" content=\"El talento s\u00e9nior no puede quedar menoscabado por la edad. Hay que iluminarlo con valores porque el talento no es una cuesti\u00f3n de edad.\" \/>\n<meta property=\"og:url\" content=\"https:\/\/www.fundaciontriangle.org\/blog\/el-swing-mas-certero\/\" \/>\n<meta property=\"og:site_name\" content=\"Blog de Fundaci\u00f3n Triangle\" \/>\n<meta property=\"article:published_time\" content=\"2020-03-11T10:02:22+00:00\" \/>\n<meta property=\"og:image\" content=\"https:\/\/www.fundaciontriangle.org\/blog\/wp-content\/uploads\/sites\/2\/2020\/03\/Dise\u00f1o-sin-t\u00edtulo.png\" \/>\n\t<meta property=\"og:image:width\" content=\"520\" \/>\n\t<meta property=\"og:image:height\" content=\"320\" \/>\n\t<meta property=\"og:image:type\" content=\"image\/png\" \/>\n<meta name=\"author\" content=\"Admin\" \/>\n<meta name=\"twitter:card\" content=\"summary_large_image\" \/>\n<meta name=\"twitter:label1\" content=\"Escrito por\" \/>\n\t<meta name=\"twitter:data1\" content=\"Admin\" \/>\n\t<meta name=\"twitter:label2\" content=\"Tiempo de lectura\" \/>\n\t<meta name=\"twitter:data2\" content=\"5 minutos\" \/>\n<script type=\"application\/ld+json\" class=\"yoast-schema-graph\">{\"@context\":\"https:\/\/schema.org\",\"@graph\":[{\"@type\":\"Article\",\"@id\":\"https:\/\/www.fundaciontriangle.org\/blog\/el-swing-mas-certero\/#article\",\"isPartOf\":{\"@id\":\"https:\/\/www.fundaciontriangle.org\/blog\/el-swing-mas-certero\/\"},\"author\":{\"name\":\"Admin\",\"@id\":\"https:\/\/www.fundaciontriangle.org\/blog\/#\/schema\/person\/c4acdb9bfe5998701e5195e93e3bf579\"},\"headline\":\"El swing m\u00e1s certero\",\"datePublished\":\"2020-03-11T10:02:22+00:00\",\"mainEntityOfPage\":{\"@id\":\"https:\/\/www.fundaciontriangle.org\/blog\/el-swing-mas-certero\/\"},\"wordCount\":1104,\"commentCount\":0,\"image\":{\"@id\":\"https:\/\/www.fundaciontriangle.org\/blog\/el-swing-mas-certero\/#primaryimage\"},\"thumbnailUrl\":\"https:\/\/www.fundaciontriangle.org\/blog\/wp-content\/uploads\/sites\/2\/2020\/03\/Dise\u00f1o-sin-t\u00edtulo.png\",\"articleSection\":[\"Talento S\u00e9nior\"],\"inLanguage\":\"es\",\"potentialAction\":[{\"@type\":\"CommentAction\",\"name\":\"Comment\",\"target\":[\"https:\/\/www.fundaciontriangle.org\/blog\/el-swing-mas-certero\/#respond\"]}]},{\"@type\":\"WebPage\",\"@id\":\"https:\/\/www.fundaciontriangle.org\/blog\/el-swing-mas-certero\/\",\"url\":\"https:\/\/www.fundaciontriangle.org\/blog\/el-swing-mas-certero\/\",\"name\":\"El swing m\u00e1s certero - Blog de Fundaci\u00f3n Triangle\",\"isPartOf\":{\"@id\":\"https:\/\/www.fundaciontriangle.org\/blog\/#website\"},\"primaryImageOfPage\":{\"@id\":\"https:\/\/www.fundaciontriangle.org\/blog\/el-swing-mas-certero\/#primaryimage\"},\"image\":{\"@id\":\"https:\/\/www.fundaciontriangle.org\/blog\/el-swing-mas-certero\/#primaryimage\"},\"thumbnailUrl\":\"https:\/\/www.fundaciontriangle.org\/blog\/wp-content\/uploads\/sites\/2\/2020\/03\/Dise\u00f1o-sin-t\u00edtulo.png\",\"datePublished\":\"2020-03-11T10:02:22+00:00\",\"author\":{\"@id\":\"https:\/\/www.fundaciontriangle.org\/blog\/#\/schema\/person\/c4acdb9bfe5998701e5195e93e3bf579\"},\"description\":\"El talento s\u00e9nior no puede quedar menoscabado por la edad. Hay que iluminarlo con valores porque el talento no es una cuesti\u00f3n de edad.\",\"inLanguage\":\"es\",\"potentialAction\":[{\"@type\":\"ReadAction\",\"target\":[\"https:\/\/www.fundaciontriangle.org\/blog\/el-swing-mas-certero\/\"]}]},{\"@type\":\"ImageObject\",\"inLanguage\":\"es\",\"@id\":\"https:\/\/www.fundaciontriangle.org\/blog\/el-swing-mas-certero\/#primaryimage\",\"url\":\"https:\/\/www.fundaciontriangle.org\/blog\/wp-content\/uploads\/sites\/2\/2020\/03\/Dise\u00f1o-sin-t\u00edtulo.png\",\"contentUrl\":\"https:\/\/www.fundaciontriangle.org\/blog\/wp-content\/uploads\/sites\/2\/2020\/03\/Dise\u00f1o-sin-t\u00edtulo.png\",\"width\":520,\"height\":320,\"caption\":\"Golf y talento\"},{\"@type\":\"WebSite\",\"@id\":\"https:\/\/www.fundaciontriangle.org\/blog\/#website\",\"url\":\"https:\/\/www.fundaciontriangle.org\/blog\/\",\"name\":\"Blog de Fundaci\u00f3n Triangle\",\"description\":\"Hablamos talento s\u00e9nior, diversidad, edadismo, igualdad de oportunidades, trabajo digno, alianzas, entornos de trabajo, recursos humanos. De la gesti\u00f3n de la diversidad, del talento y la experiencia de las personas, de lo que aportan a las empresas.\",\"potentialAction\":[{\"@type\":\"SearchAction\",\"target\":{\"@type\":\"EntryPoint\",\"urlTemplate\":\"https:\/\/www.fundaciontriangle.org\/blog\/?s={search_term_string}\"},\"query-input\":{\"@type\":\"PropertyValueSpecification\",\"valueRequired\":true,\"valueName\":\"search_term_string\"}}],\"inLanguage\":\"es\"},{\"@type\":\"Person\",\"@id\":\"https:\/\/www.fundaciontriangle.org\/blog\/#\/schema\/person\/c4acdb9bfe5998701e5195e93e3bf579\",\"name\":\"Admin\",\"image\":{\"@type\":\"ImageObject\",\"inLanguage\":\"es\",\"@id\":\"https:\/\/www.fundaciontriangle.org\/blog\/#\/schema\/person\/image\/\",\"url\":\"https:\/\/secure.gravatar.com\/avatar\/639dfb27e51a4baf887721ba49ad906aa378fe5130c9cfa9ca94c4bf967b0c66?s=96&d=mm&r=g\",\"contentUrl\":\"https:\/\/secure.gravatar.com\/avatar\/639dfb27e51a4baf887721ba49ad906aa378fe5130c9cfa9ca94c4bf967b0c66?s=96&d=mm&r=g\",\"caption\":\"Admin\"}}]}<\/script>\n<!-- \/ Yoast SEO plugin. -->","yoast_head_json":{"title":"El swing m\u00e1s certero - Blog de Fundaci\u00f3n Triangle","description":"El talento s\u00e9nior no puede quedar menoscabado por la edad. Hay que iluminarlo con valores porque el talento no es una cuesti\u00f3n de edad.","robots":{"index":"index","follow":"follow","max-snippet":"max-snippet:-1","max-image-preview":"max-image-preview:large","max-video-preview":"max-video-preview:-1"},"canonical":"https:\/\/www.fundaciontriangle.org\/blog\/el-swing-mas-certero\/","og_locale":"es_ES","og_type":"article","og_title":"El swing m\u00e1s certero - Blog de Fundaci\u00f3n Triangle","og_description":"El talento s\u00e9nior no puede quedar menoscabado por la edad. Hay que iluminarlo con valores porque el talento no es una cuesti\u00f3n de edad.","og_url":"https:\/\/www.fundaciontriangle.org\/blog\/el-swing-mas-certero\/","og_site_name":"Blog de Fundaci\u00f3n Triangle","article_published_time":"2020-03-11T10:02:22+00:00","og_image":[{"width":520,"height":320,"url":"https:\/\/www.fundaciontriangle.org\/blog\/wp-content\/uploads\/sites\/2\/2020\/03\/Dise\u00f1o-sin-t\u00edtulo.png","type":"image\/png"}],"author":"Admin","twitter_card":"summary_large_image","twitter_misc":{"Escrito por":"Admin","Tiempo de lectura":"5 minutos"},"schema":{"@context":"https:\/\/schema.org","@graph":[{"@type":"Article","@id":"https:\/\/www.fundaciontriangle.org\/blog\/el-swing-mas-certero\/#article","isPartOf":{"@id":"https:\/\/www.fundaciontriangle.org\/blog\/el-swing-mas-certero\/"},"author":{"name":"Admin","@id":"https:\/\/www.fundaciontriangle.org\/blog\/#\/schema\/person\/c4acdb9bfe5998701e5195e93e3bf579"},"headline":"El swing m\u00e1s certero","datePublished":"2020-03-11T10:02:22+00:00","mainEntityOfPage":{"@id":"https:\/\/www.fundaciontriangle.org\/blog\/el-swing-mas-certero\/"},"wordCount":1104,"commentCount":0,"image":{"@id":"https:\/\/www.fundaciontriangle.org\/blog\/el-swing-mas-certero\/#primaryimage"},"thumbnailUrl":"https:\/\/www.fundaciontriangle.org\/blog\/wp-content\/uploads\/sites\/2\/2020\/03\/Dise\u00f1o-sin-t\u00edtulo.png","articleSection":["Talento S\u00e9nior"],"inLanguage":"es","potentialAction":[{"@type":"CommentAction","name":"Comment","target":["https:\/\/www.fundaciontriangle.org\/blog\/el-swing-mas-certero\/#respond"]}]},{"@type":"WebPage","@id":"https:\/\/www.fundaciontriangle.org\/blog\/el-swing-mas-certero\/","url":"https:\/\/www.fundaciontriangle.org\/blog\/el-swing-mas-certero\/","name":"El swing m\u00e1s certero - Blog de Fundaci\u00f3n Triangle","isPartOf":{"@id":"https:\/\/www.fundaciontriangle.org\/blog\/#website"},"primaryImageOfPage":{"@id":"https:\/\/www.fundaciontriangle.org\/blog\/el-swing-mas-certero\/#primaryimage"},"image":{"@id":"https:\/\/www.fundaciontriangle.org\/blog\/el-swing-mas-certero\/#primaryimage"},"thumbnailUrl":"https:\/\/www.fundaciontriangle.org\/blog\/wp-content\/uploads\/sites\/2\/2020\/03\/Dise\u00f1o-sin-t\u00edtulo.png","datePublished":"2020-03-11T10:02:22+00:00","author":{"@id":"https:\/\/www.fundaciontriangle.org\/blog\/#\/schema\/person\/c4acdb9bfe5998701e5195e93e3bf579"},"description":"El talento s\u00e9nior no puede quedar menoscabado por la edad. Hay que iluminarlo con valores porque el talento no es una cuesti\u00f3n de edad.","inLanguage":"es","potentialAction":[{"@type":"ReadAction","target":["https:\/\/www.fundaciontriangle.org\/blog\/el-swing-mas-certero\/"]}]},{"@type":"ImageObject","inLanguage":"es","@id":"https:\/\/www.fundaciontriangle.org\/blog\/el-swing-mas-certero\/#primaryimage","url":"https:\/\/www.fundaciontriangle.org\/blog\/wp-content\/uploads\/sites\/2\/2020\/03\/Dise\u00f1o-sin-t\u00edtulo.png","contentUrl":"https:\/\/www.fundaciontriangle.org\/blog\/wp-content\/uploads\/sites\/2\/2020\/03\/Dise\u00f1o-sin-t\u00edtulo.png","width":520,"height":320,"caption":"Golf y talento"},{"@type":"WebSite","@id":"https:\/\/www.fundaciontriangle.org\/blog\/#website","url":"https:\/\/www.fundaciontriangle.org\/blog\/","name":"Blog de Fundaci\u00f3n Triangle","description":"Hablamos talento s\u00e9nior, diversidad, edadismo, igualdad de oportunidades, trabajo digno, alianzas, entornos de trabajo, recursos humanos. De la gesti\u00f3n de la diversidad, del talento y la experiencia de las personas, de lo que aportan a las empresas.","potentialAction":[{"@type":"SearchAction","target":{"@type":"EntryPoint","urlTemplate":"https:\/\/www.fundaciontriangle.org\/blog\/?s={search_term_string}"},"query-input":{"@type":"PropertyValueSpecification","valueRequired":true,"valueName":"search_term_string"}}],"inLanguage":"es"},{"@type":"Person","@id":"https:\/\/www.fundaciontriangle.org\/blog\/#\/schema\/person\/c4acdb9bfe5998701e5195e93e3bf579","name":"Admin","image":{"@type":"ImageObject","inLanguage":"es","@id":"https:\/\/www.fundaciontriangle.org\/blog\/#\/schema\/person\/image\/","url":"https:\/\/secure.gravatar.com\/avatar\/639dfb27e51a4baf887721ba49ad906aa378fe5130c9cfa9ca94c4bf967b0c66?s=96&d=mm&r=g","contentUrl":"https:\/\/secure.gravatar.com\/avatar\/639dfb27e51a4baf887721ba49ad906aa378fe5130c9cfa9ca94c4bf967b0c66?s=96&d=mm&r=g","caption":"Admin"}}]}},"_links":{"self":[{"href":"https:\/\/www.fundaciontriangle.org\/blog\/wp-json\/wp\/v2\/posts\/791","targetHints":{"allow":["GET"]}}],"collection":[{"href":"https:\/\/www.fundaciontriangle.org\/blog\/wp-json\/wp\/v2\/posts"}],"about":[{"href":"https:\/\/www.fundaciontriangle.org\/blog\/wp-json\/wp\/v2\/types\/post"}],"author":[{"embeddable":true,"href":"https:\/\/www.fundaciontriangle.org\/blog\/wp-json\/wp\/v2\/users\/2"}],"replies":[{"embeddable":true,"href":"https:\/\/www.fundaciontriangle.org\/blog\/wp-json\/wp\/v2\/comments?post=791"}],"version-history":[{"count":1,"href":"https:\/\/www.fundaciontriangle.org\/blog\/wp-json\/wp\/v2\/posts\/791\/revisions"}],"predecessor-version":[{"id":801,"href":"https:\/\/www.fundaciontriangle.org\/blog\/wp-json\/wp\/v2\/posts\/791\/revisions\/801"}],"wp:featuredmedia":[{"embeddable":true,"href":"https:\/\/www.fundaciontriangle.org\/blog\/wp-json\/wp\/v2\/media\/795"}],"wp:attachment":[{"href":"https:\/\/www.fundaciontriangle.org\/blog\/wp-json\/wp\/v2\/media?parent=791"}],"wp:term":[{"taxonomy":"category","embeddable":true,"href":"https:\/\/www.fundaciontriangle.org\/blog\/wp-json\/wp\/v2\/categories?post=791"},{"taxonomy":"post_tag","embeddable":true,"href":"https:\/\/www.fundaciontriangle.org\/blog\/wp-json\/wp\/v2\/tags?post=791"}],"curies":[{"name":"wp","href":"https:\/\/api.w.org\/{rel}","templated":true}]}}