{"id":692,"date":"2019-12-11T11:13:32","date_gmt":"2019-12-11T10:13:32","guid":{"rendered":"http:\/\/www.fundaciontriangle.org\/blog\/?p=692"},"modified":"2019-12-11T10:13:59","modified_gmt":"2019-12-11T09:13:59","slug":"volver-a-comprometerse","status":"publish","type":"post","link":"https:\/\/www.fundaciontriangle.org\/blog\/volver-a-comprometerse\/","title":{"rendered":"Volver a comprometerse"},"content":{"rendered":"<p>Por <a href=\"https:\/\/www.linkedin.com\/in\/carlos-valencia-clares-a8134812\/\" target=\"_blank\" rel=\"noopener noreferrer\">CARLOS VALENCIA<\/a><\/p>\n<h2>Es el momento de volver a comprometerse<\/h2>\n<p>Sin duda ninguna una de las primeras cosas que debe desarrollar un buen profesional de los RR.HH. y m\u00e1s concretamente los que trabajamos directamente con personas (selecci\u00f3n, HRBP, formaci\u00f3n, desarrollo&#8230;) es a <strong>no dejarse llevar por las percepciones y estereotipos.<\/strong><\/p>\n<p>Muchas de las percepciones que tenemos de los dem\u00e1s se forman por las primeras impresiones carentes de evidencia que las respalden, y suelen ser la base principal de discriminaciones que en muchas ocasiones no somos ni siquiera conscientes de realizar.<\/p>\n<p>Si en vez de hablar de un individuo hablamos de una forma de tratar bas\u00e1ndonos en las percepciones que se le atribuyen por pertenecer a un grupo o colectivo entonces son los estereotipos los que normalmente marcan nuestra forma de tratarlos.<\/p>\n<p>Si bien los estereotipos nos permiten unos atajos fant\u00e1sticos para poder ponernos en el lugar de alguien y ajustarnos en cualquier comunicaci\u00f3n, tambi\u00e9n nos generan prejuicios al identificarlos con la visi\u00f3n general del grupo.<\/p>\n<p>Por suerte, en la \u201cera de la informaci\u00f3n\u201d en la que vivimos, cada vez tenemos m\u00e1s conocimiento de las diferencias que existen y de las enormes capacidades que las personas tenemos con independencia de los grupos a los que podamos pertenecer, y qu\u00e9 antes de juzgar a nadie hay que conocerlo.<\/p>\n<p>Pero el efecto que m\u00e1s valoro de esta \u00e9poca, es el compromiso que la sociedad est\u00e1 adquiriendo con la no discriminaci\u00f3n y la integraci\u00f3n laboral.<\/p>\n<p><img loading=\"lazy\" decoding=\"async\" class=\"alignnone size-full wp-image-723\" src=\"http:\/\/www.fundaciontriangle.org\/blog\/wp-content\/uploads\/sites\/2\/2019\/12\/Diversidad-Fundaci\u00f3n.png\" alt=\"Diversidad\" width=\"1348\" height=\"336\" \/><\/p>\n<h2>Perfiles diversos<\/h2>\n<p>Soy un convencido de que la integraci\u00f3n genera diversidad y que \u00e9sta a su vez genera grandes beneficios para la compa\u00f1\u00eda.<br \/>\nSexo, religi\u00f3n, discapacidades\u2026 son discriminaciones que estamos combatiendo y es una tendencia imposible de parar, y creo que es el momento de empujar un nuevo compromiso que debe ser el de la no discriminaci\u00f3n por edad.<\/p>\n<p>Son muchos los grandes beneficios que estos perfiles traen a las compa\u00f1\u00edas, en especial a aquellas como Arriaga Asociados con una edad media muy joven, en nuestro caso 33 a\u00f1os. Nosotros apostamos en su d\u00eda por incorporar este tipo de perfiles y sin duda ha sido un gran acierto.<\/p>\n<h2>El valor de la experiencia<\/h2>\n<p>Sin duda, y as\u00ed la experiencia nos lo ha demostrado, sirven de gu\u00eda para los m\u00e1s j\u00f3venes a los que no solo les trasladan sus conocimientos y vivencias sino que le sirven de contrapunto en sus actitudes, especialmente en las m\u00e1s impetuosas.<\/p>\n<p>Asimismo les hacen ven la importancia del trabajo bien hecho y que para ello la concentraci\u00f3n es un gran aliado, dejando de lado las miles de \u201cobligaciones sociales\u201d que nos distraen actualmente. Y qu\u00e9 decir tiene de c\u00f3mo saben identificar lo importante y dar mayor valor a su tiempo de trabajo.<\/p>\n<p>Y todo esto normalmente acompa\u00f1ado de un gran trato hacia todos sus compa\u00f1eros con <strong>actitudes<\/strong> tan cotidianas como saludar y despedirse, ayudarles en lo necesario, tener un puesto de trabajo ordenado\u2026<\/p>\n<p>Y visto desde la otra parte tambi\u00e9n es maravilloso ver c\u00f3mo ellos se imbuyen del esp\u00edritu de los j\u00f3venes: agilidad, destreza digital, alegr\u00eda\u2026 hacen que sin duda <strong>en la uni\u00f3n resida el \u00e9xito.<\/strong><\/p>\n<p>Pero no todo es sencillo. En el camino te encuentras perfiles que no son capaces de adaptarse, principalmente porque el modelo de trabajo que ofrece Arriaga no es el que ellos conocen y al que est\u00e1n habituados (ellos son \u201cabogados\u201d) o porque los salarios no encajan con los que \u201csiempre han cobrado\u201d y prefieren buscar opciones en algo m\u00e1s tradicional. Esto realmente nos resulta frustrante y desalentador pero por desgracia no existen modelos de contrataci\u00f3n en la legislaci\u00f3n espa\u00f1ola que fomenten f\u00f3rmulas atractivas para empresas y empleados que en ocasiones est\u00e1n cobrando jubilaciones pero preferir\u00edan seguir trabajando pero con mejor calidad de vida.<\/p>\n<p>Por estas y por otras muchas razones <strong>es momento de comprometerse con este colectivo y apoyar todas las iniciativas<\/strong> posibles para que la sociedad lo empuje como en el pasado se hizo con otras desigualdades para que la rueda empiece a andar y en breve veamos a todos las fuerzas sociales y pol\u00edticas no solo implicadas sino promoviendo soluciones adecuadas.<\/p>\n<p>&nbsp;<\/p>\n<p><img loading=\"lazy\" decoding=\"async\" class=\"alignnone size-full wp-image-719\" src=\"http:\/\/www.fundaciontriangle.org\/blog\/wp-content\/uploads\/sites\/2\/2019\/12\/20181114_FundacionSelectiva-29-scaled.jpg\" alt=\"Carlos Arriaga\" width=\"2560\" height=\"1706\" srcset=\"https:\/\/www.fundaciontriangle.org\/blog\/wp-content\/uploads\/sites\/2\/2019\/12\/20181114_FundacionSelectiva-29-scaled.jpg 2560w, https:\/\/www.fundaciontriangle.org\/blog\/wp-content\/uploads\/sites\/2\/2019\/12\/20181114_FundacionSelectiva-29-1536x1024.jpg 1536w, https:\/\/www.fundaciontriangle.org\/blog\/wp-content\/uploads\/sites\/2\/2019\/12\/20181114_FundacionSelectiva-29-2048x1365.jpg 2048w\" sizes=\"auto, (max-width: 2560px) 100vw, 2560px\" \/><\/p>\n<h2>El perfil de Carlos<\/h2>\n<p>Carlos Valencia es el Director de Recursos y Organizaci\u00f3n en <a href=\"https:\/\/www.arriagaasociados.com\/\" target=\"_blank\" rel=\"noopener noreferrer\">Arriaga Asociados<\/a>\u00a0y profesor en<br \/>\n<a href=\"https:\/\/www.esic.edu\" target=\"_blank\" rel=\"noopener noreferrer\">ESIC<\/a>. Su trayectoria profesional se ha desarrollado en el \u00e1rea de Recursos Humanos en empresas como Caja Rural, PWC Consulting, Gamesa Corporaci\u00f3n Tecnol\u00f3gica o <a href=\"https:\/\/watchandact.eu\/\" target=\"_blank\" rel=\"noopener noreferrer\">Watch and Act International.<\/a><\/p>\n<p>Carlos colaborar\u00f3 con la Fundaci\u00f3n\u00a0 Selectiva participando el invierno pasado en los grupos de trabajo para detectar barreras e identificar buenas pr\u00e1cticas en las empresas para cuidar el talento s\u00e9nior.<\/p>\n","protected":false},"excerpt":{"rendered":"<p>Por CARLOS VALENCIA Es el momento de volver a comprometerse Sin duda ninguna una de las primeras cosas que&hellip;<\/p>\n","protected":false},"author":2,"featured_media":722,"comment_status":"open","ping_status":"open","sticky":false,"template":"","format":"standard","meta":{"_monsterinsights_skip_tracking":false,"_monsterinsights_sitenote_active":false,"_monsterinsights_sitenote_note":"","_monsterinsights_sitenote_category":0,"footnotes":""},"categories":[4],"tags":[],"class_list":["post-692","post","type-post","status-publish","format-standard","has-post-thumbnail","hentry","category-diversidad-generacional"],"yoast_head":"<!-- This site is optimized with the Yoast SEO plugin v27.0 - https:\/\/yoast.com\/product\/yoast-seo-wordpress\/ -->\n<title>Volver a comprometerse - Blog de Fundaci\u00f3n Triangle<\/title>\n<meta name=\"description\" content=\"La sociedad, la legislaci\u00f3n y las empresas deben volver a comprometerse con el talento y la diversidad en los entornos de trabajo.\" \/>\n<meta name=\"robots\" content=\"index, follow, max-snippet:-1, max-image-preview:large, max-video-preview:-1\" \/>\n<link rel=\"canonical\" href=\"https:\/\/www.fundaciontriangle.org\/blog\/volver-a-comprometerse\/\" \/>\n<meta property=\"og:locale\" content=\"es_ES\" \/>\n<meta property=\"og:type\" content=\"article\" \/>\n<meta property=\"og:title\" content=\"Volver a comprometerse - Blog de Fundaci\u00f3n Triangle\" \/>\n<meta property=\"og:description\" content=\"La sociedad, la legislaci\u00f3n y las empresas deben volver a comprometerse con el talento y la diversidad en los entornos de trabajo.\" \/>\n<meta property=\"og:url\" content=\"https:\/\/www.fundaciontriangle.org\/blog\/volver-a-comprometerse\/\" \/>\n<meta property=\"og:site_name\" content=\"Blog de Fundaci\u00f3n Triangle\" \/>\n<meta property=\"article:published_time\" content=\"2019-12-11T10:13:32+00:00\" \/>\n<meta property=\"og:image\" content=\"https:\/\/www.fundaciontriangle.org\/blog\/wp-content\/uploads\/sites\/2\/2019\/12\/Volver-a-comprometerse-fundaci\u00f3n.png\" \/>\n\t<meta property=\"og:image:width\" content=\"1040\" \/>\n\t<meta property=\"og:image:height\" content=\"640\" \/>\n\t<meta property=\"og:image:type\" content=\"image\/png\" \/>\n<meta name=\"author\" content=\"Admin\" \/>\n<meta name=\"twitter:card\" content=\"summary_large_image\" \/>\n<meta name=\"twitter:label1\" content=\"Escrito por\" \/>\n\t<meta name=\"twitter:data1\" content=\"Admin\" \/>\n\t<meta name=\"twitter:label2\" content=\"Tiempo de lectura\" \/>\n\t<meta name=\"twitter:data2\" content=\"4 minutos\" \/>\n<script type=\"application\/ld+json\" class=\"yoast-schema-graph\">{\"@context\":\"https:\/\/schema.org\",\"@graph\":[{\"@type\":\"Article\",\"@id\":\"https:\/\/www.fundaciontriangle.org\/blog\/volver-a-comprometerse\/#article\",\"isPartOf\":{\"@id\":\"https:\/\/www.fundaciontriangle.org\/blog\/volver-a-comprometerse\/\"},\"author\":{\"name\":\"Admin\",\"@id\":\"https:\/\/www.fundaciontriangle.org\/blog\/#\/schema\/person\/c4acdb9bfe5998701e5195e93e3bf579\"},\"headline\":\"Volver a comprometerse\",\"datePublished\":\"2019-12-11T10:13:32+00:00\",\"mainEntityOfPage\":{\"@id\":\"https:\/\/www.fundaciontriangle.org\/blog\/volver-a-comprometerse\/\"},\"wordCount\":805,\"commentCount\":0,\"image\":{\"@id\":\"https:\/\/www.fundaciontriangle.org\/blog\/volver-a-comprometerse\/#primaryimage\"},\"thumbnailUrl\":\"https:\/\/www.fundaciontriangle.org\/blog\/wp-content\/uploads\/sites\/2\/2019\/12\/Volver-a-comprometerse-fundaci\u00f3n.png\",\"articleSection\":[\"Fundaci\u00f3n Triangle\"],\"inLanguage\":\"es\",\"potentialAction\":[{\"@type\":\"CommentAction\",\"name\":\"Comment\",\"target\":[\"https:\/\/www.fundaciontriangle.org\/blog\/volver-a-comprometerse\/#respond\"]}]},{\"@type\":\"WebPage\",\"@id\":\"https:\/\/www.fundaciontriangle.org\/blog\/volver-a-comprometerse\/\",\"url\":\"https:\/\/www.fundaciontriangle.org\/blog\/volver-a-comprometerse\/\",\"name\":\"Volver a comprometerse - Blog de Fundaci\u00f3n Triangle\",\"isPartOf\":{\"@id\":\"https:\/\/www.fundaciontriangle.org\/blog\/#website\"},\"primaryImageOfPage\":{\"@id\":\"https:\/\/www.fundaciontriangle.org\/blog\/volver-a-comprometerse\/#primaryimage\"},\"image\":{\"@id\":\"https:\/\/www.fundaciontriangle.org\/blog\/volver-a-comprometerse\/#primaryimage\"},\"thumbnailUrl\":\"https:\/\/www.fundaciontriangle.org\/blog\/wp-content\/uploads\/sites\/2\/2019\/12\/Volver-a-comprometerse-fundaci\u00f3n.png\",\"datePublished\":\"2019-12-11T10:13:32+00:00\",\"author\":{\"@id\":\"https:\/\/www.fundaciontriangle.org\/blog\/#\/schema\/person\/c4acdb9bfe5998701e5195e93e3bf579\"},\"description\":\"La sociedad, la legislaci\u00f3n y las empresas deben volver a comprometerse con el talento y la diversidad en los entornos de trabajo.\",\"inLanguage\":\"es\",\"potentialAction\":[{\"@type\":\"ReadAction\",\"target\":[\"https:\/\/www.fundaciontriangle.org\/blog\/volver-a-comprometerse\/\"]}]},{\"@type\":\"ImageObject\",\"inLanguage\":\"es\",\"@id\":\"https:\/\/www.fundaciontriangle.org\/blog\/volver-a-comprometerse\/#primaryimage\",\"url\":\"https:\/\/www.fundaciontriangle.org\/blog\/wp-content\/uploads\/sites\/2\/2019\/12\/Volver-a-comprometerse-fundaci\u00f3n.png\",\"contentUrl\":\"https:\/\/www.fundaciontriangle.org\/blog\/wp-content\/uploads\/sites\/2\/2019\/12\/Volver-a-comprometerse-fundaci\u00f3n.png\",\"width\":1040,\"height\":640,\"caption\":\"Comprometerse\"},{\"@type\":\"WebSite\",\"@id\":\"https:\/\/www.fundaciontriangle.org\/blog\/#website\",\"url\":\"https:\/\/www.fundaciontriangle.org\/blog\/\",\"name\":\"Blog de Fundaci\u00f3n Triangle\",\"description\":\"Hablamos talento s\u00e9nior, diversidad, edadismo, igualdad de oportunidades, trabajo digno, alianzas, entornos de trabajo, recursos humanos. De la gesti\u00f3n de la diversidad, del talento y la experiencia de las personas, de lo que aportan a las empresas.\",\"potentialAction\":[{\"@type\":\"SearchAction\",\"target\":{\"@type\":\"EntryPoint\",\"urlTemplate\":\"https:\/\/www.fundaciontriangle.org\/blog\/?s={search_term_string}\"},\"query-input\":{\"@type\":\"PropertyValueSpecification\",\"valueRequired\":true,\"valueName\":\"search_term_string\"}}],\"inLanguage\":\"es\"},{\"@type\":\"Person\",\"@id\":\"https:\/\/www.fundaciontriangle.org\/blog\/#\/schema\/person\/c4acdb9bfe5998701e5195e93e3bf579\",\"name\":\"Admin\",\"image\":{\"@type\":\"ImageObject\",\"inLanguage\":\"es\",\"@id\":\"https:\/\/www.fundaciontriangle.org\/blog\/#\/schema\/person\/image\/\",\"url\":\"https:\/\/secure.gravatar.com\/avatar\/639dfb27e51a4baf887721ba49ad906aa378fe5130c9cfa9ca94c4bf967b0c66?s=96&d=mm&r=g\",\"contentUrl\":\"https:\/\/secure.gravatar.com\/avatar\/639dfb27e51a4baf887721ba49ad906aa378fe5130c9cfa9ca94c4bf967b0c66?s=96&d=mm&r=g\",\"caption\":\"Admin\"}}]}<\/script>\n<!-- \/ Yoast SEO plugin. -->","yoast_head_json":{"title":"Volver a comprometerse - Blog de Fundaci\u00f3n Triangle","description":"La sociedad, la legislaci\u00f3n y las empresas deben volver a comprometerse con el talento y la diversidad en los entornos de trabajo.","robots":{"index":"index","follow":"follow","max-snippet":"max-snippet:-1","max-image-preview":"max-image-preview:large","max-video-preview":"max-video-preview:-1"},"canonical":"https:\/\/www.fundaciontriangle.org\/blog\/volver-a-comprometerse\/","og_locale":"es_ES","og_type":"article","og_title":"Volver a comprometerse - Blog de Fundaci\u00f3n Triangle","og_description":"La sociedad, la legislaci\u00f3n y las empresas deben volver a comprometerse con el talento y la diversidad en los entornos de trabajo.","og_url":"https:\/\/www.fundaciontriangle.org\/blog\/volver-a-comprometerse\/","og_site_name":"Blog de Fundaci\u00f3n Triangle","article_published_time":"2019-12-11T10:13:32+00:00","og_image":[{"width":1040,"height":640,"url":"https:\/\/www.fundaciontriangle.org\/blog\/wp-content\/uploads\/sites\/2\/2019\/12\/Volver-a-comprometerse-fundaci\u00f3n.png","type":"image\/png"}],"author":"Admin","twitter_card":"summary_large_image","twitter_misc":{"Escrito por":"Admin","Tiempo de lectura":"4 minutos"},"schema":{"@context":"https:\/\/schema.org","@graph":[{"@type":"Article","@id":"https:\/\/www.fundaciontriangle.org\/blog\/volver-a-comprometerse\/#article","isPartOf":{"@id":"https:\/\/www.fundaciontriangle.org\/blog\/volver-a-comprometerse\/"},"author":{"name":"Admin","@id":"https:\/\/www.fundaciontriangle.org\/blog\/#\/schema\/person\/c4acdb9bfe5998701e5195e93e3bf579"},"headline":"Volver a comprometerse","datePublished":"2019-12-11T10:13:32+00:00","mainEntityOfPage":{"@id":"https:\/\/www.fundaciontriangle.org\/blog\/volver-a-comprometerse\/"},"wordCount":805,"commentCount":0,"image":{"@id":"https:\/\/www.fundaciontriangle.org\/blog\/volver-a-comprometerse\/#primaryimage"},"thumbnailUrl":"https:\/\/www.fundaciontriangle.org\/blog\/wp-content\/uploads\/sites\/2\/2019\/12\/Volver-a-comprometerse-fundaci\u00f3n.png","articleSection":["Fundaci\u00f3n Triangle"],"inLanguage":"es","potentialAction":[{"@type":"CommentAction","name":"Comment","target":["https:\/\/www.fundaciontriangle.org\/blog\/volver-a-comprometerse\/#respond"]}]},{"@type":"WebPage","@id":"https:\/\/www.fundaciontriangle.org\/blog\/volver-a-comprometerse\/","url":"https:\/\/www.fundaciontriangle.org\/blog\/volver-a-comprometerse\/","name":"Volver a comprometerse - Blog de Fundaci\u00f3n Triangle","isPartOf":{"@id":"https:\/\/www.fundaciontriangle.org\/blog\/#website"},"primaryImageOfPage":{"@id":"https:\/\/www.fundaciontriangle.org\/blog\/volver-a-comprometerse\/#primaryimage"},"image":{"@id":"https:\/\/www.fundaciontriangle.org\/blog\/volver-a-comprometerse\/#primaryimage"},"thumbnailUrl":"https:\/\/www.fundaciontriangle.org\/blog\/wp-content\/uploads\/sites\/2\/2019\/12\/Volver-a-comprometerse-fundaci\u00f3n.png","datePublished":"2019-12-11T10:13:32+00:00","author":{"@id":"https:\/\/www.fundaciontriangle.org\/blog\/#\/schema\/person\/c4acdb9bfe5998701e5195e93e3bf579"},"description":"La sociedad, la legislaci\u00f3n y las empresas deben volver a comprometerse con el talento y la diversidad en los entornos de trabajo.","inLanguage":"es","potentialAction":[{"@type":"ReadAction","target":["https:\/\/www.fundaciontriangle.org\/blog\/volver-a-comprometerse\/"]}]},{"@type":"ImageObject","inLanguage":"es","@id":"https:\/\/www.fundaciontriangle.org\/blog\/volver-a-comprometerse\/#primaryimage","url":"https:\/\/www.fundaciontriangle.org\/blog\/wp-content\/uploads\/sites\/2\/2019\/12\/Volver-a-comprometerse-fundaci\u00f3n.png","contentUrl":"https:\/\/www.fundaciontriangle.org\/blog\/wp-content\/uploads\/sites\/2\/2019\/12\/Volver-a-comprometerse-fundaci\u00f3n.png","width":1040,"height":640,"caption":"Comprometerse"},{"@type":"WebSite","@id":"https:\/\/www.fundaciontriangle.org\/blog\/#website","url":"https:\/\/www.fundaciontriangle.org\/blog\/","name":"Blog de Fundaci\u00f3n Triangle","description":"Hablamos talento s\u00e9nior, diversidad, edadismo, igualdad de oportunidades, trabajo digno, alianzas, entornos de trabajo, recursos humanos. De la gesti\u00f3n de la diversidad, del talento y la experiencia de las personas, de lo que aportan a las empresas.","potentialAction":[{"@type":"SearchAction","target":{"@type":"EntryPoint","urlTemplate":"https:\/\/www.fundaciontriangle.org\/blog\/?s={search_term_string}"},"query-input":{"@type":"PropertyValueSpecification","valueRequired":true,"valueName":"search_term_string"}}],"inLanguage":"es"},{"@type":"Person","@id":"https:\/\/www.fundaciontriangle.org\/blog\/#\/schema\/person\/c4acdb9bfe5998701e5195e93e3bf579","name":"Admin","image":{"@type":"ImageObject","inLanguage":"es","@id":"https:\/\/www.fundaciontriangle.org\/blog\/#\/schema\/person\/image\/","url":"https:\/\/secure.gravatar.com\/avatar\/639dfb27e51a4baf887721ba49ad906aa378fe5130c9cfa9ca94c4bf967b0c66?s=96&d=mm&r=g","contentUrl":"https:\/\/secure.gravatar.com\/avatar\/639dfb27e51a4baf887721ba49ad906aa378fe5130c9cfa9ca94c4bf967b0c66?s=96&d=mm&r=g","caption":"Admin"}}]}},"_links":{"self":[{"href":"https:\/\/www.fundaciontriangle.org\/blog\/wp-json\/wp\/v2\/posts\/692","targetHints":{"allow":["GET"]}}],"collection":[{"href":"https:\/\/www.fundaciontriangle.org\/blog\/wp-json\/wp\/v2\/posts"}],"about":[{"href":"https:\/\/www.fundaciontriangle.org\/blog\/wp-json\/wp\/v2\/types\/post"}],"author":[{"embeddable":true,"href":"https:\/\/www.fundaciontriangle.org\/blog\/wp-json\/wp\/v2\/users\/2"}],"replies":[{"embeddable":true,"href":"https:\/\/www.fundaciontriangle.org\/blog\/wp-json\/wp\/v2\/comments?post=692"}],"version-history":[{"count":1,"href":"https:\/\/www.fundaciontriangle.org\/blog\/wp-json\/wp\/v2\/posts\/692\/revisions"}],"predecessor-version":[{"id":728,"href":"https:\/\/www.fundaciontriangle.org\/blog\/wp-json\/wp\/v2\/posts\/692\/revisions\/728"}],"wp:featuredmedia":[{"embeddable":true,"href":"https:\/\/www.fundaciontriangle.org\/blog\/wp-json\/wp\/v2\/media\/722"}],"wp:attachment":[{"href":"https:\/\/www.fundaciontriangle.org\/blog\/wp-json\/wp\/v2\/media?parent=692"}],"wp:term":[{"taxonomy":"category","embeddable":true,"href":"https:\/\/www.fundaciontriangle.org\/blog\/wp-json\/wp\/v2\/categories?post=692"},{"taxonomy":"post_tag","embeddable":true,"href":"https:\/\/www.fundaciontriangle.org\/blog\/wp-json\/wp\/v2\/tags?post=692"}],"curies":[{"name":"wp","href":"https:\/\/api.w.org\/{rel}","templated":true}]}}