{"id":644,"date":"2019-11-13T11:00:17","date_gmt":"2019-11-13T10:00:17","guid":{"rendered":"http:\/\/www.fundaciontriangle.org\/blog\/?p=644"},"modified":"2019-11-18T09:29:27","modified_gmt":"2019-11-18T08:29:27","slug":"talento-senior-el-talento-infravalorado-en-espana","status":"publish","type":"post","link":"https:\/\/www.fundaciontriangle.org\/blog\/talento-senior-el-talento-infravalorado-en-espana\/","title":{"rendered":"Talento s\u00e9nior, el talento infravalorado en Espa\u00f1a"},"content":{"rendered":"<p>L.F.<\/p>\n<p>Las personas mayores de 45 a\u00f1os est\u00e1n experimentando una clara discriminaci\u00f3n por su edad no solo cuando buscan un nuevo trabajo, sino tambi\u00e9n en otras etapas de su vida laboral.<\/p>\n<p>A pesar de contar en su haber con historias enriquecedoras, habilidades, experiencia y conocimientos, tienen que pasar por la incertidumbre diaria de pensar que pasar\u00e1 con ellos. La sociedad las ha colocado, de la noche a la ma\u00f1ana, en la cuerda floja por haber cumplido un determinado n\u00famero de a\u00f1os.<\/p>\n<p>Tanto para una persona s\u00e9nior en activo como para una desempleada, la edad es, en la mayor\u00eda de los casos, una cuesti\u00f3n de peso que denota pesimismo y desesperanza. Frases como \u201cNo creo que pueda encontrar un nuevo trabajo a corto plazo\u201d, \u201cSoy mayor para que me contraten\u201d, \u201cComo est\u00e1 la situaci\u00f3n laboral, \u00a1qu\u00e9 empresa me va a ofrecer un trabajo!\u201d, \u201cSi me despiden no s\u00e9 que voy a hacer porque es complicado que me contraten\u201d son pronunciadas a diario por el talento s\u00e9nior.<\/p>\n<h2>EPA: el 37,6 % de las personas paradas son mayores de 45 a\u00f1os<\/h2>\n<p>El desempleo en los mayores de 45 a\u00f1os forma parte de una problem\u00e1tica social y la \u00faltima <a>Encuesta de Poblaci\u00f3n Activa<\/a> (EPA) lo sigue constatando.<\/p>\n<p>A pesar de la bajada del paro, en nuestro pa\u00eds hay 1.210.000 personas mayores de 45 a\u00f1os buscando trabajo que no llega. \u00a0Es decir el 37% de las personas desempleadas en nuestro pa\u00eds tiene m\u00e1s de 45 a\u00f1os.<\/p>\n<p>Como hemos comentado en varias ocasiones, necesitamos un cambio cultural con el que logremos que las personas maduras dejen de verse como algo obsoleto, in\u00fatil, improductivo, desfasado, desactualizado, etc. Gracias a este cambio podr\u00e1n volverse a sentirse valoradas y que su experiencia suma y aporta en el entorno laboral. Y la responsabilidad no es solo de las empresas, es de todos: administraci\u00f3n, partidos pol\u00edticos, gobiernos, empresas y la sociedad en general. Y aqu\u00ed tambi\u00e9n est\u00e1n incluidas las personas desempleadas porque quedarse esperando a que otros hagan el cambio no es la soluci\u00f3n.<\/p>\n<p><img loading=\"lazy\" decoding=\"async\" class=\"alignnone size-full wp-image-684\" src=\"http:\/\/www.fundaciontriangle.org\/blog\/wp-content\/uploads\/sites\/2\/2019\/11\/Talento-s\u00e9nior-discriminaci\u00f3n-por-edad-banner.png\" alt=\"Discriminaci\u00f3n por edad\" width=\"1348\" height=\"336\" \/><\/p>\n<h2>La Edad no puede ser un freno<\/h2>\n<p>Como dijo Ram\u00f3n y Cajal \u201cTodos conocemos j\u00f3venes mentalmente viejos y ancianos seductoramente j\u00f3venes\u201d. Por tanto, no es cuesti\u00f3n de edad.<\/p>\n<p>\u00bfQui\u00e9n ha o\u00eddo hablar del holand\u00e9s que pidi\u00f3 a la justicia de su pa\u00eds quitarse 20 a\u00f1os de su carn\u00e9 de identidad? Su caso de primeras parec\u00eda curioso, incluso gracioso, pero no lo es. <a href=\"https:\/\/www.bbc.com\/mundo\/noticias-46145019\"><strong>Emilie Ratelband<\/strong><\/a> con una edad cronol\u00f3gica de 69 a\u00f1os, se sent\u00eda de 45 a\u00f1os. Sorprendi\u00f3 a todo el mundo cuando solicit\u00f3 restar 20 a\u00f1os de su DNI. \u00bfLa causa? sufr\u00eda discriminaci\u00f3n en el trabajo por culpa de su edad pero tambi\u00e9n fue rechazado en Tinder cuando intentaba conocer a otras personas.<\/p>\n<p>Aunque los tribunales han descartado su petici\u00f3n, este tema gener\u00f3 un gran debate \u00a0de lo m\u00e1s que interesante.<\/p>\n<p>Otro ejemplo m\u00e1s: \u00bfqui\u00e9n dijo que ser DJ es para j\u00f3venes? DJ Wika es una mujer de 80 a\u00f1os que dedica sus noches a animar fiestas, mezclando m\u00fasica en un club de Varsovia (Polonia).<\/p>\n<p>En una entrevista a REUTERS, Wika dijo:\u00a0<em>\u201cNo encajo el estereotipo de una persona mayor. No veo una raz\u00f3n por la que mi edad deba determinar mis normas de vida\u201d<\/em><\/p>\n<p><a href=\"https:\/\/www.recreoviral.com\/reflexion\/abuelos-rempen-estereotipos-edad\/\" target=\"_blank\" rel=\"noopener noreferrer\">Aqu\u00ed<\/a> hay m\u00e1s ejemplos de \u201c<strong>20 abuelos y abuelas\u201d que romper\u00e1n tus estereotipos<\/strong>: una mujer de 61 a\u00f1os que hace pole dance, un ciclista de 102 a\u00f1os, una rapelista de 100 a\u00f1os, una modelo de 61 a\u00f1os y otros ejemplos que \u00a0pueden hacer reflexionar y confiar en las capacidades, habilidades y ganas de superarse de los seres humanos \u00a0independientemente de la edad. Es cuesti\u00f3n de actitud.<\/p>\n<p>Muchas personas se sienten mejor a los 45 que a los 20 a\u00f1os. Si est\u00e1n cargadas de energ\u00eda, en la \u201ccresta de la ola\u201d a nivel mental y actualizando constantemente sus conocimientos \u00bfpor qu\u00e9 la edad cronol\u00f3gica resta en lugar de sumar?<\/p>\n<p>Hace unos d\u00edas falleci\u00f3 <a href=\"https:\/\/elpais.com\/elpais\/2019\/11\/07\/ciencia\/1573124363_991474.html\" target=\"_blank\" rel=\"noopener noreferrer\">Margarita Salas<\/a>, bi\u00f3loga e investigadora que se ha convertido en todo un referente en nuestro pa\u00eds. A sus 80 a\u00f1os esta cient\u00edfica acud\u00eda a diario al laboratorio en que consigui\u00f3 grandes avances para conocer el funcionamiento del ADN. \u00bfAlguien piensa que por su edad no estaba en plenas facultades para realizar su trabajo? Observando los medios y las noticias sobre su fallecimiento, afortunadamente, ninguno ha puesto en duda que con su fallecimiento la ciencia ha perdido una gran investigadora y s\u00ed, a pesar de ser una maravillosa bi\u00f3loga octogenaria.<\/p>\n<p>Con m\u00e1s frecuencia de la que nos gustar\u00eda, se se\u00f1ala con el dedo al talento s\u00e9nior por su edad y se infravalora su experiencia, sus conocimientos y saber hacer. Esas <strong><a href=\"https:\/\/www.equiposytalento.com\/talentstreet\/noticias\/2019\/07\/16\/el-92-de-los-reclutadores-considera-las-soft-skills-igual-o-mas-importantes-que-los-conocimientos-tecnicos\/3496\/?utm_campaign=20190723newseyt&amp;utm_medium=email&amp;utm_source=acumbamail\" target=\"_blank\" rel=\"noopener noreferrer\">habilidades blandas<\/a><\/strong> o soft skills que cada vez se demandan m\u00e1s por los expertos en selecci\u00f3n.<\/p>\n<p>A cierta edad, el mercado laboral actual, excluye a las personas sin tener en cuenta sus habilidades, ni sus competencias, ni su sabidur\u00eda. \u00bfY qu\u00e9 dice la ley?<\/p>\n<p><img loading=\"lazy\" decoding=\"async\" class=\"alignnone size-full wp-image-682\" src=\"http:\/\/www.fundaciontriangle.org\/blog\/wp-content\/uploads\/sites\/2\/2019\/11\/Fundaci\u00f3n-Leyes.png\" alt=\"Constituci\u00f3n\" width=\"1348\" height=\"500\" \/><\/p>\n<h2>Leyes para evitar la discriminaci\u00f3n por edad<\/h2>\n<p>En todos los pa\u00edses se deber\u00edan crear leyes que penalicen la discriminaci\u00f3n por edad con la finalidad de garantizar la igualdad de oportunidades y poner en valor el respeto, la inclusi\u00f3n y la diversidad.<\/p>\n<p>En nuestro pa\u00eds encontramos una clara referencia a este tema en la <a href=\"https:\/\/www.boe.es\/diario_boe\/txt.php?id=BOE-A-1978-31229\" target=\"_blank\" rel=\"noopener noreferrer\">Constituci\u00f3n<\/a>, el art\u00edculo 9.2 dice: \u00abCorresponde a los poderes p\u00fablicos promover las condiciones para que la libertad y la igualdad del individuo y de los grupos en que se integra sean reales y efectivas; remover los obst\u00e1culos que impidan o dificulten su plenitud y facilitar la participaci\u00f3n de todos los ciudadanos en la vida pol\u00edtica, econ\u00f3mica, cultural y social.\u00bb<\/p>\n<p>Estados Unidos, por ejemplo, es pionero en este tema. En 1967 se aprob\u00f3 la <a href=\"https:\/\/www.eeoc.gov\/laws\/statutes\/adea.cfm\" target=\"_blank\" rel=\"noopener noreferrer\">Age Discriminationi in Employment Act<\/a>\u00a0(ADEA), una ley para luchar contra la discriminaci\u00f3n por edad en el mercado laboral.<\/p>\n<p>\u00bfPor qu\u00e9 se necesitan leyes? \u00bfC\u00f3mo podr\u00edan contribuir a evitar la discriminaci\u00f3n por edad?<\/p>\n<ul>\n<li>Uno de los objetivos es <strong>ayudar y proteger a las poblaciones m\u00e1s vulnerables<\/strong> y, desde luego, los mayores lo son. En Espa\u00f1a se consideran un colectivo en riesgo de exclusi\u00f3n social.<\/li>\n<li>Acabar con barreras que frenen oportunidades, reducir la tasa de desempleo, mejorar la seguridad en el trabajo, etc.<\/li>\n<li>Conseguir mayor <strong>crecimiento econ\u00f3mico.<\/strong><\/li>\n<li>Acabar con los trabajos precarios <strong>mejorando la calidad del empleo<\/strong> para todos las y los trabajadores y en todos los sectores.<\/li>\n<\/ul>\n<p>Si hablamos de igualdad de oportunidades \u00bfsomos conscientes en la empresa de los beneficios que trae que el talento junior y el s\u00e9nior trabajen conjuntamente?<\/p>\n<h2>La importancia del valor de la convivencia generacional<\/h2>\n<p>Investigaciones, como la llevada a cabo por la <a href=\"https:\/\/www.aarp.org\/research\/topics\/economics\/info-2019\/multigenerational-work-mentorship.html\" target=\"_blank\" rel=\"noopener noreferrer\">Asociaci\u00f3n Americana de Personas Jubiladas<\/a>(AARP) constatan que la mayor\u00eda de las y los empleados califican de \u00a0muy positiva la oportunidad de trabajar con personas de diferentes edades por todo \u00a0lo que aportan y ense\u00f1an<\/p>\n<p>El talento s\u00e9nior aprecia y valora las habilidades tecnol\u00f3gicas, la creatividad y las nuevas perspectivas de sus compa\u00f1eras y compa\u00f1eros m\u00e1s j\u00f3venes.\u00a0Las y los juniors valoran la\u00a0sabidur\u00eda y la experiencia de las personas m\u00e1s mayores.<\/p>\n<p>Todas las generaciones aprecian o deber\u00edan apreciar la oportunidad de aprender nuevas habilidades y hacer que el entorno laboral sea m\u00e1s productivo.<\/p>\n<p>Las personas seniors son los m\u00e1s indicados para actuar como mentores y mentoras de las y los m\u00e1s j\u00f3venes. Podr\u00edan transmitir valores como la lealtad, la perseverancia y la constancia, tan necesarios para la realizaci\u00f3n de las tareas.<\/p>\n<p>Unos y otros aportan y son necesarios en cualquier entorno laboral. Una buena convivencia es posible y necesaria, pero ha de estar bien gestionada por CEOs, responsables de RR.HH. y las personas que est\u00e1n al frente de los equipos.<\/p>\n<p>Un mito es que los j\u00f3venes prefieren no trabajar con el talento s\u00e9nior. \u00bfestamos seguros? De ser as\u00ed, tenemos un claro reflejo de la falta de visibilidad de las personas mayores en la sociedad y la falta de mezcla generacional que tenemos en nuestras vidas diarias.<\/p>\n<p>Nos toca dar charlas, formaciones y concientizar a la ciudadan\u00eda. Toca trabajar e implementar pol\u00edticas que incluyan a los s\u00e9nior y a los juniors hasta que deje de ser un problema y pase a normalizarse.<\/p>\n<p>De esta forma ganan los trabajadores y trabajadores, ganamos como sociedad, ganamos todos y todas. \u00bfNos acompa\u00f1as a poner en valor al talento s\u00e9nior en la empresa? <strong> Escr\u00edbenos <a href=\"http:\/\/www.fundaciontriangle.org\/contacto\/\" target=\"_blank\" rel=\"noopener noreferrer\">aqu\u00ed.<\/a> <\/strong><\/p>\n","protected":false},"excerpt":{"rendered":"<p>L.F. Las personas mayores de 45 a\u00f1os est\u00e1n experimentando una clara discriminaci\u00f3n por su edad no solo cuando buscan&hellip;<\/p>\n","protected":false},"author":2,"featured_media":646,"comment_status":"open","ping_status":"open","sticky":false,"template":"","format":"standard","meta":{"_monsterinsights_skip_tracking":false,"_monsterinsights_sitenote_active":false,"_monsterinsights_sitenote_note":"","_monsterinsights_sitenote_category":0,"footnotes":""},"categories":[3],"tags":[],"class_list":["post-644","post","type-post","status-publish","format-standard","has-post-thumbnail","hentry","category-talento-senior"],"yoast_head":"<!-- This site is optimized with the Yoast SEO plugin v27.0 - https:\/\/yoast.com\/product\/yoast-seo-wordpress\/ -->\n<title>Talento s\u00e9nior, el talento infravalorado en Espa\u00f1a - Blog de Fundaci\u00f3n Triangle<\/title>\n<meta name=\"robots\" content=\"index, follow, max-snippet:-1, max-image-preview:large, max-video-preview:-1\" \/>\n<link rel=\"canonical\" href=\"https:\/\/www.fundaciontriangle.org\/blog\/talento-senior-el-talento-infravalorado-en-espana\/\" \/>\n<meta property=\"og:locale\" content=\"es_ES\" \/>\n<meta property=\"og:type\" content=\"article\" \/>\n<meta property=\"og:title\" content=\"Talento s\u00e9nior, el talento infravalorado en Espa\u00f1a - Blog de Fundaci\u00f3n Triangle\" \/>\n<meta property=\"og:description\" content=\"L.F. Las personas mayores de 45 a\u00f1os est\u00e1n experimentando una clara discriminaci\u00f3n por su edad no solo cuando buscan&hellip;\" \/>\n<meta property=\"og:url\" content=\"https:\/\/www.fundaciontriangle.org\/blog\/talento-senior-el-talento-infravalorado-en-espana\/\" \/>\n<meta property=\"og:site_name\" content=\"Blog de Fundaci\u00f3n Triangle\" \/>\n<meta property=\"article:published_time\" content=\"2019-11-13T10:00:17+00:00\" \/>\n<meta property=\"article:modified_time\" content=\"2019-11-18T08:29:27+00:00\" \/>\n<meta property=\"og:image\" content=\"https:\/\/www.fundaciontriangle.org\/blog\/wp-content\/uploads\/sites\/2\/2019\/11\/Talento-s\u00e9nior-discriminaci\u00f3n.png\" \/>\n\t<meta property=\"og:image:width\" content=\"1500\" \/>\n\t<meta property=\"og:image:height\" content=\"1080\" \/>\n\t<meta property=\"og:image:type\" content=\"image\/png\" \/>\n<meta name=\"author\" content=\"Admin\" \/>\n<meta name=\"twitter:card\" content=\"summary_large_image\" \/>\n<meta name=\"twitter:label1\" content=\"Escrito por\" \/>\n\t<meta name=\"twitter:data1\" content=\"Admin\" \/>\n\t<meta name=\"twitter:label2\" content=\"Tiempo de lectura\" \/>\n\t<meta name=\"twitter:data2\" content=\"7 minutos\" \/>\n<script type=\"application\/ld+json\" class=\"yoast-schema-graph\">{\"@context\":\"https:\/\/schema.org\",\"@graph\":[{\"@type\":\"Article\",\"@id\":\"https:\/\/www.fundaciontriangle.org\/blog\/talento-senior-el-talento-infravalorado-en-espana\/#article\",\"isPartOf\":{\"@id\":\"https:\/\/www.fundaciontriangle.org\/blog\/talento-senior-el-talento-infravalorado-en-espana\/\"},\"author\":{\"name\":\"Admin\",\"@id\":\"https:\/\/www.fundaciontriangle.org\/blog\/#\/schema\/person\/c4acdb9bfe5998701e5195e93e3bf579\"},\"headline\":\"Talento s\u00e9nior, el talento infravalorado en Espa\u00f1a\",\"datePublished\":\"2019-11-13T10:00:17+00:00\",\"dateModified\":\"2019-11-18T08:29:27+00:00\",\"mainEntityOfPage\":{\"@id\":\"https:\/\/www.fundaciontriangle.org\/blog\/talento-senior-el-talento-infravalorado-en-espana\/\"},\"wordCount\":1473,\"commentCount\":0,\"image\":{\"@id\":\"https:\/\/www.fundaciontriangle.org\/blog\/talento-senior-el-talento-infravalorado-en-espana\/#primaryimage\"},\"thumbnailUrl\":\"https:\/\/www.fundaciontriangle.org\/blog\/wp-content\/uploads\/sites\/2\/2019\/11\/Talento-s\u00e9nior-discriminaci\u00f3n.png\",\"articleSection\":[\"Talento S\u00e9nior\"],\"inLanguage\":\"es\",\"potentialAction\":[{\"@type\":\"CommentAction\",\"name\":\"Comment\",\"target\":[\"https:\/\/www.fundaciontriangle.org\/blog\/talento-senior-el-talento-infravalorado-en-espana\/#respond\"]}]},{\"@type\":\"WebPage\",\"@id\":\"https:\/\/www.fundaciontriangle.org\/blog\/talento-senior-el-talento-infravalorado-en-espana\/\",\"url\":\"https:\/\/www.fundaciontriangle.org\/blog\/talento-senior-el-talento-infravalorado-en-espana\/\",\"name\":\"Talento s\u00e9nior, el talento infravalorado en Espa\u00f1a - Blog de Fundaci\u00f3n Triangle\",\"isPartOf\":{\"@id\":\"https:\/\/www.fundaciontriangle.org\/blog\/#website\"},\"primaryImageOfPage\":{\"@id\":\"https:\/\/www.fundaciontriangle.org\/blog\/talento-senior-el-talento-infravalorado-en-espana\/#primaryimage\"},\"image\":{\"@id\":\"https:\/\/www.fundaciontriangle.org\/blog\/talento-senior-el-talento-infravalorado-en-espana\/#primaryimage\"},\"thumbnailUrl\":\"https:\/\/www.fundaciontriangle.org\/blog\/wp-content\/uploads\/sites\/2\/2019\/11\/Talento-s\u00e9nior-discriminaci\u00f3n.png\",\"datePublished\":\"2019-11-13T10:00:17+00:00\",\"dateModified\":\"2019-11-18T08:29:27+00:00\",\"author\":{\"@id\":\"https:\/\/www.fundaciontriangle.org\/blog\/#\/schema\/person\/c4acdb9bfe5998701e5195e93e3bf579\"},\"inLanguage\":\"es\",\"potentialAction\":[{\"@type\":\"ReadAction\",\"target\":[\"https:\/\/www.fundaciontriangle.org\/blog\/talento-senior-el-talento-infravalorado-en-espana\/\"]}]},{\"@type\":\"ImageObject\",\"inLanguage\":\"es\",\"@id\":\"https:\/\/www.fundaciontriangle.org\/blog\/talento-senior-el-talento-infravalorado-en-espana\/#primaryimage\",\"url\":\"https:\/\/www.fundaciontriangle.org\/blog\/wp-content\/uploads\/sites\/2\/2019\/11\/Talento-s\u00e9nior-discriminaci\u00f3n.png\",\"contentUrl\":\"https:\/\/www.fundaciontriangle.org\/blog\/wp-content\/uploads\/sites\/2\/2019\/11\/Talento-s\u00e9nior-discriminaci\u00f3n.png\",\"width\":1500,\"height\":1080,\"caption\":\"Talento infravalorado\"},{\"@type\":\"WebSite\",\"@id\":\"https:\/\/www.fundaciontriangle.org\/blog\/#website\",\"url\":\"https:\/\/www.fundaciontriangle.org\/blog\/\",\"name\":\"Blog de Fundaci\u00f3n Triangle\",\"description\":\"Hablamos talento s\u00e9nior, diversidad, edadismo, igualdad de oportunidades, trabajo digno, alianzas, entornos de trabajo, recursos humanos. De la gesti\u00f3n de la diversidad, del talento y la experiencia de las personas, de lo que aportan a las empresas.\",\"potentialAction\":[{\"@type\":\"SearchAction\",\"target\":{\"@type\":\"EntryPoint\",\"urlTemplate\":\"https:\/\/www.fundaciontriangle.org\/blog\/?s={search_term_string}\"},\"query-input\":{\"@type\":\"PropertyValueSpecification\",\"valueRequired\":true,\"valueName\":\"search_term_string\"}}],\"inLanguage\":\"es\"},{\"@type\":\"Person\",\"@id\":\"https:\/\/www.fundaciontriangle.org\/blog\/#\/schema\/person\/c4acdb9bfe5998701e5195e93e3bf579\",\"name\":\"Admin\",\"image\":{\"@type\":\"ImageObject\",\"inLanguage\":\"es\",\"@id\":\"https:\/\/www.fundaciontriangle.org\/blog\/#\/schema\/person\/image\/\",\"url\":\"https:\/\/secure.gravatar.com\/avatar\/639dfb27e51a4baf887721ba49ad906aa378fe5130c9cfa9ca94c4bf967b0c66?s=96&d=mm&r=g\",\"contentUrl\":\"https:\/\/secure.gravatar.com\/avatar\/639dfb27e51a4baf887721ba49ad906aa378fe5130c9cfa9ca94c4bf967b0c66?s=96&d=mm&r=g\",\"caption\":\"Admin\"}}]}<\/script>\n<!-- \/ Yoast SEO plugin. -->","yoast_head_json":{"title":"Talento s\u00e9nior, el talento infravalorado en Espa\u00f1a - Blog de Fundaci\u00f3n Triangle","robots":{"index":"index","follow":"follow","max-snippet":"max-snippet:-1","max-image-preview":"max-image-preview:large","max-video-preview":"max-video-preview:-1"},"canonical":"https:\/\/www.fundaciontriangle.org\/blog\/talento-senior-el-talento-infravalorado-en-espana\/","og_locale":"es_ES","og_type":"article","og_title":"Talento s\u00e9nior, el talento infravalorado en Espa\u00f1a - Blog de Fundaci\u00f3n Triangle","og_description":"L.F. Las personas mayores de 45 a\u00f1os est\u00e1n experimentando una clara discriminaci\u00f3n por su edad no solo cuando buscan&hellip;","og_url":"https:\/\/www.fundaciontriangle.org\/blog\/talento-senior-el-talento-infravalorado-en-espana\/","og_site_name":"Blog de Fundaci\u00f3n Triangle","article_published_time":"2019-11-13T10:00:17+00:00","article_modified_time":"2019-11-18T08:29:27+00:00","og_image":[{"width":1500,"height":1080,"url":"https:\/\/www.fundaciontriangle.org\/blog\/wp-content\/uploads\/sites\/2\/2019\/11\/Talento-s\u00e9nior-discriminaci\u00f3n.png","type":"image\/png"}],"author":"Admin","twitter_card":"summary_large_image","twitter_misc":{"Escrito por":"Admin","Tiempo de lectura":"7 minutos"},"schema":{"@context":"https:\/\/schema.org","@graph":[{"@type":"Article","@id":"https:\/\/www.fundaciontriangle.org\/blog\/talento-senior-el-talento-infravalorado-en-espana\/#article","isPartOf":{"@id":"https:\/\/www.fundaciontriangle.org\/blog\/talento-senior-el-talento-infravalorado-en-espana\/"},"author":{"name":"Admin","@id":"https:\/\/www.fundaciontriangle.org\/blog\/#\/schema\/person\/c4acdb9bfe5998701e5195e93e3bf579"},"headline":"Talento s\u00e9nior, el talento infravalorado en Espa\u00f1a","datePublished":"2019-11-13T10:00:17+00:00","dateModified":"2019-11-18T08:29:27+00:00","mainEntityOfPage":{"@id":"https:\/\/www.fundaciontriangle.org\/blog\/talento-senior-el-talento-infravalorado-en-espana\/"},"wordCount":1473,"commentCount":0,"image":{"@id":"https:\/\/www.fundaciontriangle.org\/blog\/talento-senior-el-talento-infravalorado-en-espana\/#primaryimage"},"thumbnailUrl":"https:\/\/www.fundaciontriangle.org\/blog\/wp-content\/uploads\/sites\/2\/2019\/11\/Talento-s\u00e9nior-discriminaci\u00f3n.png","articleSection":["Talento S\u00e9nior"],"inLanguage":"es","potentialAction":[{"@type":"CommentAction","name":"Comment","target":["https:\/\/www.fundaciontriangle.org\/blog\/talento-senior-el-talento-infravalorado-en-espana\/#respond"]}]},{"@type":"WebPage","@id":"https:\/\/www.fundaciontriangle.org\/blog\/talento-senior-el-talento-infravalorado-en-espana\/","url":"https:\/\/www.fundaciontriangle.org\/blog\/talento-senior-el-talento-infravalorado-en-espana\/","name":"Talento s\u00e9nior, el talento infravalorado en Espa\u00f1a - Blog de Fundaci\u00f3n Triangle","isPartOf":{"@id":"https:\/\/www.fundaciontriangle.org\/blog\/#website"},"primaryImageOfPage":{"@id":"https:\/\/www.fundaciontriangle.org\/blog\/talento-senior-el-talento-infravalorado-en-espana\/#primaryimage"},"image":{"@id":"https:\/\/www.fundaciontriangle.org\/blog\/talento-senior-el-talento-infravalorado-en-espana\/#primaryimage"},"thumbnailUrl":"https:\/\/www.fundaciontriangle.org\/blog\/wp-content\/uploads\/sites\/2\/2019\/11\/Talento-s\u00e9nior-discriminaci\u00f3n.png","datePublished":"2019-11-13T10:00:17+00:00","dateModified":"2019-11-18T08:29:27+00:00","author":{"@id":"https:\/\/www.fundaciontriangle.org\/blog\/#\/schema\/person\/c4acdb9bfe5998701e5195e93e3bf579"},"inLanguage":"es","potentialAction":[{"@type":"ReadAction","target":["https:\/\/www.fundaciontriangle.org\/blog\/talento-senior-el-talento-infravalorado-en-espana\/"]}]},{"@type":"ImageObject","inLanguage":"es","@id":"https:\/\/www.fundaciontriangle.org\/blog\/talento-senior-el-talento-infravalorado-en-espana\/#primaryimage","url":"https:\/\/www.fundaciontriangle.org\/blog\/wp-content\/uploads\/sites\/2\/2019\/11\/Talento-s\u00e9nior-discriminaci\u00f3n.png","contentUrl":"https:\/\/www.fundaciontriangle.org\/blog\/wp-content\/uploads\/sites\/2\/2019\/11\/Talento-s\u00e9nior-discriminaci\u00f3n.png","width":1500,"height":1080,"caption":"Talento infravalorado"},{"@type":"WebSite","@id":"https:\/\/www.fundaciontriangle.org\/blog\/#website","url":"https:\/\/www.fundaciontriangle.org\/blog\/","name":"Blog de Fundaci\u00f3n Triangle","description":"Hablamos talento s\u00e9nior, diversidad, edadismo, igualdad de oportunidades, trabajo digno, alianzas, entornos de trabajo, recursos humanos. De la gesti\u00f3n de la diversidad, del talento y la experiencia de las personas, de lo que aportan a las empresas.","potentialAction":[{"@type":"SearchAction","target":{"@type":"EntryPoint","urlTemplate":"https:\/\/www.fundaciontriangle.org\/blog\/?s={search_term_string}"},"query-input":{"@type":"PropertyValueSpecification","valueRequired":true,"valueName":"search_term_string"}}],"inLanguage":"es"},{"@type":"Person","@id":"https:\/\/www.fundaciontriangle.org\/blog\/#\/schema\/person\/c4acdb9bfe5998701e5195e93e3bf579","name":"Admin","image":{"@type":"ImageObject","inLanguage":"es","@id":"https:\/\/www.fundaciontriangle.org\/blog\/#\/schema\/person\/image\/","url":"https:\/\/secure.gravatar.com\/avatar\/639dfb27e51a4baf887721ba49ad906aa378fe5130c9cfa9ca94c4bf967b0c66?s=96&d=mm&r=g","contentUrl":"https:\/\/secure.gravatar.com\/avatar\/639dfb27e51a4baf887721ba49ad906aa378fe5130c9cfa9ca94c4bf967b0c66?s=96&d=mm&r=g","caption":"Admin"}}]}},"_links":{"self":[{"href":"https:\/\/www.fundaciontriangle.org\/blog\/wp-json\/wp\/v2\/posts\/644","targetHints":{"allow":["GET"]}}],"collection":[{"href":"https:\/\/www.fundaciontriangle.org\/blog\/wp-json\/wp\/v2\/posts"}],"about":[{"href":"https:\/\/www.fundaciontriangle.org\/blog\/wp-json\/wp\/v2\/types\/post"}],"author":[{"embeddable":true,"href":"https:\/\/www.fundaciontriangle.org\/blog\/wp-json\/wp\/v2\/users\/2"}],"replies":[{"embeddable":true,"href":"https:\/\/www.fundaciontriangle.org\/blog\/wp-json\/wp\/v2\/comments?post=644"}],"version-history":[{"count":2,"href":"https:\/\/www.fundaciontriangle.org\/blog\/wp-json\/wp\/v2\/posts\/644\/revisions"}],"predecessor-version":[{"id":691,"href":"https:\/\/www.fundaciontriangle.org\/blog\/wp-json\/wp\/v2\/posts\/644\/revisions\/691"}],"wp:featuredmedia":[{"embeddable":true,"href":"https:\/\/www.fundaciontriangle.org\/blog\/wp-json\/wp\/v2\/media\/646"}],"wp:attachment":[{"href":"https:\/\/www.fundaciontriangle.org\/blog\/wp-json\/wp\/v2\/media?parent=644"}],"wp:term":[{"taxonomy":"category","embeddable":true,"href":"https:\/\/www.fundaciontriangle.org\/blog\/wp-json\/wp\/v2\/categories?post=644"},{"taxonomy":"post_tag","embeddable":true,"href":"https:\/\/www.fundaciontriangle.org\/blog\/wp-json\/wp\/v2\/tags?post=644"}],"curies":[{"name":"wp","href":"https:\/\/api.w.org\/{rel}","templated":true}]}}