{"id":619,"date":"2019-10-30T11:00:55","date_gmt":"2019-10-30T10:00:55","guid":{"rendered":"http:\/\/www.fundaciontriangle.org\/blog\/?p=619"},"modified":"2019-10-28T16:47:36","modified_gmt":"2019-10-28T15:47:36","slug":"la-formacion-como-pieza-fundamental-para-reintegrar-al-talento-senior","status":"publish","type":"post","link":"https:\/\/www.fundaciontriangle.org\/blog\/la-formacion-como-pieza-fundamental-para-reintegrar-al-talento-senior\/","title":{"rendered":"La formaci\u00f3n como pieza fundamental para reintegrar al talento s\u00e9nior"},"content":{"rendered":"<p>Por <a href=\"https:\/\/www.linkedin.com\/in\/delrieu61\/?originalSubdomain=es\" target=\"_blank\" rel=\"noopener noreferrer\">JUAN CARLOS DELRIEU<\/a><\/p>\n<h2>La formaci\u00f3n es una pieza fundamental para reintegrar al talento s\u00e9nior en el mercado laboral espa\u00f1ol<\/h2>\n<p>Los trabajadores y trabajadoras mayores de 50 a\u00f1os deben seguir contribuyendo a la sociedad con el capital que han ido desarrollando a lo largo de su vida: experiencia, compromiso, adaptabilidad, dedicaci\u00f3n y esfuerzo. Sin embargo, en un entorno que cambia a tanta velocidad, la capacitaci\u00f3n, la formaci\u00f3n y el desarrollo se convierte en un aspecto clave para actuar con eficacia contra la invisibilidad del talento senior.<\/p>\n<p>El patr\u00f3n cl\u00e1sico de formaci\u00f3n, empleo y jubilaci\u00f3n ha dejado de funcionar. La capacitaci\u00f3n y desarrollo, en su concepci\u00f3n m\u00e1s amplia, debe ser una constante en la vida del trabajador y no solo porque la tecnolog\u00eda nos obligue a adaptarnos a nuevas formas de trabajo, sino porque las necesidades de los consumidores y de la sociedad van cambiando de manera acelerada.<\/p>\n<p><img loading=\"lazy\" decoding=\"async\" class=\"alignnone size-full wp-image-623\" src=\"http:\/\/www.fundaciontriangle.org\/blog\/wp-content\/uploads\/sites\/2\/2019\/10\/Plantillas-trabajo-Fundaci\u00f3n-003.png\" alt=\"\" width=\"1584\" height=\"150\" \/><\/p>\n<p>Por ello, los propios trabajadores y trabajadoras deben cambiar su forma de pensar y de entender el entorno actual para aceptar que un empleo ya no es para toda la vida, lo que exige flexibilizar su idea sobre la empleabilidad. Si las personas tienden a vivir cada vez m\u00e1s a\u00f1os, ser\u00e1 necesario afrontarlo invirtiendo en salud y bienestar, en familia y amistades, y reforzando nuestras propias capacidades con cursos de formaci\u00f3n espec\u00edficos (de corta duraci\u00f3n para evitar despegarse del mercado laboral), y nuevas experiencias que complementen aquellas que ya se tengan acumuladas.<\/p>\n<h2>Lo que puede hacer la empresa<\/h2>\n<p>La empresa debe hacer un esfuerzo para que sus trabajadoras y trabajadores mayores de 50 a\u00f1os puedan visualizar un horizonte m\u00ednimo de diez a\u00f1os sobre el que puedan prolongar su vida laboral. Esto desaf\u00edo exige cambiar el dise\u00f1o de la formaci\u00f3n y el desarrollo, unas funciones que deber\u00edan girar en torno al n\u00facleo de la organizaci\u00f3n para adaptarse con agilidad a las nuevas condiciones del mercado. Las empresas est\u00e1n obligadas a adoptar medidas para mantener los niveles de productividad de sus empleadas y empleadas en todas las etapas de su trayectoria profesional. Para ello, la capacitaci\u00f3n en la empresa debe entenderse bajo un concepto m\u00e1s pr\u00e1ctico que te\u00f3rico por lo que deber\u00eda plantearse como una formaci\u00f3n con prop\u00f3sito, enfocada a la creaci\u00f3n de valor y fundamentada en la diversidad y en la tecnolog\u00eda. Para ello, deben dise\u00f1arse programas de <em>mentoring<\/em> y construir equipos multidisciplinares y diversos para dar respuesta a problemas espec\u00edficos de la empresa. Hay infinidad de pr\u00e1cticas, pero las m\u00e1s efectivas tienden a girar alrededor de la interacci\u00f3n entre grupos diversos (formaci\u00f3n, g\u00e9nero y edad) y, m\u00e1s a\u00fan, si se apalancan en la fuerza de la tecnolog\u00eda como motor del cambio.<\/p>\n<h2>El papel de la Administraci\u00f3n P\u00fablica<\/h2>\n<p>Por su parte, la Administraci\u00f3n debe afrontar este problema bajo una \u00f3ptica integral y evitar el planteamiento de pol\u00edticas espec\u00edficas en funci\u00f3n de la edad. De entrada, deber\u00eda plantear una agenda que asegure que nuestro pa\u00eds puede beneficiarse de una sociedad m\u00e1s longeva. Una agenda que defina el derecho de una persona a seguir ocupada hasta por lo menos la edad legal de jubilaci\u00f3n. Por supuesto, se deber\u00eda comenzar con una reforma educativa que modernice el sistema fomentando la formaci\u00f3n profesional dual y potencie la educaci\u00f3n de calidad con el foco puesto en las asignaturas que actualmente demandan las empresas. Al mismo tiempo, la Administraci\u00f3n deber\u00eda redefinir los cursos de formaci\u00f3n orientados a las personas desempleadas mayores de 50 a\u00f1os con m\u00e1s \u00e9nfasis en la especialidad y de corta duraci\u00f3n, para evitar que las y los asistentes se alejen del mercado laboral por un prolongado periodo de tiempo.<\/p>\n<p>En definitiva, se trata de fomentar a trav\u00e9s de la capacitaci\u00f3n que las personas con m\u00e1s de 50 a\u00f1os tengan m\u00e1s relevancia, m\u00e1s capacidad de reinvenci\u00f3n, un mejor desempe\u00f1o y m\u00e1s posibilidades en la vida, bien sea mientras mantengan un empleo o cuando se encuentren en una situaci\u00f3n de desempleo.<\/p>\n<p><img loading=\"lazy\" decoding=\"async\" class=\"alignnone size-full wp-image-627\" src=\"http:\/\/www.fundaciontriangle.org\/blog\/wp-content\/uploads\/sites\/2\/2019\/10\/2doFocus-16.jpg\" alt=\"\" width=\"4898\" height=\"2755\" \/><\/p>\n<h2>Sobre Juan Carlos Delrieu<\/h2>\n<p>Es miembro del Consejo Asesor de la Fundaci\u00f3n Selectiva y ha participado activamente en los focus que la organizaci\u00f3n puso en marcha en invierno y cuyas conclusiones se reflejan en la publicaci\u00f3n: <a href=\"http:\/\/www.fundaciontriangle.org\/publicaciones\/\" target=\"_blank\" rel=\"noopener noreferrer\">\u00abPropuestas 2019 para combatir el Edadismo en la Empresa\u00bb.<\/a><\/p>\n<p>Juan Carlos Delrieu actualmente es\u00a0 el responsable del Gabinete de Presidencia y director de Estrategia y An\u00e1lisis Econ\u00f3mico de la<a href=\"https:\/\/www.aebanca.es\" target=\"_blank\" rel=\"noopener noreferrer\"> Asociaci\u00f3n Espa\u00f1ola de Banca.<\/a><\/p>\n<p>Se especializ\u00f3 en Econometr\u00eda y Predicci\u00f3n Econ\u00f3mica en el Centro de Formaci\u00f3n del Banco de Espa\u00f1a en Madrid en 1986. Trabaj\u00f3 nueve a\u00f1os como titulado del Servicio de Estudios del Banco de Espa\u00f1a antes de comenzar, en el sector privado, una nueva etapa como economista jefe de CEMEX en Monterrey (M\u00e9xico) hasta 2005. Posteriormente fue Vicepresidente de Planificaci\u00f3n Estrat\u00e9gica y Financiera de esta compa\u00f1\u00eda en diversos pa\u00edses de Latinoam\u00e9rica. En 2009 fue responsable de Estrategia y Desarrollo de Mercados de CEMEX-Am\u00e9rica.<\/p>\n","protected":false},"excerpt":{"rendered":"<p>Por JUAN CARLOS DELRIEU La formaci\u00f3n es una pieza fundamental para reintegrar al talento s\u00e9nior en el mercado laboral&hellip;<\/p>\n","protected":false},"author":2,"featured_media":621,"comment_status":"open","ping_status":"open","sticky":false,"template":"","format":"standard","meta":{"_monsterinsights_skip_tracking":false,"_monsterinsights_sitenote_active":false,"_monsterinsights_sitenote_note":"","_monsterinsights_sitenote_category":0,"footnotes":""},"categories":[3],"tags":[],"class_list":["post-619","post","type-post","status-publish","format-standard","has-post-thumbnail","hentry","category-talento-senior"],"yoast_head":"<!-- This site is optimized with the Yoast SEO plugin v27.0 - https:\/\/yoast.com\/product\/yoast-seo-wordpress\/ -->\n<title>La formaci\u00f3n como pieza fundamental para reintegrar al talento s\u00e9nior - Blog de Fundaci\u00f3n Triangle<\/title>\n<meta name=\"description\" content=\"La formaci\u00f3n de las personas mayores de 45 a\u00f1os es una de las herramientas claves para poder reinsertarlas en el mercado laboral\" \/>\n<meta name=\"robots\" content=\"index, follow, max-snippet:-1, max-image-preview:large, max-video-preview:-1\" \/>\n<link rel=\"canonical\" href=\"https:\/\/www.fundaciontriangle.org\/blog\/la-formacion-como-pieza-fundamental-para-reintegrar-al-talento-senior\/\" \/>\n<meta property=\"og:locale\" content=\"es_ES\" \/>\n<meta property=\"og:type\" content=\"article\" \/>\n<meta property=\"og:title\" content=\"La formaci\u00f3n como pieza fundamental para reintegrar al talento s\u00e9nior - Blog de Fundaci\u00f3n Triangle\" \/>\n<meta property=\"og:description\" content=\"La formaci\u00f3n de las personas mayores de 45 a\u00f1os es una de las herramientas claves para poder reinsertarlas en el mercado laboral\" \/>\n<meta property=\"og:url\" content=\"https:\/\/www.fundaciontriangle.org\/blog\/la-formacion-como-pieza-fundamental-para-reintegrar-al-talento-senior\/\" \/>\n<meta property=\"og:site_name\" content=\"Blog de Fundaci\u00f3n Triangle\" \/>\n<meta property=\"article:published_time\" content=\"2019-10-30T10:00:55+00:00\" \/>\n<meta property=\"og:image\" content=\"https:\/\/www.fundaciontriangle.org\/blog\/wp-content\/uploads\/sites\/2\/2019\/10\/Formaci\u00f3n-y-personas-fundaci\u00f3n.png\" \/>\n\t<meta property=\"og:image:width\" content=\"1040\" \/>\n\t<meta property=\"og:image:height\" content=\"640\" \/>\n\t<meta property=\"og:image:type\" content=\"image\/png\" \/>\n<meta name=\"author\" content=\"Admin\" \/>\n<meta name=\"twitter:card\" content=\"summary_large_image\" \/>\n<meta name=\"twitter:label1\" content=\"Escrito por\" \/>\n\t<meta name=\"twitter:data1\" content=\"Admin\" \/>\n\t<meta name=\"twitter:label2\" content=\"Tiempo de lectura\" \/>\n\t<meta name=\"twitter:data2\" content=\"4 minutos\" \/>\n<script type=\"application\/ld+json\" class=\"yoast-schema-graph\">{\"@context\":\"https:\/\/schema.org\",\"@graph\":[{\"@type\":\"Article\",\"@id\":\"https:\/\/www.fundaciontriangle.org\/blog\/la-formacion-como-pieza-fundamental-para-reintegrar-al-talento-senior\/#article\",\"isPartOf\":{\"@id\":\"https:\/\/www.fundaciontriangle.org\/blog\/la-formacion-como-pieza-fundamental-para-reintegrar-al-talento-senior\/\"},\"author\":{\"name\":\"Admin\",\"@id\":\"https:\/\/www.fundaciontriangle.org\/blog\/#\/schema\/person\/c4acdb9bfe5998701e5195e93e3bf579\"},\"headline\":\"La formaci\u00f3n como pieza fundamental para reintegrar al talento s\u00e9nior\",\"datePublished\":\"2019-10-30T10:00:55+00:00\",\"mainEntityOfPage\":{\"@id\":\"https:\/\/www.fundaciontriangle.org\/blog\/la-formacion-como-pieza-fundamental-para-reintegrar-al-talento-senior\/\"},\"wordCount\":895,\"commentCount\":0,\"image\":{\"@id\":\"https:\/\/www.fundaciontriangle.org\/blog\/la-formacion-como-pieza-fundamental-para-reintegrar-al-talento-senior\/#primaryimage\"},\"thumbnailUrl\":\"https:\/\/www.fundaciontriangle.org\/blog\/wp-content\/uploads\/sites\/2\/2019\/10\/Formaci\u00f3n-y-personas-fundaci\u00f3n.png\",\"articleSection\":[\"Talento S\u00e9nior\"],\"inLanguage\":\"es\",\"potentialAction\":[{\"@type\":\"CommentAction\",\"name\":\"Comment\",\"target\":[\"https:\/\/www.fundaciontriangle.org\/blog\/la-formacion-como-pieza-fundamental-para-reintegrar-al-talento-senior\/#respond\"]}]},{\"@type\":\"WebPage\",\"@id\":\"https:\/\/www.fundaciontriangle.org\/blog\/la-formacion-como-pieza-fundamental-para-reintegrar-al-talento-senior\/\",\"url\":\"https:\/\/www.fundaciontriangle.org\/blog\/la-formacion-como-pieza-fundamental-para-reintegrar-al-talento-senior\/\",\"name\":\"La formaci\u00f3n como pieza fundamental para reintegrar al talento s\u00e9nior - Blog de Fundaci\u00f3n Triangle\",\"isPartOf\":{\"@id\":\"https:\/\/www.fundaciontriangle.org\/blog\/#website\"},\"primaryImageOfPage\":{\"@id\":\"https:\/\/www.fundaciontriangle.org\/blog\/la-formacion-como-pieza-fundamental-para-reintegrar-al-talento-senior\/#primaryimage\"},\"image\":{\"@id\":\"https:\/\/www.fundaciontriangle.org\/blog\/la-formacion-como-pieza-fundamental-para-reintegrar-al-talento-senior\/#primaryimage\"},\"thumbnailUrl\":\"https:\/\/www.fundaciontriangle.org\/blog\/wp-content\/uploads\/sites\/2\/2019\/10\/Formaci\u00f3n-y-personas-fundaci\u00f3n.png\",\"datePublished\":\"2019-10-30T10:00:55+00:00\",\"author\":{\"@id\":\"https:\/\/www.fundaciontriangle.org\/blog\/#\/schema\/person\/c4acdb9bfe5998701e5195e93e3bf579\"},\"description\":\"La formaci\u00f3n de las personas mayores de 45 a\u00f1os es una de las herramientas claves para poder reinsertarlas en el mercado laboral\",\"inLanguage\":\"es\",\"potentialAction\":[{\"@type\":\"ReadAction\",\"target\":[\"https:\/\/www.fundaciontriangle.org\/blog\/la-formacion-como-pieza-fundamental-para-reintegrar-al-talento-senior\/\"]}]},{\"@type\":\"ImageObject\",\"inLanguage\":\"es\",\"@id\":\"https:\/\/www.fundaciontriangle.org\/blog\/la-formacion-como-pieza-fundamental-para-reintegrar-al-talento-senior\/#primaryimage\",\"url\":\"https:\/\/www.fundaciontriangle.org\/blog\/wp-content\/uploads\/sites\/2\/2019\/10\/Formaci\u00f3n-y-personas-fundaci\u00f3n.png\",\"contentUrl\":\"https:\/\/www.fundaciontriangle.org\/blog\/wp-content\/uploads\/sites\/2\/2019\/10\/Formaci\u00f3n-y-personas-fundaci\u00f3n.png\",\"width\":1040,\"height\":640,\"caption\":\"Portada formaci\u00f3n\"},{\"@type\":\"WebSite\",\"@id\":\"https:\/\/www.fundaciontriangle.org\/blog\/#website\",\"url\":\"https:\/\/www.fundaciontriangle.org\/blog\/\",\"name\":\"Blog de Fundaci\u00f3n Triangle\",\"description\":\"Hablamos talento s\u00e9nior, diversidad, edadismo, igualdad de oportunidades, trabajo digno, alianzas, entornos de trabajo, recursos humanos. De la gesti\u00f3n de la diversidad, del talento y la experiencia de las personas, de lo que aportan a las empresas.\",\"potentialAction\":[{\"@type\":\"SearchAction\",\"target\":{\"@type\":\"EntryPoint\",\"urlTemplate\":\"https:\/\/www.fundaciontriangle.org\/blog\/?s={search_term_string}\"},\"query-input\":{\"@type\":\"PropertyValueSpecification\",\"valueRequired\":true,\"valueName\":\"search_term_string\"}}],\"inLanguage\":\"es\"},{\"@type\":\"Person\",\"@id\":\"https:\/\/www.fundaciontriangle.org\/blog\/#\/schema\/person\/c4acdb9bfe5998701e5195e93e3bf579\",\"name\":\"Admin\",\"image\":{\"@type\":\"ImageObject\",\"inLanguage\":\"es\",\"@id\":\"https:\/\/www.fundaciontriangle.org\/blog\/#\/schema\/person\/image\/\",\"url\":\"https:\/\/secure.gravatar.com\/avatar\/639dfb27e51a4baf887721ba49ad906aa378fe5130c9cfa9ca94c4bf967b0c66?s=96&d=mm&r=g\",\"contentUrl\":\"https:\/\/secure.gravatar.com\/avatar\/639dfb27e51a4baf887721ba49ad906aa378fe5130c9cfa9ca94c4bf967b0c66?s=96&d=mm&r=g\",\"caption\":\"Admin\"}}]}<\/script>\n<!-- \/ Yoast SEO plugin. -->","yoast_head_json":{"title":"La formaci\u00f3n como pieza fundamental para reintegrar al talento s\u00e9nior - Blog de Fundaci\u00f3n Triangle","description":"La formaci\u00f3n de las personas mayores de 45 a\u00f1os es una de las herramientas claves para poder reinsertarlas en el mercado laboral","robots":{"index":"index","follow":"follow","max-snippet":"max-snippet:-1","max-image-preview":"max-image-preview:large","max-video-preview":"max-video-preview:-1"},"canonical":"https:\/\/www.fundaciontriangle.org\/blog\/la-formacion-como-pieza-fundamental-para-reintegrar-al-talento-senior\/","og_locale":"es_ES","og_type":"article","og_title":"La formaci\u00f3n como pieza fundamental para reintegrar al talento s\u00e9nior - Blog de Fundaci\u00f3n Triangle","og_description":"La formaci\u00f3n de las personas mayores de 45 a\u00f1os es una de las herramientas claves para poder reinsertarlas en el mercado laboral","og_url":"https:\/\/www.fundaciontriangle.org\/blog\/la-formacion-como-pieza-fundamental-para-reintegrar-al-talento-senior\/","og_site_name":"Blog de Fundaci\u00f3n Triangle","article_published_time":"2019-10-30T10:00:55+00:00","og_image":[{"width":1040,"height":640,"url":"https:\/\/www.fundaciontriangle.org\/blog\/wp-content\/uploads\/sites\/2\/2019\/10\/Formaci\u00f3n-y-personas-fundaci\u00f3n.png","type":"image\/png"}],"author":"Admin","twitter_card":"summary_large_image","twitter_misc":{"Escrito por":"Admin","Tiempo de lectura":"4 minutos"},"schema":{"@context":"https:\/\/schema.org","@graph":[{"@type":"Article","@id":"https:\/\/www.fundaciontriangle.org\/blog\/la-formacion-como-pieza-fundamental-para-reintegrar-al-talento-senior\/#article","isPartOf":{"@id":"https:\/\/www.fundaciontriangle.org\/blog\/la-formacion-como-pieza-fundamental-para-reintegrar-al-talento-senior\/"},"author":{"name":"Admin","@id":"https:\/\/www.fundaciontriangle.org\/blog\/#\/schema\/person\/c4acdb9bfe5998701e5195e93e3bf579"},"headline":"La formaci\u00f3n como pieza fundamental para reintegrar al talento s\u00e9nior","datePublished":"2019-10-30T10:00:55+00:00","mainEntityOfPage":{"@id":"https:\/\/www.fundaciontriangle.org\/blog\/la-formacion-como-pieza-fundamental-para-reintegrar-al-talento-senior\/"},"wordCount":895,"commentCount":0,"image":{"@id":"https:\/\/www.fundaciontriangle.org\/blog\/la-formacion-como-pieza-fundamental-para-reintegrar-al-talento-senior\/#primaryimage"},"thumbnailUrl":"https:\/\/www.fundaciontriangle.org\/blog\/wp-content\/uploads\/sites\/2\/2019\/10\/Formaci\u00f3n-y-personas-fundaci\u00f3n.png","articleSection":["Talento S\u00e9nior"],"inLanguage":"es","potentialAction":[{"@type":"CommentAction","name":"Comment","target":["https:\/\/www.fundaciontriangle.org\/blog\/la-formacion-como-pieza-fundamental-para-reintegrar-al-talento-senior\/#respond"]}]},{"@type":"WebPage","@id":"https:\/\/www.fundaciontriangle.org\/blog\/la-formacion-como-pieza-fundamental-para-reintegrar-al-talento-senior\/","url":"https:\/\/www.fundaciontriangle.org\/blog\/la-formacion-como-pieza-fundamental-para-reintegrar-al-talento-senior\/","name":"La formaci\u00f3n como pieza fundamental para reintegrar al talento s\u00e9nior - Blog de Fundaci\u00f3n Triangle","isPartOf":{"@id":"https:\/\/www.fundaciontriangle.org\/blog\/#website"},"primaryImageOfPage":{"@id":"https:\/\/www.fundaciontriangle.org\/blog\/la-formacion-como-pieza-fundamental-para-reintegrar-al-talento-senior\/#primaryimage"},"image":{"@id":"https:\/\/www.fundaciontriangle.org\/blog\/la-formacion-como-pieza-fundamental-para-reintegrar-al-talento-senior\/#primaryimage"},"thumbnailUrl":"https:\/\/www.fundaciontriangle.org\/blog\/wp-content\/uploads\/sites\/2\/2019\/10\/Formaci\u00f3n-y-personas-fundaci\u00f3n.png","datePublished":"2019-10-30T10:00:55+00:00","author":{"@id":"https:\/\/www.fundaciontriangle.org\/blog\/#\/schema\/person\/c4acdb9bfe5998701e5195e93e3bf579"},"description":"La formaci\u00f3n de las personas mayores de 45 a\u00f1os es una de las herramientas claves para poder reinsertarlas en el mercado laboral","inLanguage":"es","potentialAction":[{"@type":"ReadAction","target":["https:\/\/www.fundaciontriangle.org\/blog\/la-formacion-como-pieza-fundamental-para-reintegrar-al-talento-senior\/"]}]},{"@type":"ImageObject","inLanguage":"es","@id":"https:\/\/www.fundaciontriangle.org\/blog\/la-formacion-como-pieza-fundamental-para-reintegrar-al-talento-senior\/#primaryimage","url":"https:\/\/www.fundaciontriangle.org\/blog\/wp-content\/uploads\/sites\/2\/2019\/10\/Formaci\u00f3n-y-personas-fundaci\u00f3n.png","contentUrl":"https:\/\/www.fundaciontriangle.org\/blog\/wp-content\/uploads\/sites\/2\/2019\/10\/Formaci\u00f3n-y-personas-fundaci\u00f3n.png","width":1040,"height":640,"caption":"Portada formaci\u00f3n"},{"@type":"WebSite","@id":"https:\/\/www.fundaciontriangle.org\/blog\/#website","url":"https:\/\/www.fundaciontriangle.org\/blog\/","name":"Blog de Fundaci\u00f3n Triangle","description":"Hablamos talento s\u00e9nior, diversidad, edadismo, igualdad de oportunidades, trabajo digno, alianzas, entornos de trabajo, recursos humanos. De la gesti\u00f3n de la diversidad, del talento y la experiencia de las personas, de lo que aportan a las empresas.","potentialAction":[{"@type":"SearchAction","target":{"@type":"EntryPoint","urlTemplate":"https:\/\/www.fundaciontriangle.org\/blog\/?s={search_term_string}"},"query-input":{"@type":"PropertyValueSpecification","valueRequired":true,"valueName":"search_term_string"}}],"inLanguage":"es"},{"@type":"Person","@id":"https:\/\/www.fundaciontriangle.org\/blog\/#\/schema\/person\/c4acdb9bfe5998701e5195e93e3bf579","name":"Admin","image":{"@type":"ImageObject","inLanguage":"es","@id":"https:\/\/www.fundaciontriangle.org\/blog\/#\/schema\/person\/image\/","url":"https:\/\/secure.gravatar.com\/avatar\/639dfb27e51a4baf887721ba49ad906aa378fe5130c9cfa9ca94c4bf967b0c66?s=96&d=mm&r=g","contentUrl":"https:\/\/secure.gravatar.com\/avatar\/639dfb27e51a4baf887721ba49ad906aa378fe5130c9cfa9ca94c4bf967b0c66?s=96&d=mm&r=g","caption":"Admin"}}]}},"_links":{"self":[{"href":"https:\/\/www.fundaciontriangle.org\/blog\/wp-json\/wp\/v2\/posts\/619","targetHints":{"allow":["GET"]}}],"collection":[{"href":"https:\/\/www.fundaciontriangle.org\/blog\/wp-json\/wp\/v2\/posts"}],"about":[{"href":"https:\/\/www.fundaciontriangle.org\/blog\/wp-json\/wp\/v2\/types\/post"}],"author":[{"embeddable":true,"href":"https:\/\/www.fundaciontriangle.org\/blog\/wp-json\/wp\/v2\/users\/2"}],"replies":[{"embeddable":true,"href":"https:\/\/www.fundaciontriangle.org\/blog\/wp-json\/wp\/v2\/comments?post=619"}],"version-history":[{"count":1,"href":"https:\/\/www.fundaciontriangle.org\/blog\/wp-json\/wp\/v2\/posts\/619\/revisions"}],"predecessor-version":[{"id":632,"href":"https:\/\/www.fundaciontriangle.org\/blog\/wp-json\/wp\/v2\/posts\/619\/revisions\/632"}],"wp:featuredmedia":[{"embeddable":true,"href":"https:\/\/www.fundaciontriangle.org\/blog\/wp-json\/wp\/v2\/media\/621"}],"wp:attachment":[{"href":"https:\/\/www.fundaciontriangle.org\/blog\/wp-json\/wp\/v2\/media?parent=619"}],"wp:term":[{"taxonomy":"category","embeddable":true,"href":"https:\/\/www.fundaciontriangle.org\/blog\/wp-json\/wp\/v2\/categories?post=619"},{"taxonomy":"post_tag","embeddable":true,"href":"https:\/\/www.fundaciontriangle.org\/blog\/wp-json\/wp\/v2\/tags?post=619"}],"curies":[{"name":"wp","href":"https:\/\/api.w.org\/{rel}","templated":true}]}}