{"id":362,"date":"2019-07-10T11:00:56","date_gmt":"2019-07-10T10:00:56","guid":{"rendered":"http:\/\/www.fundaciontriangle.org\/blog\/?p=362"},"modified":"2019-11-08T16:01:15","modified_gmt":"2019-11-08T15:01:15","slug":"la-gestion-del-talento-senior-en-las-empresas-del-ibex-35","status":"publish","type":"post","link":"https:\/\/www.fundaciontriangle.org\/blog\/la-gestion-del-talento-senior-en-las-empresas-del-ibex-35\/","title":{"rendered":"La gesti\u00f3n del talento s\u00e9nior en las empresas del IBEX 35"},"content":{"rendered":"<p>L.F.<\/p>\n<h2>La mayor\u00eda de las compa\u00f1\u00edas que cotizan en el IBEX 35 se despreocupan del talento s\u00e9nior.<\/h2>\n<p>En realidad, son pocas las organizaciones que, coticen en bolsa o no, tienen establecidas pol\u00edticas para gestionar los problemas que se presentan en el \u00e1mbito laboral por la diversidad generacional de las plantillas.<br \/>\nEl pasado 4 de junio, la fundaci\u00f3n organiz\u00f3 en las instalaciones de Deusto Business School el evento: \u201cEdadismo, discriminaci\u00f3n por edad en el mercado laboral\u201d.<\/p>\n<p><img loading=\"lazy\" decoding=\"async\" class=\"alignnone size-full wp-image-394\" src=\"http:\/\/www.fundaciontriangle.org\/blog\/wp-content\/uploads\/sites\/2\/2019\/07\/FotoI-1.jpg\" alt=\"\" width=\"4120\" height=\"2760\" \/><\/p>\n<p>En el encuentro contamos con la presencia y participaci\u00f3n de varias empresas y personas interesadas en evitar este tipo de discriminaci\u00f3n.<br \/>\nEn la primera parte del evento se present\u00f3 el informe <a href=\"https:\/\/www.compromisoytransparencia.com\/informes\/carrera-y-talento-senior-informe-de-transparencia-y-buen-gobierno-sobre-la-gestion-del-talento-senior-en-las-empresas-del-ibex-35\" target=\"_blank\" rel=\"noopener noreferrer\">\u00abCarrera y talento s\u00e9nior\u00bb<\/a> elaborado por la Fundaci\u00f3n Compromiso y Transparencia con la colaboraci\u00f3n de Itwillbe y Fundaci\u00f3n Knowdle, donde se destac\u00f3 entre otras cuestiones que el 71% de <a href=\"https:\/\/www.abc.es\/economia\/abci-71-por-ciento-empresas-ibex-35-olvida-talento-senior-201906041907_noticia.html\" target=\"_blank\" rel=\"noopener noreferrer\">las empresas del IBEX 35<\/a> no tienen en cuenta a las trabajadoras y los trabajadores mayores de 45 a\u00f1os.<\/p>\n<p><img loading=\"lazy\" decoding=\"async\" class=\"alignnone size-full wp-image-401\" src=\"http:\/\/www.fundaciontriangle.org\/blog\/wp-content\/uploads\/sites\/2\/2019\/07\/Foto-II-e1563198199379.jpg\" alt=\"\" width=\"1500\" height=\"1000\" \/><\/p>\n<p>Si tenemos en cuenta los datos arrojados por la \u00faltima <a href=\"http:\/\/www.fundaciontriangle.org\/blog\/la-epa-lo-confirma-los-mayores-de-45-anos-estan-en-peligro-de-extincion-laboral\" target=\"_blank\" rel=\"noopener noreferrer\">Encuesta de Poblaci\u00f3n Activa (EPA)<\/a> podr\u00edamos afirmar que el talento s\u00e9nior es menospreciado e ignorado, hasta tal punto que podr\u00edamos decir que se ha convertido en invisible. Suena extremista, pero es as\u00ed. Actualmente son escasas las organizaciones que cuentan con pol\u00edticas definidas para erradicar el Edadismo y realizar buenas pr\u00e1cticas para cuidar el talento m\u00e1s maduro.<\/p>\n<p>Hay muchas compa\u00f1\u00edas que carecen de un plan de gesti\u00f3n de talento y no han dise\u00f1ado estrategias para afrontar el reto que supone el envejecimiento de sus plantillas. Sin embargo, en pocos a\u00f1os seremos el pa\u00eds m\u00e1s longevo del mundo. Si unimos el problema del <a href=\"https:\/\/http:\/\/www.fundaciontriangle.org\/blog\/envejecimiento-en-la-poblacion-como-afecta-al-talento-senior\/\" target=\"_blank\" rel=\"noopener noreferrer\"> envejecimineto de la poblaci\u00f3n<\/a> con el Edadismo, entenderemos la urgencia de afrontar ambos problemas.<\/p>\n<p>\u00bfCu\u00e1les son las razones que algunas entidades del IBEX 35 utilizan para justificar la salida de las personas mayores de 45 a\u00f1os de sus plantillas?:<br \/>\n&#8211; Mantenerlas en n\u00f3mina es m\u00e1s caro que contratar a personas m\u00e1s j\u00f3venes.<br \/>\n&#8211; Tienen serias dificultades para adaptarse a la transformaci\u00f3n digital.<br \/>\n&#8211; Les falta flexibilidad para reinventarse profesionalmente.<br \/>\n&#8211; No vale la pena formarles porque su vida laboral es corta.<br \/>\n&#8211; Est\u00e1n menos motivadas, se ausentan m\u00e1s del trabajo y les falta compromiso.<\/p>\n<p>Por nuestra experiencia y la de los y las asistentes a los <a href=\"http:\/\/www.fundaciontriangle.org\/discriminacion-laboral\/\" target=\"_blank\" rel=\"noopener noreferrer\">encuentros<\/a> que realizamos en la Fundaci\u00f3n Selectiva para hablar de este tema, podemos afirmar que estas razones son injustos prejuicios. No hay pruebas emp\u00edricas que demuestren que esas afirmaciones o creencias sobre el talento maduro sean ciertas.<\/p>\n<p>Vivimos inmersos en una cultura cortoplacista donde prima lo urgente y lo importante se deja para otro momento. Lo que se ahorra hoy despidiendo a una trabajadora o trabajador veterano, determinar\u00e1 la sostenibilidad al futuro de la organizaci\u00f3n.<\/p>\n<p>La buena noticia es que \u201calgunas\u201d empresas del IBEX 35 s\u00ed realizan acciones para gestionar el talento s\u00e9nior y lo muestran como un ejercicio m\u00e1s de transparencia empresarial, aunque a\u00fan quede mucho por hacer y comunicar.<\/p>\n<h2>\u00bfC\u00f3mo gestionan el talento s\u00e9nior las empresas del IBEX 35?<\/h2>\n<p>Estas entidades han comenzado a trabajar la <a href=\"https:\/\/selectiva.es\/diversidad-e-inclusion-descubre-el-superpoder-que-tienen-estas-dos-palabras-en-rrhh\/\" target=\"_blank\" rel=\"noopener noreferrer\">diversidad<\/a> pero se centran especialmente en temas relacionados con diversidad de g\u00e9nero, dejando en un segundo plano la importancia de la diversidad generacional.<\/p>\n<p>20 de las 35 empresas participantes en el estudio realizado, mencionan dentro de su pol\u00edtica de gesti\u00f3n del talento la inclusi\u00f3n por edad cuando hablan de diversidad.<br \/>\nDe acuerdo con el mencionado informe, <strong>Naturgy, Red El\u00e9ctrica de Espa\u00f1a y Sabadell <\/strong>han analizado c\u00f3mo impactar\u00e1 el envejecimiento de las trabajadoras y los trabajadores en sus organizaciones y han implementado estrategias para gestionar al talento por edad.<\/p>\n<p>Compa\u00f1\u00edas como <strong>Ferrovial, Inditex, Naturgy y Red El\u00e9ctrica de Espa\u00f1a <\/strong>publican \u00a0las iniciativas que realizan para cuidar la salud de todos sus\u00a0 empleadas y empleados, poniendo especial foco en realizar acciones que garanticen un envejecimiento digno dentro de la empresa, a partir de la prevenci\u00f3n de problemas f\u00edsicos y de salud.<\/p>\n<p><strong>Enag\u00e1s, Endesa, Iberdrola, Mapfre, Naturgy, Red El\u00e9ctrica de Espa\u00f1a y Sabadell<\/strong> realizan mentor\u00edas s\u00e9niors-juniors. Transmitir el conocimiento del talento s\u00e9nior al junior y viceversa es de gran importancia para mejorar la relaci\u00f3n entre generaciones y tambi\u00e9n favorecen el relevo generacional.<\/p>\n<p>Las personas mayores de 45 a\u00f1os poseen conocimientos y experiencia que las y los reci\u00e9n graduados no poseen mientras que las m\u00e1s j\u00f3venes, en la mayor\u00eda de los casos, son grandes expertas en tecnolog\u00eda. Fomentar el intercambio de conocimiento es vital para cualquier organizaci\u00f3n que quiera gestionar eficazmente la diversidad generacional y procurar que la brecha generacional se reduzca.<\/p>\n<p>Empresas del IBEX 35 se han visto obligadas a reorganizar sus organizaciones. <strong>Arcelor-Mital, Caixabank, Cellnex Telecom, Ferrovial y Merlin Properties<\/strong> lo han incluido en documentos de acceso global.<\/p>\n<p>De las 30 entidades del IBEX 35 analizadas, solo <strong>Naturgy y Telef\u00f3nica<\/strong> ayudan a las trabajadores y los trabajadores durante el proceso de transici\u00f3n tras un despido, una prejubilaci\u00f3n o jubilaci\u00f3n. Esta nueva etapa trae consigo desesperanza, des\u00e1nimo y desconcierto por la p\u00e9rdida sufrida y por el desconocimiento de lo que est\u00e1 por venir. Las organizaciones juegan un papel social fundamental en estos casos. Ayudar a las empleadas y los empleados en esta transici\u00f3n es una forma de agradecerles los servicios prestados durante los a\u00f1os.<\/p>\n<p>El 17% de las empresas del IBEX 35 participan en proyectos de investigaci\u00f3n para atraer oportunidades de empleo a mujeres mayores de 45 a\u00f1os. <strong>Amadeus, Caixabank, Enag\u00e1s, Endesa, Red El\u00e9ctrica de Espa\u00f1a y Telef\u00f3nica<\/strong> promueven la gesti\u00f3n del talento femenino en observatorios, en foros sobre liderazgo intergeneracional y tambi\u00e9n participan en estudios relacionados con este tema.<\/p>\n<p>Es muy probable que las empresas del IBEX 35 realicen otras actividades en relaci\u00f3n con la gesti\u00f3n del talento s\u00e9nior, pero no lo han comunicado en su web y de ah\u00ed que en el informe de la Fundaci\u00f3n Compromiso y Transparencia no se recojan.<\/p>\n<p>Las que lo hacen son conocedoras de la importancia de dar difusi\u00f3n para que todas y todos en la empresa tomen consciencia de esta problem\u00e1tica y como ejercicio de transparencia. Por ello, dan visibilidad de las actividades realizadas en sus tablones, webs o memorias anuales.<\/p>\n<p>Adem\u00e1s de estar visible, hacen que la informaci\u00f3n sea accesible a toas y todos, sin claves ni contrase\u00f1as que bloqueen el acceso a la misma.<br \/>\nConsideramos conveniente que desde el \u00e1rea de Recursos Humanos de una empresa se fomente el reconocimiento hacia el talento s\u00e9nior utilizando las herramientas de comunicaci\u00f3n que tengan a su disposici\u00f3n.<\/p>\n<p>Si en tu organizaci\u00f3n est\u00e1is preocupados por esa situaci\u00f3n y quer\u00e9is encontrar una soluci\u00f3n, te compartimos <a href=\"http:\/\/www.fundaciontriangle.org\/blog\/5-buenas-practicas-para-evitar-el-edadismo-en-la-empresa\/\" target=\"_blank\" rel=\"noopener noreferrer\">5 buenas pr\u00e1cticas<\/a> para evitar la discriminaci\u00f3n por edad y fomentar la inclusi\u00f3n en las plantillas.<\/p>\n<p>Asimismo, si desde tu empresa est\u00e1is implantando buenas pr\u00e1cticas que ayuden a gestionar la diversidad generacional de la plantilla y, en especial, impulsando medidas que ayuden a la gesti\u00f3n de las personas m\u00e1s maduras, no dudes en ponerte en contacto con nosotros <a href=\"http:\/\/www.fundaciontriangle.org\/contacto\/\" target=\"_blank\" rel=\"noopener noreferrer\">aqu\u00ed<\/a><\/p>\n<p>Estaremos encantados de conocer esas medidas y darlas a conocer para ayudar a otras organizaciones que est\u00e9n sensibilizadas con este problema.<\/p>\n","protected":false},"excerpt":{"rendered":"<p>L.F. La mayor\u00eda de las compa\u00f1\u00edas que cotizan en el IBEX 35 se despreocupan del talento s\u00e9nior. En realidad,&hellip;<\/p>\n","protected":false},"author":2,"featured_media":391,"comment_status":"open","ping_status":"open","sticky":false,"template":"","format":"standard","meta":{"_monsterinsights_skip_tracking":false,"_monsterinsights_sitenote_active":false,"_monsterinsights_sitenote_note":"","_monsterinsights_sitenote_category":0,"footnotes":""},"categories":[3],"tags":[],"class_list":["post-362","post","type-post","status-publish","format-standard","has-post-thumbnail","hentry","category-talento-senior"],"yoast_head":"<!-- This site is optimized with the Yoast SEO plugin v27.0 - https:\/\/yoast.com\/product\/yoast-seo-wordpress\/ -->\n<title>La gesti\u00f3n del talento s\u00e9nior en las empresas del IBEX 35 - Blog de Fundaci\u00f3n Triangle<\/title>\n<meta name=\"description\" content=\"La mayor\u00eda de las empresas del IBEX 35 no cuidan, o al menos no publican, como cuidan el talento s\u00e9nior en sus plantillas\" \/>\n<meta name=\"robots\" content=\"index, follow, max-snippet:-1, max-image-preview:large, max-video-preview:-1\" \/>\n<link rel=\"canonical\" href=\"https:\/\/www.fundaciontriangle.org\/blog\/la-gestion-del-talento-senior-en-las-empresas-del-ibex-35\/\" \/>\n<meta property=\"og:locale\" content=\"es_ES\" \/>\n<meta property=\"og:type\" content=\"article\" \/>\n<meta property=\"og:title\" content=\"La gesti\u00f3n del talento s\u00e9nior en las empresas del IBEX 35 - Blog de Fundaci\u00f3n Triangle\" \/>\n<meta property=\"og:description\" content=\"La mayor\u00eda de las empresas del IBEX 35 no cuidan, o al menos no publican, como cuidan el talento s\u00e9nior en sus plantillas\" \/>\n<meta property=\"og:url\" content=\"https:\/\/www.fundaciontriangle.org\/blog\/la-gestion-del-talento-senior-en-las-empresas-del-ibex-35\/\" \/>\n<meta property=\"og:site_name\" content=\"Blog de Fundaci\u00f3n Triangle\" \/>\n<meta property=\"article:published_time\" content=\"2019-07-10T10:00:56+00:00\" \/>\n<meta property=\"article:modified_time\" content=\"2019-11-08T15:01:15+00:00\" \/>\n<meta property=\"og:image\" content=\"https:\/\/www.fundaciontriangle.org\/blog\/wp-content\/uploads\/sites\/2\/2019\/07\/foto-portada-Alejandro-e1563190407364.jpg\" \/>\n\t<meta property=\"og:image:width\" content=\"1000\" \/>\n\t<meta property=\"og:image:height\" content=\"665\" \/>\n\t<meta property=\"og:image:type\" content=\"image\/jpeg\" \/>\n<meta name=\"author\" content=\"Admin\" \/>\n<meta name=\"twitter:card\" content=\"summary_large_image\" \/>\n<meta name=\"twitter:label1\" content=\"Escrito por\" \/>\n\t<meta name=\"twitter:data1\" content=\"Admin\" \/>\n\t<meta name=\"twitter:label2\" content=\"Tiempo de lectura\" \/>\n\t<meta name=\"twitter:data2\" content=\"6 minutos\" \/>\n<script type=\"application\/ld+json\" class=\"yoast-schema-graph\">{\"@context\":\"https:\/\/schema.org\",\"@graph\":[{\"@type\":\"Article\",\"@id\":\"https:\/\/www.fundaciontriangle.org\/blog\/la-gestion-del-talento-senior-en-las-empresas-del-ibex-35\/#article\",\"isPartOf\":{\"@id\":\"https:\/\/www.fundaciontriangle.org\/blog\/la-gestion-del-talento-senior-en-las-empresas-del-ibex-35\/\"},\"author\":{\"name\":\"Admin\",\"@id\":\"https:\/\/www.fundaciontriangle.org\/blog\/#\/schema\/person\/c4acdb9bfe5998701e5195e93e3bf579\"},\"headline\":\"La gesti\u00f3n del talento s\u00e9nior en las empresas del IBEX 35\",\"datePublished\":\"2019-07-10T10:00:56+00:00\",\"dateModified\":\"2019-11-08T15:01:15+00:00\",\"mainEntityOfPage\":{\"@id\":\"https:\/\/www.fundaciontriangle.org\/blog\/la-gestion-del-talento-senior-en-las-empresas-del-ibex-35\/\"},\"wordCount\":1251,\"commentCount\":0,\"image\":{\"@id\":\"https:\/\/www.fundaciontriangle.org\/blog\/la-gestion-del-talento-senior-en-las-empresas-del-ibex-35\/#primaryimage\"},\"thumbnailUrl\":\"https:\/\/www.fundaciontriangle.org\/blog\/wp-content\/uploads\/sites\/2\/2019\/07\/foto-portada-Alejandro-e1563190407364.jpg\",\"articleSection\":[\"Talento S\u00e9nior\"],\"inLanguage\":\"es\",\"potentialAction\":[{\"@type\":\"CommentAction\",\"name\":\"Comment\",\"target\":[\"https:\/\/www.fundaciontriangle.org\/blog\/la-gestion-del-talento-senior-en-las-empresas-del-ibex-35\/#respond\"]}]},{\"@type\":\"WebPage\",\"@id\":\"https:\/\/www.fundaciontriangle.org\/blog\/la-gestion-del-talento-senior-en-las-empresas-del-ibex-35\/\",\"url\":\"https:\/\/www.fundaciontriangle.org\/blog\/la-gestion-del-talento-senior-en-las-empresas-del-ibex-35\/\",\"name\":\"La gesti\u00f3n del talento s\u00e9nior en las empresas del IBEX 35 - Blog de Fundaci\u00f3n Triangle\",\"isPartOf\":{\"@id\":\"https:\/\/www.fundaciontriangle.org\/blog\/#website\"},\"primaryImageOfPage\":{\"@id\":\"https:\/\/www.fundaciontriangle.org\/blog\/la-gestion-del-talento-senior-en-las-empresas-del-ibex-35\/#primaryimage\"},\"image\":{\"@id\":\"https:\/\/www.fundaciontriangle.org\/blog\/la-gestion-del-talento-senior-en-las-empresas-del-ibex-35\/#primaryimage\"},\"thumbnailUrl\":\"https:\/\/www.fundaciontriangle.org\/blog\/wp-content\/uploads\/sites\/2\/2019\/07\/foto-portada-Alejandro-e1563190407364.jpg\",\"datePublished\":\"2019-07-10T10:00:56+00:00\",\"dateModified\":\"2019-11-08T15:01:15+00:00\",\"author\":{\"@id\":\"https:\/\/www.fundaciontriangle.org\/blog\/#\/schema\/person\/c4acdb9bfe5998701e5195e93e3bf579\"},\"description\":\"La mayor\u00eda de las empresas del IBEX 35 no cuidan, o al menos no publican, como cuidan el talento s\u00e9nior en sus plantillas\",\"inLanguage\":\"es\",\"potentialAction\":[{\"@type\":\"ReadAction\",\"target\":[\"https:\/\/www.fundaciontriangle.org\/blog\/la-gestion-del-talento-senior-en-las-empresas-del-ibex-35\/\"]}]},{\"@type\":\"ImageObject\",\"inLanguage\":\"es\",\"@id\":\"https:\/\/www.fundaciontriangle.org\/blog\/la-gestion-del-talento-senior-en-las-empresas-del-ibex-35\/#primaryimage\",\"url\":\"https:\/\/www.fundaciontriangle.org\/blog\/wp-content\/uploads\/sites\/2\/2019\/07\/foto-portada-Alejandro-e1563190407364.jpg\",\"contentUrl\":\"https:\/\/www.fundaciontriangle.org\/blog\/wp-content\/uploads\/sites\/2\/2019\/07\/foto-portada-Alejandro-e1563190407364.jpg\",\"width\":1000,\"height\":665},{\"@type\":\"WebSite\",\"@id\":\"https:\/\/www.fundaciontriangle.org\/blog\/#website\",\"url\":\"https:\/\/www.fundaciontriangle.org\/blog\/\",\"name\":\"Blog de Fundaci\u00f3n Triangle\",\"description\":\"Hablamos talento s\u00e9nior, diversidad, edadismo, igualdad de oportunidades, trabajo digno, alianzas, entornos de trabajo, recursos humanos. De la gesti\u00f3n de la diversidad, del talento y la experiencia de las personas, de lo que aportan a las empresas.\",\"potentialAction\":[{\"@type\":\"SearchAction\",\"target\":{\"@type\":\"EntryPoint\",\"urlTemplate\":\"https:\/\/www.fundaciontriangle.org\/blog\/?s={search_term_string}\"},\"query-input\":{\"@type\":\"PropertyValueSpecification\",\"valueRequired\":true,\"valueName\":\"search_term_string\"}}],\"inLanguage\":\"es\"},{\"@type\":\"Person\",\"@id\":\"https:\/\/www.fundaciontriangle.org\/blog\/#\/schema\/person\/c4acdb9bfe5998701e5195e93e3bf579\",\"name\":\"Admin\",\"image\":{\"@type\":\"ImageObject\",\"inLanguage\":\"es\",\"@id\":\"https:\/\/www.fundaciontriangle.org\/blog\/#\/schema\/person\/image\/\",\"url\":\"https:\/\/secure.gravatar.com\/avatar\/639dfb27e51a4baf887721ba49ad906aa378fe5130c9cfa9ca94c4bf967b0c66?s=96&d=mm&r=g\",\"contentUrl\":\"https:\/\/secure.gravatar.com\/avatar\/639dfb27e51a4baf887721ba49ad906aa378fe5130c9cfa9ca94c4bf967b0c66?s=96&d=mm&r=g\",\"caption\":\"Admin\"}}]}<\/script>\n<!-- \/ Yoast SEO plugin. -->","yoast_head_json":{"title":"La gesti\u00f3n del talento s\u00e9nior en las empresas del IBEX 35 - Blog de Fundaci\u00f3n Triangle","description":"La mayor\u00eda de las empresas del IBEX 35 no cuidan, o al menos no publican, como cuidan el talento s\u00e9nior en sus plantillas","robots":{"index":"index","follow":"follow","max-snippet":"max-snippet:-1","max-image-preview":"max-image-preview:large","max-video-preview":"max-video-preview:-1"},"canonical":"https:\/\/www.fundaciontriangle.org\/blog\/la-gestion-del-talento-senior-en-las-empresas-del-ibex-35\/","og_locale":"es_ES","og_type":"article","og_title":"La gesti\u00f3n del talento s\u00e9nior en las empresas del IBEX 35 - Blog de Fundaci\u00f3n Triangle","og_description":"La mayor\u00eda de las empresas del IBEX 35 no cuidan, o al menos no publican, como cuidan el talento s\u00e9nior en sus plantillas","og_url":"https:\/\/www.fundaciontriangle.org\/blog\/la-gestion-del-talento-senior-en-las-empresas-del-ibex-35\/","og_site_name":"Blog de Fundaci\u00f3n Triangle","article_published_time":"2019-07-10T10:00:56+00:00","article_modified_time":"2019-11-08T15:01:15+00:00","og_image":[{"width":1000,"height":665,"url":"https:\/\/www.fundaciontriangle.org\/blog\/wp-content\/uploads\/sites\/2\/2019\/07\/foto-portada-Alejandro-e1563190407364.jpg","type":"image\/jpeg"}],"author":"Admin","twitter_card":"summary_large_image","twitter_misc":{"Escrito por":"Admin","Tiempo de lectura":"6 minutos"},"schema":{"@context":"https:\/\/schema.org","@graph":[{"@type":"Article","@id":"https:\/\/www.fundaciontriangle.org\/blog\/la-gestion-del-talento-senior-en-las-empresas-del-ibex-35\/#article","isPartOf":{"@id":"https:\/\/www.fundaciontriangle.org\/blog\/la-gestion-del-talento-senior-en-las-empresas-del-ibex-35\/"},"author":{"name":"Admin","@id":"https:\/\/www.fundaciontriangle.org\/blog\/#\/schema\/person\/c4acdb9bfe5998701e5195e93e3bf579"},"headline":"La gesti\u00f3n del talento s\u00e9nior en las empresas del IBEX 35","datePublished":"2019-07-10T10:00:56+00:00","dateModified":"2019-11-08T15:01:15+00:00","mainEntityOfPage":{"@id":"https:\/\/www.fundaciontriangle.org\/blog\/la-gestion-del-talento-senior-en-las-empresas-del-ibex-35\/"},"wordCount":1251,"commentCount":0,"image":{"@id":"https:\/\/www.fundaciontriangle.org\/blog\/la-gestion-del-talento-senior-en-las-empresas-del-ibex-35\/#primaryimage"},"thumbnailUrl":"https:\/\/www.fundaciontriangle.org\/blog\/wp-content\/uploads\/sites\/2\/2019\/07\/foto-portada-Alejandro-e1563190407364.jpg","articleSection":["Talento S\u00e9nior"],"inLanguage":"es","potentialAction":[{"@type":"CommentAction","name":"Comment","target":["https:\/\/www.fundaciontriangle.org\/blog\/la-gestion-del-talento-senior-en-las-empresas-del-ibex-35\/#respond"]}]},{"@type":"WebPage","@id":"https:\/\/www.fundaciontriangle.org\/blog\/la-gestion-del-talento-senior-en-las-empresas-del-ibex-35\/","url":"https:\/\/www.fundaciontriangle.org\/blog\/la-gestion-del-talento-senior-en-las-empresas-del-ibex-35\/","name":"La gesti\u00f3n del talento s\u00e9nior en las empresas del IBEX 35 - Blog de Fundaci\u00f3n Triangle","isPartOf":{"@id":"https:\/\/www.fundaciontriangle.org\/blog\/#website"},"primaryImageOfPage":{"@id":"https:\/\/www.fundaciontriangle.org\/blog\/la-gestion-del-talento-senior-en-las-empresas-del-ibex-35\/#primaryimage"},"image":{"@id":"https:\/\/www.fundaciontriangle.org\/blog\/la-gestion-del-talento-senior-en-las-empresas-del-ibex-35\/#primaryimage"},"thumbnailUrl":"https:\/\/www.fundaciontriangle.org\/blog\/wp-content\/uploads\/sites\/2\/2019\/07\/foto-portada-Alejandro-e1563190407364.jpg","datePublished":"2019-07-10T10:00:56+00:00","dateModified":"2019-11-08T15:01:15+00:00","author":{"@id":"https:\/\/www.fundaciontriangle.org\/blog\/#\/schema\/person\/c4acdb9bfe5998701e5195e93e3bf579"},"description":"La mayor\u00eda de las empresas del IBEX 35 no cuidan, o al menos no publican, como cuidan el talento s\u00e9nior en sus plantillas","inLanguage":"es","potentialAction":[{"@type":"ReadAction","target":["https:\/\/www.fundaciontriangle.org\/blog\/la-gestion-del-talento-senior-en-las-empresas-del-ibex-35\/"]}]},{"@type":"ImageObject","inLanguage":"es","@id":"https:\/\/www.fundaciontriangle.org\/blog\/la-gestion-del-talento-senior-en-las-empresas-del-ibex-35\/#primaryimage","url":"https:\/\/www.fundaciontriangle.org\/blog\/wp-content\/uploads\/sites\/2\/2019\/07\/foto-portada-Alejandro-e1563190407364.jpg","contentUrl":"https:\/\/www.fundaciontriangle.org\/blog\/wp-content\/uploads\/sites\/2\/2019\/07\/foto-portada-Alejandro-e1563190407364.jpg","width":1000,"height":665},{"@type":"WebSite","@id":"https:\/\/www.fundaciontriangle.org\/blog\/#website","url":"https:\/\/www.fundaciontriangle.org\/blog\/","name":"Blog de Fundaci\u00f3n Triangle","description":"Hablamos talento s\u00e9nior, diversidad, edadismo, igualdad de oportunidades, trabajo digno, alianzas, entornos de trabajo, recursos humanos. De la gesti\u00f3n de la diversidad, del talento y la experiencia de las personas, de lo que aportan a las empresas.","potentialAction":[{"@type":"SearchAction","target":{"@type":"EntryPoint","urlTemplate":"https:\/\/www.fundaciontriangle.org\/blog\/?s={search_term_string}"},"query-input":{"@type":"PropertyValueSpecification","valueRequired":true,"valueName":"search_term_string"}}],"inLanguage":"es"},{"@type":"Person","@id":"https:\/\/www.fundaciontriangle.org\/blog\/#\/schema\/person\/c4acdb9bfe5998701e5195e93e3bf579","name":"Admin","image":{"@type":"ImageObject","inLanguage":"es","@id":"https:\/\/www.fundaciontriangle.org\/blog\/#\/schema\/person\/image\/","url":"https:\/\/secure.gravatar.com\/avatar\/639dfb27e51a4baf887721ba49ad906aa378fe5130c9cfa9ca94c4bf967b0c66?s=96&d=mm&r=g","contentUrl":"https:\/\/secure.gravatar.com\/avatar\/639dfb27e51a4baf887721ba49ad906aa378fe5130c9cfa9ca94c4bf967b0c66?s=96&d=mm&r=g","caption":"Admin"}}]}},"_links":{"self":[{"href":"https:\/\/www.fundaciontriangle.org\/blog\/wp-json\/wp\/v2\/posts\/362","targetHints":{"allow":["GET"]}}],"collection":[{"href":"https:\/\/www.fundaciontriangle.org\/blog\/wp-json\/wp\/v2\/posts"}],"about":[{"href":"https:\/\/www.fundaciontriangle.org\/blog\/wp-json\/wp\/v2\/types\/post"}],"author":[{"embeddable":true,"href":"https:\/\/www.fundaciontriangle.org\/blog\/wp-json\/wp\/v2\/users\/2"}],"replies":[{"embeddable":true,"href":"https:\/\/www.fundaciontriangle.org\/blog\/wp-json\/wp\/v2\/comments?post=362"}],"version-history":[{"count":2,"href":"https:\/\/www.fundaciontriangle.org\/blog\/wp-json\/wp\/v2\/posts\/362\/revisions"}],"predecessor-version":[{"id":637,"href":"https:\/\/www.fundaciontriangle.org\/blog\/wp-json\/wp\/v2\/posts\/362\/revisions\/637"}],"wp:featuredmedia":[{"embeddable":true,"href":"https:\/\/www.fundaciontriangle.org\/blog\/wp-json\/wp\/v2\/media\/391"}],"wp:attachment":[{"href":"https:\/\/www.fundaciontriangle.org\/blog\/wp-json\/wp\/v2\/media?parent=362"}],"wp:term":[{"taxonomy":"category","embeddable":true,"href":"https:\/\/www.fundaciontriangle.org\/blog\/wp-json\/wp\/v2\/categories?post=362"},{"taxonomy":"post_tag","embeddable":true,"href":"https:\/\/www.fundaciontriangle.org\/blog\/wp-json\/wp\/v2\/tags?post=362"}],"curies":[{"name":"wp","href":"https:\/\/api.w.org\/{rel}","templated":true}]}}