{"id":327,"date":"2019-06-19T08:09:29","date_gmt":"2019-06-19T07:09:29","guid":{"rendered":"http:\/\/www.fundaciontriangle.org\/blog\/?p=327"},"modified":"2019-11-08T16:08:46","modified_gmt":"2019-11-08T15:08:46","slug":"envejecimiento-en-la-poblacion-como-afecta-al-talento-senior","status":"publish","type":"post","link":"https:\/\/www.fundaciontriangle.org\/blog\/envejecimiento-en-la-poblacion-como-afecta-al-talento-senior\/","title":{"rendered":"Envejecimiento en la poblaci\u00f3n: c\u00f3mo afecta al talento s\u00e9nior"},"content":{"rendered":"<p>L.F.<\/p>\n<h2>El desempleo del talento s\u00e9nior crece d\u00eda a d\u00eda.<\/h2>\n<p>Si el n\u00famero de personas mayores aumenta por el envejecimiento de la poblaci\u00f3n y no se toman medidas para combatir el <a href=\"http:\/\/www.fundaciontriangle.org\/blog\/edadismo-como-evitar-la-discriminacion-en-el-reclutamiento\/\" target=\"_blank\" rel=\"noopener noreferrer\">Edadismo<\/a>, el problema de desempleo s\u00e9nior continuar\u00e1 en alza.<br \/>\nNuestro pa\u00eds est\u00e1 padeciendo un proceso de envejecimiento demogr\u00e1fico demasiado acelerado en comparaci\u00f3n a otros pa\u00edses de la Uni\u00f3n Europea.<\/p>\n<p>\u00bfSab\u00edas que Espa\u00f1a es el cuarto pa\u00eds m\u00e1s longevo del mundo? <a href=\"https:\/\/www.elmundo.es\/ciencia-y-salud\/ciencia\/2018\/10\/16\/5bc6121a46163f40888b457a.html\" target=\"_blank\" rel=\"noopener noreferrer\">Se prev\u00e9 que en 2040 se sit\u00fae en primer lugar<\/a>.<\/p>\n<h2>Las tasas de natalidad disminuyen, crece la esperanza de vida y aumenta el envejecimiento de la poblaci\u00f3n.<\/h2>\n<p>Por lo tanto, estamos ante un crecimiento natural negativo. Cuando nuestros descendientes en el futuro hagan referencia al pasado, lo ver\u00e1n como un hito en la historia de la humanidad.<\/p>\n<p>En nuestro pa\u00eds las mujeres tienen de media de 1,167 ni\u00f1os y la esperanza de vida actual es de 83 a\u00f1os. Seg\u00fan datos estad\u00edsticos del <a href=\"https:\/\/www.ine.es\/\" target=\"_blank\" rel=\"noopener noreferrer\">Instituto Nacional de Estad\u00edstico (INE)<\/a> a 1 de enero de 2018 hay 8.908.151 personas mayores, es decir un 19,1% de la poblaci\u00f3n total (46.722.980 \u2013 datos publicados el 22 de enero de 2019).<\/p>\n<p>El siguiente gr\u00e1fico nos muestra que hay menos nacimientos y m\u00e1s longevidad en Espa\u00f1a, y la tendencia va en alza.<\/p>\n<p><img loading=\"lazy\" decoding=\"async\" class=\"size-full wp-image-330 aligncenter\" src=\"http:\/\/www.fundaciontriangle.org\/blog\/wp-content\/uploads\/sites\/2\/2019\/06\/envejecimiento-poblacional-02.png\" alt=\"\" width=\"1078\" height=\"593\" \/><\/p>\n<p>Fuente gr\u00e1fico: <a href=\"https:\/\/www.ine.es\/infografias\/infografia_dia_poblacion.pdf\" target=\"_blank\" rel=\"noopener noreferrer\">INE diciembre 2018<\/a><\/p>\n<h2>Envejecimiento poblacional: \u00bfqu\u00e9 relaci\u00f3n hay entre esperanza de vida y calidad de vida?<\/h2>\n<p>En comparaci\u00f3n con nuestros ancestros hemos mejorado la calidad de vida gracias a las mejoras en seguridad laboral, los avances, la sanidad, la tecnolog\u00eda, etc.<\/p>\n<p>Estos avances han incrementado la esperanza de vida. En 1970 la edad media de la poblaci\u00f3n era de 32,7 y en la actualidad se sit\u00faa en 43,1 a\u00f1os.<\/p>\n<p>Seg\u00fan la previsi\u00f3n efectuada por el INE donde se toma como referencia el per\u00edodo 2018-2068, en 2068 podr\u00eda haber m\u00e1s de 14 millones de personas mayores, 29,4% del total de una poblaci\u00f3n que alcanzar\u00eda los 48.531.614 habitantes.<\/p>\n<p>\u00bfVivir m\u00e1s cantidad de a\u00f1os significa vivir mejor?<\/p>\n<p>Cantidad no siempre significa calidad. Debemos poner de nuestra parte para conseguir que nuestros a\u00f1os de vida sean de excelencia. Las empresas tambi\u00e9n pueden aportar su granito de arena previniendo y vigilando las enfermedades cr\u00f3nicas como la diabetes, enfermedades cardiovasculares, la obesidad, que comienzan en muchos casos en\u00a0 personas mayores de 45 a\u00f1os.<\/p>\n<h2>Envejecimiento poblacional: \u00bfc\u00f3mo afecta en el empleo y en la sociedad?<\/h2>\n<p>Vivimos m\u00e1s, pero los efectos de esta transici\u00f3n demogr\u00e1fica tiene consecuencias para el empleo, repercute en los sistemas de pensiones, en las <a href=\"http:\/\/www.fundaciontriangle.org\/blog\/precariedad-laboral-tambien-la-sufren-los-mayores-de-45-anos\/\" target=\"_blank\" rel=\"noopener noreferrer\">condiciones precarias de trabajo<\/a>, en el mantenimiento del nivel de vida y en el bienestar social en general.<\/p>\n<p>El envejecimiento de las plantillas ha obligado a las y los expertos en Recursos Humanos a cambiar la forma de trabajar y gestionar a las personas. La diversidad generacional se ha instalado en las empresas y exige poner en marcha buenas pr\u00e1cticas inclusivas para cuidar el talento en materias como la salud, formaci\u00f3n, rotaci\u00f3n, reducci\u00f3n de plantillas, jubilaciones, etc.<\/p>\n<p>La formaci\u00f3n en el talento s\u00e9nior mejora la empleabilidad y los dota de las competencias necesarias para que no se queden fuera del mercado laboral.<\/p>\n<p><img loading=\"lazy\" decoding=\"async\" class=\"size-full wp-image-331 aligncenter\" src=\"http:\/\/www.fundaciontriangle.org\/blog\/wp-content\/uploads\/sites\/2\/2019\/06\/envejecimiento-poblacional-03.png\" alt=\"\" width=\"1078\" height=\"593\" \/><\/p>\n<p>Seg\u00fan los datos de la \u00faltima Encuesta de Poblaci\u00f3n Activa (EPA) las personas mayores de 45 a\u00f1os se encuentran en peligro de <a href=\"http:\/\/www.fundaciontriangle.org\/blog\/la-epa-lo-confirma-los-mayores-de-45-anos-estan-en-peligro-de-extincion-laboral\/\" target=\"_blank\" rel=\"noopener noreferrer\">extinci\u00f3n laboral<\/a>. Nuestra misi\u00f3n desde la fundaci\u00f3n es evitar la discriminaci\u00f3n por edad que sufren y conseguir su inserci\u00f3n en la Administraci\u00f3n, en las empresas y en la sociedad.<\/p>\n<p>Creemos fervientemente en las capacidades de las y los mayores de 45 a\u00f1os, por ello buscamos identificar oportunidades en el mercado laboral para que puedan seguir aportando sus conocimientos, experiencia y templanza para continuar contribuyendo al desarrollo econ\u00f3mico y social de nuestro pa\u00eds.<\/p>\n<p>Tener un trabajo decente sin importar la edad es algo que tambi\u00e9n se demanda desde Naciones Unidas en la<strong> Agenda 2030 y los ODS.<\/strong> En concreto en el<strong> ODS 8<\/strong> donde se defiende el derecho de todo ser humano a tener un trabajo decente que genere un crecimiento econ\u00f3mico. Y tambi\u00e9n en el <strong>ODS 10<\/strong> donde se las organizaciones que estamos comprometidas con \u00e9l tratamos de reducir las desigualdades de los diferentes colectivos.<\/p>\n<p>De esta forma tambi\u00e9n estaremos contribuyendo a potenciar e impulsar el envejecimiento activo. Dise\u00f1ar pol\u00edticas de empleo, que incluyan a las personas con m\u00e1s edad, contribuye a mantener a los trabajadores y las trabajadoras de edad avanzada empleadas, activas y con las competencias necesarias para desempe\u00f1ar tareas tecnol\u00f3gicas sin restricciones.<\/p>\n<p>Actualmente, las trabajadoras y los trabajadores seniors que est\u00e1n en las empresas poseen una escasa perspectiva de ascenso profesional, sin mencionar que la oferta de formaci\u00f3n no se ajusta a las necesidades para cubrir los puestos que ocupan.<\/p>\n<p>El talento s\u00e9nior corre el riesgo de \u201cno ser \u00fatil\u201d y ser invitado a ingresar en la cola del paro. Las empresas deben actualizar y desarrollar de forma continua al capital humano para evitarlo. Deben adaptar los puestos de trabajo o en su defecto rotar al talento s\u00e9nior para que realice tareas cognitivas. Tomar medidas para que la soluci\u00f3n del \u00abdespido\u00bb no se tome como la primera o \u00fanica alternativa.<\/p>\n<p>Otro tema importante es la econom\u00eda, poco a poco se estanca. Los tipos de inter\u00e9s y la inflaci\u00f3n que derivan de una transici\u00f3n demogr\u00e1fica marcada por este envejecimiento en la poblaci\u00f3n generan una reducci\u00f3n de los ingresos fiscales y aumento del gasto p\u00fablico.<\/p>\n<p>La reducci\u00f3n de la poblaci\u00f3n activa lleva a una menor oferta laboral, lo que genera un crecimiento en los salarios reales por encima de la revalorizaci\u00f3n de las pensiones. Esta desproporci\u00f3n lleva a una disparidad entre salario y renta.<\/p>\n<p>En Espa\u00f1a adem\u00e1s del aumento de la esperanza de vida y la reducci\u00f3n de la fertilidad, coexiste el problema grave de deficiencia de empleo para el talento s\u00e9nior en el mercado laboral.<\/p>\n<p>El talento s\u00e9nior deber\u00eda estar en el punto de mira del Gobierno, de las asociaciones y de las empresas porque necesitan una soluci\u00f3n a toda la problem\u00e1tica por la que atraviesan. \u00bfTe sumas a nuestra causa para dise\u00f1ar juntos acciones concretas para ayudar a este colectivo? <a href=\"http:\/\/www.fundaciontriangle.org\/contacto\/\" target=\"_blank\" rel=\"noopener noreferrer\">Escr\u00edbenos aqu\u00ed<\/a>.<\/p>\n","protected":false},"excerpt":{"rendered":"<p>L.F. El desempleo del talento s\u00e9nior crece d\u00eda a d\u00eda. Si el n\u00famero de personas mayores aumenta por el&hellip;<\/p>\n","protected":false},"author":2,"featured_media":329,"comment_status":"open","ping_status":"open","sticky":false,"template":"","format":"standard","meta":{"_monsterinsights_skip_tracking":false,"_monsterinsights_sitenote_active":false,"_monsterinsights_sitenote_note":"","_monsterinsights_sitenote_category":0,"footnotes":""},"categories":[3],"tags":[],"class_list":["post-327","post","type-post","status-publish","format-standard","has-post-thumbnail","hentry","category-talento-senior"],"yoast_head":"<!-- This site is optimized with the Yoast SEO plugin v27.0 - https:\/\/yoast.com\/product\/yoast-seo-wordpress\/ -->\n<title>Envejecimiento en la poblaci\u00f3n: c\u00f3mo afecta al talento s\u00e9nior - Blog de Fundaci\u00f3n Triangle<\/title>\n<meta name=\"description\" content=\"El envejecimiento de la poblaci\u00f3n y sus efectos y consecuencias en la empleabilidad del talento s\u00e9nior y la sociedad espa\u00f1ola\" \/>\n<meta name=\"robots\" content=\"index, follow, max-snippet:-1, max-image-preview:large, max-video-preview:-1\" \/>\n<link rel=\"canonical\" href=\"https:\/\/www.fundaciontriangle.org\/blog\/envejecimiento-en-la-poblacion-como-afecta-al-talento-senior\/\" \/>\n<meta property=\"og:locale\" content=\"es_ES\" \/>\n<meta property=\"og:type\" content=\"article\" \/>\n<meta property=\"og:title\" content=\"Envejecimiento en la poblaci\u00f3n: c\u00f3mo afecta al talento s\u00e9nior - Blog de Fundaci\u00f3n Triangle\" \/>\n<meta property=\"og:description\" content=\"El envejecimiento de la poblaci\u00f3n y sus efectos y consecuencias en la empleabilidad del talento s\u00e9nior y la sociedad espa\u00f1ola\" \/>\n<meta property=\"og:url\" content=\"https:\/\/www.fundaciontriangle.org\/blog\/envejecimiento-en-la-poblacion-como-afecta-al-talento-senior\/\" \/>\n<meta property=\"og:site_name\" content=\"Blog de Fundaci\u00f3n Triangle\" \/>\n<meta property=\"article:published_time\" content=\"2019-06-19T07:09:29+00:00\" \/>\n<meta property=\"article:modified_time\" content=\"2019-11-08T15:08:46+00:00\" \/>\n<meta property=\"og:image\" content=\"https:\/\/www.fundaciontriangle.org\/blog\/wp-content\/uploads\/sites\/2\/2019\/06\/envejecimiento-poblacional-01.png\" \/>\n\t<meta property=\"og:image:width\" content=\"1078\" \/>\n\t<meta property=\"og:image:height\" content=\"593\" \/>\n\t<meta property=\"og:image:type\" content=\"image\/png\" \/>\n<meta name=\"author\" content=\"Admin\" \/>\n<meta name=\"twitter:card\" content=\"summary_large_image\" \/>\n<meta name=\"twitter:label1\" content=\"Escrito por\" \/>\n\t<meta name=\"twitter:data1\" content=\"Admin\" \/>\n\t<meta name=\"twitter:label2\" content=\"Tiempo de lectura\" \/>\n\t<meta name=\"twitter:data2\" content=\"5 minutos\" \/>\n<script type=\"application\/ld+json\" class=\"yoast-schema-graph\">{\"@context\":\"https:\/\/schema.org\",\"@graph\":[{\"@type\":\"Article\",\"@id\":\"https:\/\/www.fundaciontriangle.org\/blog\/envejecimiento-en-la-poblacion-como-afecta-al-talento-senior\/#article\",\"isPartOf\":{\"@id\":\"https:\/\/www.fundaciontriangle.org\/blog\/envejecimiento-en-la-poblacion-como-afecta-al-talento-senior\/\"},\"author\":{\"name\":\"Admin\",\"@id\":\"https:\/\/www.fundaciontriangle.org\/blog\/#\/schema\/person\/c4acdb9bfe5998701e5195e93e3bf579\"},\"headline\":\"Envejecimiento en la poblaci\u00f3n: c\u00f3mo afecta al talento s\u00e9nior\",\"datePublished\":\"2019-06-19T07:09:29+00:00\",\"dateModified\":\"2019-11-08T15:08:46+00:00\",\"mainEntityOfPage\":{\"@id\":\"https:\/\/www.fundaciontriangle.org\/blog\/envejecimiento-en-la-poblacion-como-afecta-al-talento-senior\/\"},\"wordCount\":1091,\"commentCount\":0,\"image\":{\"@id\":\"https:\/\/www.fundaciontriangle.org\/blog\/envejecimiento-en-la-poblacion-como-afecta-al-talento-senior\/#primaryimage\"},\"thumbnailUrl\":\"https:\/\/www.fundaciontriangle.org\/blog\/wp-content\/uploads\/sites\/2\/2019\/06\/envejecimiento-poblacional-01.png\",\"articleSection\":[\"Talento S\u00e9nior\"],\"inLanguage\":\"es\",\"potentialAction\":[{\"@type\":\"CommentAction\",\"name\":\"Comment\",\"target\":[\"https:\/\/www.fundaciontriangle.org\/blog\/envejecimiento-en-la-poblacion-como-afecta-al-talento-senior\/#respond\"]}]},{\"@type\":\"WebPage\",\"@id\":\"https:\/\/www.fundaciontriangle.org\/blog\/envejecimiento-en-la-poblacion-como-afecta-al-talento-senior\/\",\"url\":\"https:\/\/www.fundaciontriangle.org\/blog\/envejecimiento-en-la-poblacion-como-afecta-al-talento-senior\/\",\"name\":\"Envejecimiento en la poblaci\u00f3n: c\u00f3mo afecta al talento s\u00e9nior - Blog de Fundaci\u00f3n Triangle\",\"isPartOf\":{\"@id\":\"https:\/\/www.fundaciontriangle.org\/blog\/#website\"},\"primaryImageOfPage\":{\"@id\":\"https:\/\/www.fundaciontriangle.org\/blog\/envejecimiento-en-la-poblacion-como-afecta-al-talento-senior\/#primaryimage\"},\"image\":{\"@id\":\"https:\/\/www.fundaciontriangle.org\/blog\/envejecimiento-en-la-poblacion-como-afecta-al-talento-senior\/#primaryimage\"},\"thumbnailUrl\":\"https:\/\/www.fundaciontriangle.org\/blog\/wp-content\/uploads\/sites\/2\/2019\/06\/envejecimiento-poblacional-01.png\",\"datePublished\":\"2019-06-19T07:09:29+00:00\",\"dateModified\":\"2019-11-08T15:08:46+00:00\",\"author\":{\"@id\":\"https:\/\/www.fundaciontriangle.org\/blog\/#\/schema\/person\/c4acdb9bfe5998701e5195e93e3bf579\"},\"description\":\"El envejecimiento de la poblaci\u00f3n y sus efectos y consecuencias en la empleabilidad del talento s\u00e9nior y la sociedad espa\u00f1ola\",\"inLanguage\":\"es\",\"potentialAction\":[{\"@type\":\"ReadAction\",\"target\":[\"https:\/\/www.fundaciontriangle.org\/blog\/envejecimiento-en-la-poblacion-como-afecta-al-talento-senior\/\"]}]},{\"@type\":\"ImageObject\",\"inLanguage\":\"es\",\"@id\":\"https:\/\/www.fundaciontriangle.org\/blog\/envejecimiento-en-la-poblacion-como-afecta-al-talento-senior\/#primaryimage\",\"url\":\"https:\/\/www.fundaciontriangle.org\/blog\/wp-content\/uploads\/sites\/2\/2019\/06\/envejecimiento-poblacional-01.png\",\"contentUrl\":\"https:\/\/www.fundaciontriangle.org\/blog\/wp-content\/uploads\/sites\/2\/2019\/06\/envejecimiento-poblacional-01.png\",\"width\":1078,\"height\":593},{\"@type\":\"WebSite\",\"@id\":\"https:\/\/www.fundaciontriangle.org\/blog\/#website\",\"url\":\"https:\/\/www.fundaciontriangle.org\/blog\/\",\"name\":\"Blog de Fundaci\u00f3n Triangle\",\"description\":\"Hablamos talento s\u00e9nior, diversidad, edadismo, igualdad de oportunidades, trabajo digno, alianzas, entornos de trabajo, recursos humanos. De la gesti\u00f3n de la diversidad, del talento y la experiencia de las personas, de lo que aportan a las empresas.\",\"potentialAction\":[{\"@type\":\"SearchAction\",\"target\":{\"@type\":\"EntryPoint\",\"urlTemplate\":\"https:\/\/www.fundaciontriangle.org\/blog\/?s={search_term_string}\"},\"query-input\":{\"@type\":\"PropertyValueSpecification\",\"valueRequired\":true,\"valueName\":\"search_term_string\"}}],\"inLanguage\":\"es\"},{\"@type\":\"Person\",\"@id\":\"https:\/\/www.fundaciontriangle.org\/blog\/#\/schema\/person\/c4acdb9bfe5998701e5195e93e3bf579\",\"name\":\"Admin\",\"image\":{\"@type\":\"ImageObject\",\"inLanguage\":\"es\",\"@id\":\"https:\/\/www.fundaciontriangle.org\/blog\/#\/schema\/person\/image\/\",\"url\":\"https:\/\/secure.gravatar.com\/avatar\/639dfb27e51a4baf887721ba49ad906aa378fe5130c9cfa9ca94c4bf967b0c66?s=96&d=mm&r=g\",\"contentUrl\":\"https:\/\/secure.gravatar.com\/avatar\/639dfb27e51a4baf887721ba49ad906aa378fe5130c9cfa9ca94c4bf967b0c66?s=96&d=mm&r=g\",\"caption\":\"Admin\"}}]}<\/script>\n<!-- \/ Yoast SEO plugin. -->","yoast_head_json":{"title":"Envejecimiento en la poblaci\u00f3n: c\u00f3mo afecta al talento s\u00e9nior - Blog de Fundaci\u00f3n Triangle","description":"El envejecimiento de la poblaci\u00f3n y sus efectos y consecuencias en la empleabilidad del talento s\u00e9nior y la sociedad espa\u00f1ola","robots":{"index":"index","follow":"follow","max-snippet":"max-snippet:-1","max-image-preview":"max-image-preview:large","max-video-preview":"max-video-preview:-1"},"canonical":"https:\/\/www.fundaciontriangle.org\/blog\/envejecimiento-en-la-poblacion-como-afecta-al-talento-senior\/","og_locale":"es_ES","og_type":"article","og_title":"Envejecimiento en la poblaci\u00f3n: c\u00f3mo afecta al talento s\u00e9nior - Blog de Fundaci\u00f3n Triangle","og_description":"El envejecimiento de la poblaci\u00f3n y sus efectos y consecuencias en la empleabilidad del talento s\u00e9nior y la sociedad espa\u00f1ola","og_url":"https:\/\/www.fundaciontriangle.org\/blog\/envejecimiento-en-la-poblacion-como-afecta-al-talento-senior\/","og_site_name":"Blog de Fundaci\u00f3n Triangle","article_published_time":"2019-06-19T07:09:29+00:00","article_modified_time":"2019-11-08T15:08:46+00:00","og_image":[{"width":1078,"height":593,"url":"https:\/\/www.fundaciontriangle.org\/blog\/wp-content\/uploads\/sites\/2\/2019\/06\/envejecimiento-poblacional-01.png","type":"image\/png"}],"author":"Admin","twitter_card":"summary_large_image","twitter_misc":{"Escrito por":"Admin","Tiempo de lectura":"5 minutos"},"schema":{"@context":"https:\/\/schema.org","@graph":[{"@type":"Article","@id":"https:\/\/www.fundaciontriangle.org\/blog\/envejecimiento-en-la-poblacion-como-afecta-al-talento-senior\/#article","isPartOf":{"@id":"https:\/\/www.fundaciontriangle.org\/blog\/envejecimiento-en-la-poblacion-como-afecta-al-talento-senior\/"},"author":{"name":"Admin","@id":"https:\/\/www.fundaciontriangle.org\/blog\/#\/schema\/person\/c4acdb9bfe5998701e5195e93e3bf579"},"headline":"Envejecimiento en la poblaci\u00f3n: c\u00f3mo afecta al talento s\u00e9nior","datePublished":"2019-06-19T07:09:29+00:00","dateModified":"2019-11-08T15:08:46+00:00","mainEntityOfPage":{"@id":"https:\/\/www.fundaciontriangle.org\/blog\/envejecimiento-en-la-poblacion-como-afecta-al-talento-senior\/"},"wordCount":1091,"commentCount":0,"image":{"@id":"https:\/\/www.fundaciontriangle.org\/blog\/envejecimiento-en-la-poblacion-como-afecta-al-talento-senior\/#primaryimage"},"thumbnailUrl":"https:\/\/www.fundaciontriangle.org\/blog\/wp-content\/uploads\/sites\/2\/2019\/06\/envejecimiento-poblacional-01.png","articleSection":["Talento S\u00e9nior"],"inLanguage":"es","potentialAction":[{"@type":"CommentAction","name":"Comment","target":["https:\/\/www.fundaciontriangle.org\/blog\/envejecimiento-en-la-poblacion-como-afecta-al-talento-senior\/#respond"]}]},{"@type":"WebPage","@id":"https:\/\/www.fundaciontriangle.org\/blog\/envejecimiento-en-la-poblacion-como-afecta-al-talento-senior\/","url":"https:\/\/www.fundaciontriangle.org\/blog\/envejecimiento-en-la-poblacion-como-afecta-al-talento-senior\/","name":"Envejecimiento en la poblaci\u00f3n: c\u00f3mo afecta al talento s\u00e9nior - Blog de Fundaci\u00f3n Triangle","isPartOf":{"@id":"https:\/\/www.fundaciontriangle.org\/blog\/#website"},"primaryImageOfPage":{"@id":"https:\/\/www.fundaciontriangle.org\/blog\/envejecimiento-en-la-poblacion-como-afecta-al-talento-senior\/#primaryimage"},"image":{"@id":"https:\/\/www.fundaciontriangle.org\/blog\/envejecimiento-en-la-poblacion-como-afecta-al-talento-senior\/#primaryimage"},"thumbnailUrl":"https:\/\/www.fundaciontriangle.org\/blog\/wp-content\/uploads\/sites\/2\/2019\/06\/envejecimiento-poblacional-01.png","datePublished":"2019-06-19T07:09:29+00:00","dateModified":"2019-11-08T15:08:46+00:00","author":{"@id":"https:\/\/www.fundaciontriangle.org\/blog\/#\/schema\/person\/c4acdb9bfe5998701e5195e93e3bf579"},"description":"El envejecimiento de la poblaci\u00f3n y sus efectos y consecuencias en la empleabilidad del talento s\u00e9nior y la sociedad espa\u00f1ola","inLanguage":"es","potentialAction":[{"@type":"ReadAction","target":["https:\/\/www.fundaciontriangle.org\/blog\/envejecimiento-en-la-poblacion-como-afecta-al-talento-senior\/"]}]},{"@type":"ImageObject","inLanguage":"es","@id":"https:\/\/www.fundaciontriangle.org\/blog\/envejecimiento-en-la-poblacion-como-afecta-al-talento-senior\/#primaryimage","url":"https:\/\/www.fundaciontriangle.org\/blog\/wp-content\/uploads\/sites\/2\/2019\/06\/envejecimiento-poblacional-01.png","contentUrl":"https:\/\/www.fundaciontriangle.org\/blog\/wp-content\/uploads\/sites\/2\/2019\/06\/envejecimiento-poblacional-01.png","width":1078,"height":593},{"@type":"WebSite","@id":"https:\/\/www.fundaciontriangle.org\/blog\/#website","url":"https:\/\/www.fundaciontriangle.org\/blog\/","name":"Blog de Fundaci\u00f3n Triangle","description":"Hablamos talento s\u00e9nior, diversidad, edadismo, igualdad de oportunidades, trabajo digno, alianzas, entornos de trabajo, recursos humanos. De la gesti\u00f3n de la diversidad, del talento y la experiencia de las personas, de lo que aportan a las empresas.","potentialAction":[{"@type":"SearchAction","target":{"@type":"EntryPoint","urlTemplate":"https:\/\/www.fundaciontriangle.org\/blog\/?s={search_term_string}"},"query-input":{"@type":"PropertyValueSpecification","valueRequired":true,"valueName":"search_term_string"}}],"inLanguage":"es"},{"@type":"Person","@id":"https:\/\/www.fundaciontriangle.org\/blog\/#\/schema\/person\/c4acdb9bfe5998701e5195e93e3bf579","name":"Admin","image":{"@type":"ImageObject","inLanguage":"es","@id":"https:\/\/www.fundaciontriangle.org\/blog\/#\/schema\/person\/image\/","url":"https:\/\/secure.gravatar.com\/avatar\/639dfb27e51a4baf887721ba49ad906aa378fe5130c9cfa9ca94c4bf967b0c66?s=96&d=mm&r=g","contentUrl":"https:\/\/secure.gravatar.com\/avatar\/639dfb27e51a4baf887721ba49ad906aa378fe5130c9cfa9ca94c4bf967b0c66?s=96&d=mm&r=g","caption":"Admin"}}]}},"_links":{"self":[{"href":"https:\/\/www.fundaciontriangle.org\/blog\/wp-json\/wp\/v2\/posts\/327","targetHints":{"allow":["GET"]}}],"collection":[{"href":"https:\/\/www.fundaciontriangle.org\/blog\/wp-json\/wp\/v2\/posts"}],"about":[{"href":"https:\/\/www.fundaciontriangle.org\/blog\/wp-json\/wp\/v2\/types\/post"}],"author":[{"embeddable":true,"href":"https:\/\/www.fundaciontriangle.org\/blog\/wp-json\/wp\/v2\/users\/2"}],"replies":[{"embeddable":true,"href":"https:\/\/www.fundaciontriangle.org\/blog\/wp-json\/wp\/v2\/comments?post=327"}],"version-history":[{"count":2,"href":"https:\/\/www.fundaciontriangle.org\/blog\/wp-json\/wp\/v2\/posts\/327\/revisions"}],"predecessor-version":[{"id":638,"href":"https:\/\/www.fundaciontriangle.org\/blog\/wp-json\/wp\/v2\/posts\/327\/revisions\/638"}],"wp:featuredmedia":[{"embeddable":true,"href":"https:\/\/www.fundaciontriangle.org\/blog\/wp-json\/wp\/v2\/media\/329"}],"wp:attachment":[{"href":"https:\/\/www.fundaciontriangle.org\/blog\/wp-json\/wp\/v2\/media?parent=327"}],"wp:term":[{"taxonomy":"category","embeddable":true,"href":"https:\/\/www.fundaciontriangle.org\/blog\/wp-json\/wp\/v2\/categories?post=327"},{"taxonomy":"post_tag","embeddable":true,"href":"https:\/\/www.fundaciontriangle.org\/blog\/wp-json\/wp\/v2\/tags?post=327"}],"curies":[{"name":"wp","href":"https:\/\/api.w.org\/{rel}","templated":true}]}}