{"id":289,"date":"2019-05-22T07:06:24","date_gmt":"2019-05-22T06:06:24","guid":{"rendered":"http:\/\/www.fundaciontriangle.org\/blog\/?p=289"},"modified":"2019-11-08T16:11:34","modified_gmt":"2019-11-08T15:11:34","slug":"la-epa-lo-confirma-los-mayores-de-45-anos-estan-en-peligro-de-extincion-laboral","status":"publish","type":"post","link":"https:\/\/www.fundaciontriangle.org\/blog\/la-epa-lo-confirma-los-mayores-de-45-anos-estan-en-peligro-de-extincion-laboral\/","title":{"rendered":"La EPA lo confirma: las personas mayores de 45 a\u00f1os est\u00e1n en peligro de extinci\u00f3n laboral"},"content":{"rendered":"<p>L.F.<\/p>\n<h2>El paro es un tema que nos preocupa a todas y todos. La tasa de desempleo es un problema social que viene haciendo mella en nuestro pa\u00eds.<\/h2>\n<p>La edad es un factor de riesgo al que deben hacer frente las espa\u00f1olas y los espa\u00f1oles que se encuentran fuera y dentro del mercado laboral. En el caso de las personas mayores de 45 a\u00f1os en b\u00fasqueda de empleo, adem\u00e1s de sentir que su vida laboral ha terminado, se encuentran desplazadas y desesperanzados a la hora de presentarse a un proceso de selecci\u00f3n por miedo a no ser elegidas o elegidos por su edad.<br \/>\nLas empresas tienen prejuicios al realizar contrataciones de talento s\u00e9nior, algunos de los m\u00e1s significativos puedes descubrirlos <a href=\"http:\/\/www.fundaciontriangle.org\/blog\/talento-senior-10-prejuicios-que-tiene-la-empresa-en-la-contratacion\/\" target=\"_blank\" rel=\"noopener noreferrer\">aqu\u00ed.<\/a><\/p>\n<p>Tener talento y ser s\u00e9nior pesa como una mochila llena de ladrillos siendo dif\u00edcil construir un futuro alentador.<\/p>\n<p>El mercado laboral ha sufrido una gran transformaci\u00f3n donde los sueldos no son tan altos como en periodos anteriores a la crisis. Los contratos que ofrecen muchas veces son temporales y la idea de encontrar un trabajo para toda la vida es impensable.<\/p>\n<p>Por otra parte, la nueva revoluci\u00f3n tecnol\u00f3gica ha transformado las empresas y la sociedad y las y los s\u00e9niors han sufrido directamente las consecuencias. La digitalizaci\u00f3n de los puestos de trabajo y las nuevas competencias demandadas por parte de las empresas, han reducido sus posibilidades de conseguir un empleo.<\/p>\n<p>Con esta situaci\u00f3n, las personas mayores de 45 a\u00f1os son los m\u00e1s vulnerables del mercado laboral. No lo decimos nosotras, lo demuestran los datos de la \u00faltima <a href=\"https:\/\/www.ine.es\/prensa\/epa_prensa.htm\" target=\"_blank\" rel=\"noopener noreferrer\">Encuesta de Poblaci\u00f3n Activa (EPA)<\/a> realizada por el Instituto Nacional de Estad\u00edstica (INE).<\/p>\n<p>El n\u00famero actual de paradas y parados asciende a 3.354.200 en el primer trimestre de 2019. Esto supone una subida del 0,25% si lo comparamos con los datos que ten\u00edamos de cuarto trimestre de 2018 (3.304.300 desempleados). Las desempleadas y los desempleados representan a d\u00eda de hoy el 14,70% de la poblaci\u00f3n activa de nuestro pa\u00eds. Si analizamos el desempleo por comunidades aut\u00f3nomas, la situaci\u00f3n se mantiene pr\u00e1cticamente igual.<\/p>\n<p>Las 5 comunidades que cuentan con una tasa m\u00e1s elevada de paro siguen siendo Andaluc\u00eda, Catalu\u00f1a, Madrid, Valencia y Canarias.<\/p>\n<p>Si nos centramos en el del colectivo s\u00e9nior, el n\u00famero total de\u00a0 desempleadas y desempleados mayores de 45 a\u00f1os ascienden a 1.302.400. Es decir, 43.500 personas m\u00e1s que a finales del a\u00f1o pasado.<\/p>\n<p>\u00bfQu\u00e9 observamos si nos fijamos en c\u00f3mo estaban las y los seniors hace 10 a\u00f1os con una tasa de desempleo similar? A finales del 2008, hab\u00eda 723.500 parados mayores de 45 a\u00f1os. Con estas cifras observamos una tendencia al alza que es urgente frenar. Hoy en d\u00eda las desempleadas y los desempleados seniors representan el 38,9 % de los parados mientras que hace 10 a\u00f1os estaban en el 22.6%. Para entenderlo mejor os mostramos una gr\u00e1fica en la que se refleja esta subida por grupos de edad a partir de 45 a\u00f1os.<\/p>\n<p><img loading=\"lazy\" decoding=\"async\" class=\"size-full wp-image-305 aligncenter\" src=\"http:\/\/www.fundaciontriangle.org\/blog\/wp-content\/uploads\/sites\/2\/2019\/05\/epa-05.png\" alt=\"\" width=\"1078\" height=\"368\" \/><\/p>\n<p>Todos conocemos las dificultades que tienen las y los j\u00f3venes para acceder al mercado laboral y lo mucho que preocupa a las instituciones, partidos pol\u00edticos, empresas, etc. Bas\u00e1ndonos en esto que queremos dejar un dato que ayude a la reflexi\u00f3n. A finales del 2008, las personas juniors representaban al 37.5% del total de paradas y\u00a0 parados. En la actualidad, ese porcentaje ha bajado considerablemente situ\u00e1ndose en el 27,3 % pero las y los m\u00e1s mayores est\u00e1n viviendo una situaci\u00f3n inversa.<\/p>\n<p>Esta informaci\u00f3n refuerza nuestro prop\u00f3sito de ayudar a las personas mayores de 45 a\u00f1os, porque son el nuevo colectivo en riesgo de exclusi\u00f3n laboral y social. Estos datos son alarmantes y las organizaciones que trabajamos para mejorar el empleo no podemos mirar hacia otro lado o cruzar los brazos. Pero tampoco vosotras y vosotros, los que le\u00e9is este blog\u00a0 as\u00ed como cualquier agente social que quiera un cambio real en nuestro mercado laboral, un cambio m\u00e1s que necesario-<\/p>\n<p>Volvamos a los datos del \u00faltimo trimestre de la EPA, Si nos fijamos en el sexo de las paradas y los parados, sin tener en cuenta la edad, las mujeres salen perdiendo una vez m\u00e1s: 1.783.900 frente al 1.570.500 de hombres.<\/p>\n<p>Si cruzamos las variables sexo y edad, los datos siguen siendo inquietantes:<\/p>\n<p>&#8211; Hombres mayores de 45 a\u00f1os: 604.900 (1T2019) frente a los 587.300 (4T2018): subida en 17.600 personas.<\/p>\n<p>&#8211; Mujeres mayores de 45 a\u00f1os: 697.600 (1T2019) frente a las 671.7000 (4T2019): subida en 25.300 personas.<\/p>\n<p>En el siguiente v\u00eddeo Juani, una mujer de 57 a\u00f1os y m\u00e1s de 5 a\u00f1os en paro relata c\u00f3mo sobrevive en su d\u00eda a d\u00eda. Tambi\u00e9n Mar\u00eda \u00c1ngeles cuenta c\u00f3mo \u201cva tirando con el sueldo de su marido y la ayuda de sus suegros\u201d. Para pensar\u2026<\/p>\n<p><iframe loading=\"lazy\" src=\"https:\/\/www.lasexta.com\/embed\/el-desempleo-se-ceba-con-las-mujeres-en-espana-video\/video\/7\/2019\/05\/02\/5ccae5567ed1a872aa7d3ed2\" width=\"100%\" height=\"660px\" frameborder=\"0\" allowfullscreen=\"allowfullscreen\"><\/iframe><\/p>\n<p>Los siguientes gr\u00e1ficos nos ayudan a ver de forma clara cu\u00e1les son los rangos de edad de m\u00e1s de 45 a\u00f1os donde se concentran mayor n\u00famero de parados y paradas.<\/p>\n<p><img loading=\"lazy\" decoding=\"async\" class=\"size-full wp-image-291 aligncenter\" src=\"http:\/\/www.fundaciontriangle.org\/blog\/wp-content\/uploads\/sites\/2\/2019\/05\/epa-02.png\" alt=\"\" width=\"1078\" height=\"368\" \/><\/p>\n<p>&nbsp;<\/p>\n<p><img loading=\"lazy\" decoding=\"async\" class=\"size-full wp-image-292 aligncenter\" src=\"http:\/\/www.fundaciontriangle.org\/blog\/wp-content\/uploads\/sites\/2\/2019\/05\/epa-03.png\" alt=\"\" width=\"1078\" height=\"368\" \/><\/p>\n<p>Las franjas de edad donde mayores subidas del paro s\u00e9nior se ha producido ha sido entre las personas de 45 y 55 a\u00f1os, 809.500 desempleadas y desempleados.<\/p>\n<p>Los parados y las paradas de larga duraci\u00f3n de m\u00e1s de 45 a\u00f1os son 755.200, representando el 57,98 % del total de las personas mayores de 45 a\u00f1os paradas. A pesar del porcentaje tan elevando, es una buena noticia porque el trimestre anterior hab\u00eda 777.800, lo que supone una bajada de 22.600 personas. Una peque\u00f1a nota de color que tambi\u00e9n es importante contar. Eso no quita que debemos ser conscientes de la dificultad que implica ser una parada o un parado de larga duraci\u00f3n y las consecuencias que acarrea como la p\u00e9rdida de ingresos, la falta de ayudas econ\u00f3micas para afrontar gastos en productos de primera necesidad, el aislamiento social, las enfermedades psicol\u00f3gicas, etc.<\/p>\n<p>Analicemos brevemente, el nivel educativo de las paradas y los parados s\u00e9niors de los dos \u00faltimos trimestres. Actualmente, 264.600 parados tienen estudios universitarios frente a los 250.00 del cuarto trimestre de 2018.<\/p>\n<p>Si nos fijamos en perfiles con baja cualificaci\u00f3n tambi\u00e9n observamos una subida similar: 743.500 en el primer trimestre de 2019 frente a 730.900 en el cuarto trimestre de 2018.<\/p>\n<p>Aunque la subida es similar, el n\u00famero de desempleados\u00a0 y desempleadas con baja cualificaci\u00f3n acad\u00e9mica es alt\u00edsima y eso dificulta a\u00fan m\u00e1s su vuelta al mercado laboral. Dentro de las personas paradas s\u00e9niors podr\u00edamos decir que son las grandes olvidadas.<\/p>\n<p>Con este panorama debemos hacer algo desde las empresas, desde el gobierno y desde la propia sociedad para ayudar a retornar a las personas mayoresde 45 a\u00f1os al mercado laboral.<\/p>\n<p>Desde la empresa se debe empoderar al talento s\u00e9nior, ofreci\u00e9ndole herramientas para que pueda poner al servicio del resto de los trabajadores y las trabajadoras su experiencia y saber hacer. Sumando a la formaci\u00f3n que ya tiene, habilidades tecnol\u00f3gicas, idiomas y otros conocimientos que posiblemente carece y puede aprender.<\/p>\n<p>Si quieres conocer 5 buenas pr\u00e1cticas para cuidar el talento s\u00e9nior puedes encontrarlas <a href=\"http:\/\/www.fundaciontriangle.org\/blog\/5-buenas-practicas-para-evitar-el-edadismo-en-la-empresa\/\" target=\"_blank\" rel=\"noopener noreferrer\">aqu\u00ed<\/a><\/p>\n<p><img loading=\"lazy\" decoding=\"async\" class=\"size-full wp-image-293 aligncenter\" src=\"http:\/\/www.fundaciontriangle.org\/blog\/wp-content\/uploads\/sites\/2\/2019\/05\/epa-04.png\" alt=\"\" width=\"1078\" height=\"593\" \/><\/p>\n<p>Debemos valorar al talento s\u00e9nior en Espa\u00f1a. Es hora de que las empresas sean conscientes que enviarlos al paro es poner una tirita a un problema usando medidas cortoplacistas. Sin embargo, la herida puede hacerse m\u00e1s profunda porque se corre el riesgo de una posible descapitalizaci\u00f3n de talento a medio y largo plazo.<\/p>\n<hr \/>\n<p>Si quieres tomar acci\u00f3n frente a la problem\u00e1tica que planteamos en este art\u00edculo, te invitamos a asistir al pr\u00f3ximo evento \u201cEdadismo, discriminaci\u00f3n por edad en el mercado laboral\u201d organizado por nuestra Fundaci\u00f3n donde hablaremos del talento s\u00e9nior. Ser\u00e1 el d\u00eda<span style=\"color: #3366ff;\"><strong> 4 de junio de 2019,<\/strong> <strong>de 9 a 11h en las instalaciones de Deusto Business School (C\/ Castell\u00f3 76 \u2013 Madrid)<\/strong>.<\/span><\/p>\n<p>Las plazas son limitadas, hazte con la tuya <a href=\"http:\/\/www.fundaciontriangle.org\/inscripcion\/\" target=\"_blank\" rel=\"noopener noreferrer\">aqu\u00ed<\/a><\/p>\n<p>\u00a1Te esperamos!<\/p>\n","protected":false},"excerpt":{"rendered":"<p>L.F. El paro es un tema que nos preocupa a todas y todos. La tasa de desempleo es un&hellip;<\/p>\n","protected":false},"author":2,"featured_media":290,"comment_status":"open","ping_status":"open","sticky":false,"template":"","format":"standard","meta":{"_monsterinsights_skip_tracking":false,"_monsterinsights_sitenote_active":false,"_monsterinsights_sitenote_note":"","_monsterinsights_sitenote_category":0,"footnotes":""},"categories":[3],"tags":[],"class_list":["post-289","post","type-post","status-publish","format-standard","has-post-thumbnail","hentry","category-talento-senior"],"yoast_head":"<!-- This site is optimized with the Yoast SEO plugin v27.0 - https:\/\/yoast.com\/product\/yoast-seo-wordpress\/ -->\n<title>La EPA lo confirma: las personas mayores de 45 a\u00f1os est\u00e1n en peligro de extinci\u00f3n laboral - Blog de Fundaci\u00f3n Triangle<\/title>\n<meta name=\"description\" content=\"Los datos de la \u00faltima Encuesta de Poblaci\u00f3n Activa reflejan un peligro inminente: la discriminaci\u00f3n hacia el talento s\u00e9nior en el mercado laboral.\" \/>\n<meta name=\"robots\" content=\"index, follow, max-snippet:-1, max-image-preview:large, max-video-preview:-1\" \/>\n<link rel=\"canonical\" href=\"https:\/\/www.fundaciontriangle.org\/blog\/la-epa-lo-confirma-los-mayores-de-45-anos-estan-en-peligro-de-extincion-laboral\/\" \/>\n<meta property=\"og:locale\" content=\"es_ES\" \/>\n<meta property=\"og:type\" content=\"article\" \/>\n<meta property=\"og:title\" content=\"La EPA lo confirma: las personas mayores de 45 a\u00f1os est\u00e1n en peligro de extinci\u00f3n laboral - Blog de Fundaci\u00f3n Triangle\" \/>\n<meta property=\"og:description\" content=\"Los datos de la \u00faltima Encuesta de Poblaci\u00f3n Activa reflejan un peligro inminente: la discriminaci\u00f3n hacia el talento s\u00e9nior en el mercado laboral.\" \/>\n<meta property=\"og:url\" content=\"https:\/\/www.fundaciontriangle.org\/blog\/la-epa-lo-confirma-los-mayores-de-45-anos-estan-en-peligro-de-extincion-laboral\/\" \/>\n<meta property=\"og:site_name\" content=\"Blog de Fundaci\u00f3n Triangle\" \/>\n<meta property=\"article:published_time\" content=\"2019-05-22T06:06:24+00:00\" \/>\n<meta property=\"article:modified_time\" content=\"2019-11-08T15:11:34+00:00\" \/>\n<meta property=\"og:image\" content=\"https:\/\/www.fundaciontriangle.org\/blog\/wp-content\/uploads\/sites\/2\/2019\/05\/epa-01.png\" \/>\n\t<meta property=\"og:image:width\" content=\"1078\" \/>\n\t<meta property=\"og:image:height\" content=\"593\" \/>\n\t<meta property=\"og:image:type\" content=\"image\/png\" \/>\n<meta name=\"author\" content=\"Admin\" \/>\n<meta name=\"twitter:card\" content=\"summary_large_image\" \/>\n<meta name=\"twitter:label1\" content=\"Escrito por\" \/>\n\t<meta name=\"twitter:data1\" content=\"Admin\" \/>\n\t<meta name=\"twitter:label2\" content=\"Tiempo de lectura\" \/>\n\t<meta name=\"twitter:data2\" content=\"7 minutos\" \/>\n<script type=\"application\/ld+json\" class=\"yoast-schema-graph\">{\"@context\":\"https:\/\/schema.org\",\"@graph\":[{\"@type\":\"Article\",\"@id\":\"https:\/\/www.fundaciontriangle.org\/blog\/la-epa-lo-confirma-los-mayores-de-45-anos-estan-en-peligro-de-extincion-laboral\/#article\",\"isPartOf\":{\"@id\":\"https:\/\/www.fundaciontriangle.org\/blog\/la-epa-lo-confirma-los-mayores-de-45-anos-estan-en-peligro-de-extincion-laboral\/\"},\"author\":{\"name\":\"Admin\",\"@id\":\"https:\/\/www.fundaciontriangle.org\/blog\/#\/schema\/person\/c4acdb9bfe5998701e5195e93e3bf579\"},\"headline\":\"La EPA lo confirma: las personas mayores de 45 a\u00f1os est\u00e1n en peligro de extinci\u00f3n laboral\",\"datePublished\":\"2019-05-22T06:06:24+00:00\",\"dateModified\":\"2019-11-08T15:11:34+00:00\",\"mainEntityOfPage\":{\"@id\":\"https:\/\/www.fundaciontriangle.org\/blog\/la-epa-lo-confirma-los-mayores-de-45-anos-estan-en-peligro-de-extincion-laboral\/\"},\"wordCount\":1343,\"commentCount\":0,\"image\":{\"@id\":\"https:\/\/www.fundaciontriangle.org\/blog\/la-epa-lo-confirma-los-mayores-de-45-anos-estan-en-peligro-de-extincion-laboral\/#primaryimage\"},\"thumbnailUrl\":\"https:\/\/www.fundaciontriangle.org\/blog\/wp-content\/uploads\/sites\/2\/2019\/05\/epa-01.png\",\"articleSection\":[\"Talento S\u00e9nior\"],\"inLanguage\":\"es\",\"potentialAction\":[{\"@type\":\"CommentAction\",\"name\":\"Comment\",\"target\":[\"https:\/\/www.fundaciontriangle.org\/blog\/la-epa-lo-confirma-los-mayores-de-45-anos-estan-en-peligro-de-extincion-laboral\/#respond\"]}]},{\"@type\":\"WebPage\",\"@id\":\"https:\/\/www.fundaciontriangle.org\/blog\/la-epa-lo-confirma-los-mayores-de-45-anos-estan-en-peligro-de-extincion-laboral\/\",\"url\":\"https:\/\/www.fundaciontriangle.org\/blog\/la-epa-lo-confirma-los-mayores-de-45-anos-estan-en-peligro-de-extincion-laboral\/\",\"name\":\"La EPA lo confirma: las personas mayores de 45 a\u00f1os est\u00e1n en peligro de extinci\u00f3n laboral - Blog de Fundaci\u00f3n Triangle\",\"isPartOf\":{\"@id\":\"https:\/\/www.fundaciontriangle.org\/blog\/#website\"},\"primaryImageOfPage\":{\"@id\":\"https:\/\/www.fundaciontriangle.org\/blog\/la-epa-lo-confirma-los-mayores-de-45-anos-estan-en-peligro-de-extincion-laboral\/#primaryimage\"},\"image\":{\"@id\":\"https:\/\/www.fundaciontriangle.org\/blog\/la-epa-lo-confirma-los-mayores-de-45-anos-estan-en-peligro-de-extincion-laboral\/#primaryimage\"},\"thumbnailUrl\":\"https:\/\/www.fundaciontriangle.org\/blog\/wp-content\/uploads\/sites\/2\/2019\/05\/epa-01.png\",\"datePublished\":\"2019-05-22T06:06:24+00:00\",\"dateModified\":\"2019-11-08T15:11:34+00:00\",\"author\":{\"@id\":\"https:\/\/www.fundaciontriangle.org\/blog\/#\/schema\/person\/c4acdb9bfe5998701e5195e93e3bf579\"},\"description\":\"Los datos de la \u00faltima Encuesta de Poblaci\u00f3n Activa reflejan un peligro inminente: la discriminaci\u00f3n hacia el talento s\u00e9nior en el mercado laboral.\",\"inLanguage\":\"es\",\"potentialAction\":[{\"@type\":\"ReadAction\",\"target\":[\"https:\/\/www.fundaciontriangle.org\/blog\/la-epa-lo-confirma-los-mayores-de-45-anos-estan-en-peligro-de-extincion-laboral\/\"]}]},{\"@type\":\"ImageObject\",\"inLanguage\":\"es\",\"@id\":\"https:\/\/www.fundaciontriangle.org\/blog\/la-epa-lo-confirma-los-mayores-de-45-anos-estan-en-peligro-de-extincion-laboral\/#primaryimage\",\"url\":\"https:\/\/www.fundaciontriangle.org\/blog\/wp-content\/uploads\/sites\/2\/2019\/05\/epa-01.png\",\"contentUrl\":\"https:\/\/www.fundaciontriangle.org\/blog\/wp-content\/uploads\/sites\/2\/2019\/05\/epa-01.png\",\"width\":1078,\"height\":593},{\"@type\":\"WebSite\",\"@id\":\"https:\/\/www.fundaciontriangle.org\/blog\/#website\",\"url\":\"https:\/\/www.fundaciontriangle.org\/blog\/\",\"name\":\"Blog de Fundaci\u00f3n Triangle\",\"description\":\"Hablamos talento s\u00e9nior, diversidad, edadismo, igualdad de oportunidades, trabajo digno, alianzas, entornos de trabajo, recursos humanos. De la gesti\u00f3n de la diversidad, del talento y la experiencia de las personas, de lo que aportan a las empresas.\",\"potentialAction\":[{\"@type\":\"SearchAction\",\"target\":{\"@type\":\"EntryPoint\",\"urlTemplate\":\"https:\/\/www.fundaciontriangle.org\/blog\/?s={search_term_string}\"},\"query-input\":{\"@type\":\"PropertyValueSpecification\",\"valueRequired\":true,\"valueName\":\"search_term_string\"}}],\"inLanguage\":\"es\"},{\"@type\":\"Person\",\"@id\":\"https:\/\/www.fundaciontriangle.org\/blog\/#\/schema\/person\/c4acdb9bfe5998701e5195e93e3bf579\",\"name\":\"Admin\",\"image\":{\"@type\":\"ImageObject\",\"inLanguage\":\"es\",\"@id\":\"https:\/\/www.fundaciontriangle.org\/blog\/#\/schema\/person\/image\/\",\"url\":\"https:\/\/secure.gravatar.com\/avatar\/639dfb27e51a4baf887721ba49ad906aa378fe5130c9cfa9ca94c4bf967b0c66?s=96&d=mm&r=g\",\"contentUrl\":\"https:\/\/secure.gravatar.com\/avatar\/639dfb27e51a4baf887721ba49ad906aa378fe5130c9cfa9ca94c4bf967b0c66?s=96&d=mm&r=g\",\"caption\":\"Admin\"}}]}<\/script>\n<!-- \/ Yoast SEO plugin. -->","yoast_head_json":{"title":"La EPA lo confirma: las personas mayores de 45 a\u00f1os est\u00e1n en peligro de extinci\u00f3n laboral - Blog de Fundaci\u00f3n Triangle","description":"Los datos de la \u00faltima Encuesta de Poblaci\u00f3n Activa reflejan un peligro inminente: la discriminaci\u00f3n hacia el talento s\u00e9nior en el mercado laboral.","robots":{"index":"index","follow":"follow","max-snippet":"max-snippet:-1","max-image-preview":"max-image-preview:large","max-video-preview":"max-video-preview:-1"},"canonical":"https:\/\/www.fundaciontriangle.org\/blog\/la-epa-lo-confirma-los-mayores-de-45-anos-estan-en-peligro-de-extincion-laboral\/","og_locale":"es_ES","og_type":"article","og_title":"La EPA lo confirma: las personas mayores de 45 a\u00f1os est\u00e1n en peligro de extinci\u00f3n laboral - Blog de Fundaci\u00f3n Triangle","og_description":"Los datos de la \u00faltima Encuesta de Poblaci\u00f3n Activa reflejan un peligro inminente: la discriminaci\u00f3n hacia el talento s\u00e9nior en el mercado laboral.","og_url":"https:\/\/www.fundaciontriangle.org\/blog\/la-epa-lo-confirma-los-mayores-de-45-anos-estan-en-peligro-de-extincion-laboral\/","og_site_name":"Blog de Fundaci\u00f3n Triangle","article_published_time":"2019-05-22T06:06:24+00:00","article_modified_time":"2019-11-08T15:11:34+00:00","og_image":[{"width":1078,"height":593,"url":"https:\/\/www.fundaciontriangle.org\/blog\/wp-content\/uploads\/sites\/2\/2019\/05\/epa-01.png","type":"image\/png"}],"author":"Admin","twitter_card":"summary_large_image","twitter_misc":{"Escrito por":"Admin","Tiempo de lectura":"7 minutos"},"schema":{"@context":"https:\/\/schema.org","@graph":[{"@type":"Article","@id":"https:\/\/www.fundaciontriangle.org\/blog\/la-epa-lo-confirma-los-mayores-de-45-anos-estan-en-peligro-de-extincion-laboral\/#article","isPartOf":{"@id":"https:\/\/www.fundaciontriangle.org\/blog\/la-epa-lo-confirma-los-mayores-de-45-anos-estan-en-peligro-de-extincion-laboral\/"},"author":{"name":"Admin","@id":"https:\/\/www.fundaciontriangle.org\/blog\/#\/schema\/person\/c4acdb9bfe5998701e5195e93e3bf579"},"headline":"La EPA lo confirma: las personas mayores de 45 a\u00f1os est\u00e1n en peligro de extinci\u00f3n laboral","datePublished":"2019-05-22T06:06:24+00:00","dateModified":"2019-11-08T15:11:34+00:00","mainEntityOfPage":{"@id":"https:\/\/www.fundaciontriangle.org\/blog\/la-epa-lo-confirma-los-mayores-de-45-anos-estan-en-peligro-de-extincion-laboral\/"},"wordCount":1343,"commentCount":0,"image":{"@id":"https:\/\/www.fundaciontriangle.org\/blog\/la-epa-lo-confirma-los-mayores-de-45-anos-estan-en-peligro-de-extincion-laboral\/#primaryimage"},"thumbnailUrl":"https:\/\/www.fundaciontriangle.org\/blog\/wp-content\/uploads\/sites\/2\/2019\/05\/epa-01.png","articleSection":["Talento S\u00e9nior"],"inLanguage":"es","potentialAction":[{"@type":"CommentAction","name":"Comment","target":["https:\/\/www.fundaciontriangle.org\/blog\/la-epa-lo-confirma-los-mayores-de-45-anos-estan-en-peligro-de-extincion-laboral\/#respond"]}]},{"@type":"WebPage","@id":"https:\/\/www.fundaciontriangle.org\/blog\/la-epa-lo-confirma-los-mayores-de-45-anos-estan-en-peligro-de-extincion-laboral\/","url":"https:\/\/www.fundaciontriangle.org\/blog\/la-epa-lo-confirma-los-mayores-de-45-anos-estan-en-peligro-de-extincion-laboral\/","name":"La EPA lo confirma: las personas mayores de 45 a\u00f1os est\u00e1n en peligro de extinci\u00f3n laboral - Blog de Fundaci\u00f3n Triangle","isPartOf":{"@id":"https:\/\/www.fundaciontriangle.org\/blog\/#website"},"primaryImageOfPage":{"@id":"https:\/\/www.fundaciontriangle.org\/blog\/la-epa-lo-confirma-los-mayores-de-45-anos-estan-en-peligro-de-extincion-laboral\/#primaryimage"},"image":{"@id":"https:\/\/www.fundaciontriangle.org\/blog\/la-epa-lo-confirma-los-mayores-de-45-anos-estan-en-peligro-de-extincion-laboral\/#primaryimage"},"thumbnailUrl":"https:\/\/www.fundaciontriangle.org\/blog\/wp-content\/uploads\/sites\/2\/2019\/05\/epa-01.png","datePublished":"2019-05-22T06:06:24+00:00","dateModified":"2019-11-08T15:11:34+00:00","author":{"@id":"https:\/\/www.fundaciontriangle.org\/blog\/#\/schema\/person\/c4acdb9bfe5998701e5195e93e3bf579"},"description":"Los datos de la \u00faltima Encuesta de Poblaci\u00f3n Activa reflejan un peligro inminente: la discriminaci\u00f3n hacia el talento s\u00e9nior en el mercado laboral.","inLanguage":"es","potentialAction":[{"@type":"ReadAction","target":["https:\/\/www.fundaciontriangle.org\/blog\/la-epa-lo-confirma-los-mayores-de-45-anos-estan-en-peligro-de-extincion-laboral\/"]}]},{"@type":"ImageObject","inLanguage":"es","@id":"https:\/\/www.fundaciontriangle.org\/blog\/la-epa-lo-confirma-los-mayores-de-45-anos-estan-en-peligro-de-extincion-laboral\/#primaryimage","url":"https:\/\/www.fundaciontriangle.org\/blog\/wp-content\/uploads\/sites\/2\/2019\/05\/epa-01.png","contentUrl":"https:\/\/www.fundaciontriangle.org\/blog\/wp-content\/uploads\/sites\/2\/2019\/05\/epa-01.png","width":1078,"height":593},{"@type":"WebSite","@id":"https:\/\/www.fundaciontriangle.org\/blog\/#website","url":"https:\/\/www.fundaciontriangle.org\/blog\/","name":"Blog de Fundaci\u00f3n Triangle","description":"Hablamos talento s\u00e9nior, diversidad, edadismo, igualdad de oportunidades, trabajo digno, alianzas, entornos de trabajo, recursos humanos. De la gesti\u00f3n de la diversidad, del talento y la experiencia de las personas, de lo que aportan a las empresas.","potentialAction":[{"@type":"SearchAction","target":{"@type":"EntryPoint","urlTemplate":"https:\/\/www.fundaciontriangle.org\/blog\/?s={search_term_string}"},"query-input":{"@type":"PropertyValueSpecification","valueRequired":true,"valueName":"search_term_string"}}],"inLanguage":"es"},{"@type":"Person","@id":"https:\/\/www.fundaciontriangle.org\/blog\/#\/schema\/person\/c4acdb9bfe5998701e5195e93e3bf579","name":"Admin","image":{"@type":"ImageObject","inLanguage":"es","@id":"https:\/\/www.fundaciontriangle.org\/blog\/#\/schema\/person\/image\/","url":"https:\/\/secure.gravatar.com\/avatar\/639dfb27e51a4baf887721ba49ad906aa378fe5130c9cfa9ca94c4bf967b0c66?s=96&d=mm&r=g","contentUrl":"https:\/\/secure.gravatar.com\/avatar\/639dfb27e51a4baf887721ba49ad906aa378fe5130c9cfa9ca94c4bf967b0c66?s=96&d=mm&r=g","caption":"Admin"}}]}},"_links":{"self":[{"href":"https:\/\/www.fundaciontriangle.org\/blog\/wp-json\/wp\/v2\/posts\/289","targetHints":{"allow":["GET"]}}],"collection":[{"href":"https:\/\/www.fundaciontriangle.org\/blog\/wp-json\/wp\/v2\/posts"}],"about":[{"href":"https:\/\/www.fundaciontriangle.org\/blog\/wp-json\/wp\/v2\/types\/post"}],"author":[{"embeddable":true,"href":"https:\/\/www.fundaciontriangle.org\/blog\/wp-json\/wp\/v2\/users\/2"}],"replies":[{"embeddable":true,"href":"https:\/\/www.fundaciontriangle.org\/blog\/wp-json\/wp\/v2\/comments?post=289"}],"version-history":[{"count":2,"href":"https:\/\/www.fundaciontriangle.org\/blog\/wp-json\/wp\/v2\/posts\/289\/revisions"}],"predecessor-version":[{"id":640,"href":"https:\/\/www.fundaciontriangle.org\/blog\/wp-json\/wp\/v2\/posts\/289\/revisions\/640"}],"wp:featuredmedia":[{"embeddable":true,"href":"https:\/\/www.fundaciontriangle.org\/blog\/wp-json\/wp\/v2\/media\/290"}],"wp:attachment":[{"href":"https:\/\/www.fundaciontriangle.org\/blog\/wp-json\/wp\/v2\/media?parent=289"}],"wp:term":[{"taxonomy":"category","embeddable":true,"href":"https:\/\/www.fundaciontriangle.org\/blog\/wp-json\/wp\/v2\/categories?post=289"},{"taxonomy":"post_tag","embeddable":true,"href":"https:\/\/www.fundaciontriangle.org\/blog\/wp-json\/wp\/v2\/tags?post=289"}],"curies":[{"name":"wp","href":"https:\/\/api.w.org\/{rel}","templated":true}]}}