{"id":243,"date":"2019-04-24T08:20:21","date_gmt":"2019-04-24T07:20:21","guid":{"rendered":"http:\/\/www.fundaciontriangle.org\/blog\/?p=243"},"modified":"2019-07-10T09:30:44","modified_gmt":"2019-07-10T08:30:44","slug":"edadismo-como-evitar-la-discriminacion-en-el-reclutamiento","status":"publish","type":"post","link":"https:\/\/www.fundaciontriangle.org\/blog\/edadismo-como-evitar-la-discriminacion-en-el-reclutamiento\/","title":{"rendered":"Edadismo: C\u00f3mo evitar la discriminaci\u00f3n en el reclutamiento"},"content":{"rendered":"<p>La edad es un motivo de discriminaci\u00f3n en los entornos laborales. Esta discriminaci\u00f3n no solo se produce a la hora de reducir plantillas sino tambi\u00e9n en la fase m\u00e1s inicial, en el reclutamiento. Y es que para gran parte de la sociedad, la edad id\u00f3nea para trabajar es de los 25 a los 45 a\u00f1os.<\/p>\n<p>Como ya hemos comentado, R. Butler\u00a0 acu\u00f1\u00f3 el t\u00e9rmino ingl\u00e9s \u00a0\u201cAgeism\u201d (traducido al espa\u00f1ol como \u201cEdadismo o \u201cViejismo\u201d) para referirse al \u201cconjunto de prejuicios, estereotipos y discriminaciones hacia los viejos en funci\u00f3n de la edad\u201d. Sus consecuencias son similares a los prejuicios que muchas personas sufren por su color de piel, nacionalidad, sexo o por practicar una religi\u00f3n determinada.<\/p>\n<h2>En nuestro pa\u00eds se ha detectado Edadismo en el reclutamiento pero tambi\u00e9n en otros pa\u00edses del mundo.<\/h2>\n<p><strong><em> <img loading=\"lazy\" decoding=\"async\" class=\"size-full wp-image-237 aligncenter\" src=\"http:\/\/www.fundaciontriangle.org\/blog\/wp-content\/uploads\/sites\/2\/2019\/04\/edadismo-disciminacion-reclutamiento-02.png\" alt=\"\" width=\"1078\" height=\"593\" \/><\/em><\/strong><\/p>\n<p>Rosa Esteban, responsable de Desarrollo y Desempe\u00f1o del Grupo Ses\u00e9, coment\u00f3 en uno de los focus groups este tema:<\/p>\n<p><em>\u201cCreo que a mi alrededor hay muchos criterios que est\u00e1n basados en no sabemos qu\u00e9. Muchos de nuestros comportamientos o de nuestras creencias y valores, no sabemos de d\u00f3nde vienen. Por ejemplo, me dijeron que las personas de cuarenta y cinco no funcionan y, sin embargo, nunca he trabajado con alguien al lado de cuarenta y cinco a\u00f1os que no funcione\u2026 Estar\u00eda bien que se hiciesen estudios que avalasen esos prejuicios. Que se hagan para saber cu\u00e1nta gente s\u00e9nior est\u00e1 trabajando, en qu\u00e9 empresas, qu\u00e9 puestos tienen, su productividad y su \u00edndice de ausentismo. Si estos estudios se realizan podr\u00e1n desmontar creencias o prejuicios que est\u00e1n limitando a las personas y su desarrollo profesional\u201d.<\/em><\/p>\n<p>\u00bfPiensas que una persona mayor de 45 a\u00f1os no tiene suficientes habilidades o conocimientos para ocupar un puesto de trabajo en una compa\u00f1\u00eda? La experiencia y el talento no caducan.<\/p>\n<p><strong><img loading=\"lazy\" decoding=\"async\" class=\"size-full wp-image-238 aligncenter\" src=\"http:\/\/www.fundaciontriangle.org\/blog\/wp-content\/uploads\/sites\/2\/2019\/04\/edadismo-disciminacion-reclutamiento-03.png\" alt=\"\" width=\"1078\" height=\"593\" \/><\/strong><\/p>\n<p>Carmen Mart\u00edn Calvarro, gerente de Innovaci\u00f3n Sostenible y Diversidad en Telef\u00f3nica, apostaba por un cambio cultural en las empresas para poder acabar contra el Edadismo: \u201cHay que valorar de una forma m\u00e1s cualitativa el talento y, sobre todo, trabajar el cambio cultural: acabar con los prejuicios con respecto a las generaciones, centrarnos en fomentar una mentalidad de crecimiento entre todos los empleados y generar\/construir\/garantizar un ambiente inclusivo, que fomenta el trabajo de equipo<em>\u201d<\/em><\/p>\n<p><a href=\"\/blog\/edadismo-en-la-empresa-8-propuestas-practicas-para-prevenirlo\/\"><strong>Edadismo en la empresa: 8 propuestas pr\u00e1cticas para prevenirlo<\/strong><\/a><\/p>\n<p>Veamos un ejemplo de Edadismo durante un proceso de reclutamiento.<\/p>\n<ul>\n<li><strong><em>Candidata:<\/em><\/strong><\/li>\n<\/ul>\n<p><em>\u201cTengo 53 a\u00f1os. Me sobra energ\u00eda, tengo mucha experiencia en el puesto a ocupar. Adem\u00e1s, poseo un t\u00edtulo universitario y un m\u00e1ster. Tengo 2 hijos, pero son mayores. He liderado equipos en mi anterior trabajo, hablo bien en p\u00fablico y quiero seguir trabajando\u201d<\/em><\/p>\n<ul>\n<li><strong><em>Reclutador: <\/em><\/strong><em>\u00bfSabes ingl\u00e9s?<\/em><\/li>\n<li><strong><em>Candidata: <\/em><\/strong><em>Me defiendo.<\/em><\/li>\n<li><strong><em>Reclutador: <\/em><\/strong><em>Considero que est\u00e1 sobrecualificada para el puesto de administrativa.<\/em><\/li>\n<li><strong><em>Candidata: <\/em><\/strong><em>Lo entiendo pero puedo comenzar y despu\u00e9s podr\u00edan evaluarme y as\u00ed poder optar a otro puesto. Adem\u00e1s, necesito el trabajo, no me importa trabajar de administrativa.<\/em><\/li>\n<li><strong><em>Reclutador: <\/em><\/strong><em>Lo siento estamos buscando un perfil m\u00e1s joven y que tenga una titulaci\u00f3n oficial en ingl\u00e9s. <\/em><\/li>\n<\/ul>\n<h2>C\u00f3mo evitar la discriminaci\u00f3n en el reclutamiento<\/h2>\n<p>Palabras como \u201csobrecualificada\u201d, podr\u00eda significar \u201cdemasiado caro\u201d o \u201ctenemos miedo de que te aburras y renuncies\u201d y es un <a href=\"https:\/\/selectiva.es\/proceso-seleccion-sesgos-cognitivos\/\"><strong><u>sesgo<\/u><\/strong><\/a> que el reclutador debe evitar mencionar en la entrevista.<\/p>\n<p><strong><img loading=\"lazy\" decoding=\"async\" class=\"size-full wp-image-239 aligncenter\" src=\"http:\/\/www.fundaciontriangle.org\/blog\/wp-content\/uploads\/sites\/2\/2019\/04\/edadismo-disciminacion-reclutamiento-04.png\" alt=\"\" width=\"1078\" height=\"593\" \/><\/strong><\/p>\n<p>Manuel Mart\u00ednez, director de HR y RSC de Crau Group, hablaba acerca de esta sobrecualificaci\u00f3n en su intervenci\u00f3n en uno de los focus: \u201c<em>Esta sobrecualificaci\u00f3n viene dada en parte por los perfiles que han salido de las grandes corporaciones como consecuencia de las decisiones de reducir plantillas enfoc\u00e1ndose principalmente en empleados con m\u00e1s de 50 a\u00f1os, sin tener en cuenta el factor de \u201cdescapitalizaci\u00f3n\u201d en talento. Para empresas start-ups estos perfiles son percibidos como target para atraer talento altamente cualificado, siempre que haya un compromiso de adaptaci\u00f3n al nuevo entorno<\/em>.\u201d<\/p>\n<p>Adem\u00e1s, el comentario de que en la empresa<em> \u201cla contrataci\u00f3n de mayores de 45 a\u00f1os no est\u00e1 contemplada\u201d<\/em> es un claro signo de Edadismo.<\/p>\n<p><em><strong><img loading=\"lazy\" decoding=\"async\" class=\"size-full wp-image-240 aligncenter\" src=\"http:\/\/www.fundaciontriangle.org\/blog\/wp-content\/uploads\/sites\/2\/2019\/04\/edadismo-disciminacion-reclutamiento-05.png\" alt=\"\" width=\"1078\" height=\"593\" \/><\/strong><\/em><\/p>\n<p>Manuel Naharro, project manager de Generaci\u00f3n Savia, y participante de uno de los coloquios, hac\u00eda referencia a este tema: <em>\u201cSobre el tema del talento s\u00e9nior he escuchado comentarios del tipo: yo creo que esta gente va a querer trabajar menos. Y no es justo. No es cuesti\u00f3n de edad que una persona quiera trabajar o no, sino de actitud\u201d.<\/em><\/p>\n<p><strong>El Edadismo se puede erradicar en la selecci\u00f3n de personal estableciendo pol\u00edticas que eviten la discriminaci\u00f3n a candidatos mayores de 45 a\u00f1os<\/strong>.<\/p>\n<p><strong><img loading=\"lazy\" decoding=\"async\" class=\"size-full wp-image-241 aligncenter\" src=\"http:\/\/www.fundaciontriangle.org\/blog\/wp-content\/uploads\/sites\/2\/2019\/04\/edadismo-disciminacion-reclutamiento-06.png\" alt=\"\" width=\"1078\" height=\"593\" \/><\/strong><\/p>\n<p>Enrique Bello, director de Talento y Desarrollo de Altadis, coment\u00f3 en uno de los encuentros:<em> \u201cLa idea que tenemos al respecto es la de introducir la gesti\u00f3n de la diversidad en la gesti\u00f3n del talento. Se necesita desarrollar o flexibilizar, esa mentalidad sesgada que considera que la incorporaci\u00f3n de talento es una cuesti\u00f3n de edad, g\u00e9nero u orientaci\u00f3n sexual, o de cultura. Esto va a costar mucho, evidentemente. Y luego otro apartado es quiz\u00e1 es una cuesti\u00f3n de responsabilidad social corporativa. Esto es un tema para tener en cuenta por todas las empresas entendiendo esto como agentes sociales de cambios que son\u201d.<\/em><\/p>\n<p><strong>Una de las medidas que se pueden llevar a cabo para evitar este problema es formar a los trabajadores<\/strong> para que utilicen la tolerancia y promuevan la diversidad. De ah\u00ed que es clave que una compa\u00f1\u00eda cree <strong>un documento que contenga pautas claras<\/strong> que indiquen la manera de actuar frente a situaciones que se pueden presentar durante el proceso de selecci\u00f3n.\u00a0 Esta pr\u00e1ctica ayudar\u00eda a desarrollar una pol\u00edtica de recursos humanos que refleje la filosof\u00eda corporativa y re\u00fana\u00a0 acciones para evitar\u00a0 discriminaci\u00f3n por edad.<\/p>\n<p><strong>Claridad en la descripci\u00f3n del puesto de trabajo.<\/strong> Al publicar una oferta laboral es conveniente incluir las especificaciones del puesto, pero no aquellas que est\u00e9n relacionadas con la edad o fuerza f\u00edsica. Si es conveniente mencionar otras habilidades como naturalidad al escribir o fortaleza al negociar.<\/p>\n<p>\u00bfPodr\u00edamos publicar una oferta de empleo correctamente evitando cosas como \u201cambiente joven\u201d o \u201cequipo joven\u201d?<\/p>\n<p><strong>Los trabajadores mayores no est\u00e1n oxidados.<\/strong> Ver a los trabajadores mayores como lentos e inadecuados es un claro s\u00edntoma de discriminaci\u00f3n por edad.<\/p>\n<p>Los mayores de 45 a\u00f1os que han estado en paro quieren volver a sentirse \u00fatiles. Seguro que ponen unas ganas tremendas en la realizaci\u00f3n de las tareas.<\/p>\n<p><strong>Los mayores de 45 a\u00f1os no deber\u00edan ser invisibles. <\/strong>La dificultad de los j\u00f3venes para acceder al mercado de trabajo ha centrado gran parte de la atenci\u00f3n de medios de comunicaci\u00f3n, empresas, organizaciones, partidos pol\u00edticos e instituciones. Se ha ignorado, directa e indirectamente, el problema y las dificultades a las que los s\u00e9niors se siguen enfrentando para poder conseguir un empleo. Este colectivo se ha convertido en invisible. Ni est\u00e1n ni se les espera en la mayor\u00eda de las empresas.<\/p>\n<p><img loading=\"lazy\" decoding=\"async\" class=\"size-full wp-image-242 aligncenter\" src=\"http:\/\/www.fundaciontriangle.org\/blog\/wp-content\/uploads\/sites\/2\/2019\/04\/edadismo-disciminacion-reclutamiento-07.png\" alt=\"\" width=\"1078\" height=\"593\" \/><\/p>\n<p>Juan Carlos Delrieu, director de Estrategia y An\u00e1lisis de la Asociaci\u00f3n Espa\u00f1ola de Banca (AEB), expuso este problema en una de sus intervenciones: <em>\u201cEl gobierno y las administraciones miran el problema del paro en los j\u00f3venes como un problema superior, urgente y necesario, mientras aparca un problema social de tanto impacto como la incorporaci\u00f3n del talento s\u00e9nior al mercado laboral. Sin embargo, Espa\u00f1a no se puede permitir el lujo de renunciar, ni desde un punto de vista econ\u00f3mico ni tampoco social, a resolver este problema, no solo por dignidad, sino porque este conjunto de personas que, en general, se caracterizan por ofrecer un elevado compromiso social y profesional, deben seguir nutriendo de valor la fuerza laboral de nuestro pa\u00eds. La Administraci\u00f3n P\u00fablica tiene la obligaci\u00f3n de dedicarle una mirada atenta al problema de la escasa empleabilidad de las personas mayores de 45 a\u00f1os, pues tiene repercusiones muy negativas para el parado y su entorno familiar: el 35% del colectivo de personas mayores de 55 a\u00f1os todav\u00eda debe afrontar cargas familiares y financieras que, al no poder cubrirlas adecuadamente, se traduce en una sensaci\u00f3n de impotencia y des\u00e1nimo; adem\u00e1s el 80% de las m\u00e1s de 300.000 personas calificadas como desanimadas por la EPA son mayores de 45 a\u00f1os, lo que acaba generando un impacto muy negativo para la sociedad.\u201d<\/em><\/p>\n<p>Para cambiar esta situaci\u00f3n los reclutadores deben apostar por este talento, ofreci\u00e9ndoles oportunidades, interes\u00e1ndose por sus perfiles y tratarlos como un candidato m\u00e1s sin poner ning\u00fan tipo de etiqueta a su perfil que acabe con sus opciones en un proceso de selecci\u00f3n<\/p>\n<p><strong>Los trabajadores mayores no son los que m\u00e1s se resisten al cambio.<\/strong> Es m\u00e1s, son muchos los que trabajan para conseguirlo. El cambio comienza por uno mismo. Hacer lo posible para que incluyan un perfil s\u00e9nior en un proceso de reclutamiento, a pesar de saber que puede ser discriminado por su edad, \u00bfno crees que es un acto de cambio de mentalidad?<\/p>\n<p>Por ejemplo, si la organizaci\u00f3n estuviera en un per\u00edodo de transformaci\u00f3n digital y\/o cultural ser\u00e1 el reclutador quien informe acerca de los cambios que se pueden producir y en qu\u00e9 le afectar\u00e1 si acepta el puesto. El candidato ser\u00e1 quien decida si est\u00e1 de acuerdo con la propuesta o decide abandonar el proceso. Que el reclutador de por hecho que no querr\u00e1 o no se adaptar\u00e1 est\u00e1 injustificado.<\/p>\n<p><strong>Igualdad en los procesos de selecci\u00f3n.<\/strong> Desde el departamento de recursos humanos se tiene que prever \u00a0cuestionarios preguntas cerradas, concretas y espec\u00edficas para evitar recabar informaci\u00f3n innecesaria y que pueda condicionar la decisi\u00f3n del reclutador. Los CEOS y directores deben interesarse por conocer si el reclutador est\u00e1 preparado para realizar el proceso de selecci\u00f3n. Y en el caso de que no lo est\u00e9, facilitarle las herramientas necesarias, como por ejemplo una formaci\u00f3n espec\u00edfica en diversidad generacional.<\/p>\n<p>Nuestro compromiso tambi\u00e9n es poner fin al Edadismo en los procesos de reclutamiento. \u00bfTe unes para que entre todos podamos conseguirlo?<\/p>\n","protected":false},"excerpt":{"rendered":"<p>La edad es un motivo de discriminaci\u00f3n en los entornos laborales. Esta discriminaci\u00f3n no solo se produce a la&hellip;<\/p>\n","protected":false},"author":2,"featured_media":236,"comment_status":"open","ping_status":"open","sticky":false,"template":"","format":"standard","meta":{"_monsterinsights_skip_tracking":false,"_monsterinsights_sitenote_active":false,"_monsterinsights_sitenote_note":"","_monsterinsights_sitenote_category":0,"footnotes":""},"categories":[3],"tags":[],"class_list":["post-243","post","type-post","status-publish","format-standard","has-post-thumbnail","hentry","category-talento-senior"],"yoast_head":"<!-- This site is optimized with the Yoast SEO plugin v27.0 - https:\/\/yoast.com\/product\/yoast-seo-wordpress\/ -->\n<title>Edadismo: C\u00f3mo evitar la discriminaci\u00f3n en el reclutamiento - Blog de Fundaci\u00f3n Triangle<\/title>\n<meta name=\"description\" content=\"Para luchar contra el Edadismo podemos trabajar en todas las fases de la carrera profesional, la primera en el reclutamiento.\" \/>\n<meta name=\"robots\" content=\"index, follow, max-snippet:-1, max-image-preview:large, max-video-preview:-1\" \/>\n<link rel=\"canonical\" href=\"https:\/\/www.fundaciontriangle.org\/blog\/edadismo-como-evitar-la-discriminacion-en-el-reclutamiento\/\" \/>\n<meta property=\"og:locale\" content=\"es_ES\" \/>\n<meta property=\"og:type\" content=\"article\" \/>\n<meta property=\"og:title\" content=\"Fundacion Selectiva\" \/>\n<meta property=\"og:description\" content=\"Blog\" \/>\n<meta property=\"og:url\" content=\"https:\/\/www.fundaciontriangle.org\/blog\/edadismo-como-evitar-la-discriminacion-en-el-reclutamiento\/\" \/>\n<meta property=\"og:site_name\" content=\"Blog de Fundaci\u00f3n Triangle\" \/>\n<meta property=\"article:published_time\" content=\"2019-04-24T07:20:21+00:00\" \/>\n<meta property=\"article:modified_time\" content=\"2019-07-10T08:30:44+00:00\" \/>\n<meta property=\"og:image\" content=\"https:\/\/www.fundaciontriangle.org\/blog\/wp-content\/uploads\/sites\/2\/2019\/04\/edadismo-disciminacion-reclutamiento-01.png\" \/>\n\t<meta property=\"og:image:width\" content=\"1078\" \/>\n\t<meta property=\"og:image:height\" content=\"593\" \/>\n\t<meta property=\"og:image:type\" content=\"image\/png\" \/>\n<meta name=\"author\" content=\"Admin\" \/>\n<meta name=\"twitter:card\" content=\"summary_large_image\" \/>\n<meta name=\"twitter:label1\" content=\"Escrito por\" \/>\n\t<meta name=\"twitter:data1\" content=\"Admin\" \/>\n\t<meta name=\"twitter:label2\" content=\"Tiempo de lectura\" \/>\n\t<meta name=\"twitter:data2\" content=\"9 minutos\" \/>\n<script type=\"application\/ld+json\" class=\"yoast-schema-graph\">{\"@context\":\"https:\/\/schema.org\",\"@graph\":[{\"@type\":\"Article\",\"@id\":\"https:\/\/www.fundaciontriangle.org\/blog\/edadismo-como-evitar-la-discriminacion-en-el-reclutamiento\/#article\",\"isPartOf\":{\"@id\":\"https:\/\/www.fundaciontriangle.org\/blog\/edadismo-como-evitar-la-discriminacion-en-el-reclutamiento\/\"},\"author\":{\"name\":\"Admin\",\"@id\":\"https:\/\/www.fundaciontriangle.org\/blog\/#\/schema\/person\/c4acdb9bfe5998701e5195e93e3bf579\"},\"headline\":\"Edadismo: C\u00f3mo evitar la discriminaci\u00f3n en el reclutamiento\",\"datePublished\":\"2019-04-24T07:20:21+00:00\",\"dateModified\":\"2019-07-10T08:30:44+00:00\",\"mainEntityOfPage\":{\"@id\":\"https:\/\/www.fundaciontriangle.org\/blog\/edadismo-como-evitar-la-discriminacion-en-el-reclutamiento\/\"},\"wordCount\":1720,\"commentCount\":1,\"image\":{\"@id\":\"https:\/\/www.fundaciontriangle.org\/blog\/edadismo-como-evitar-la-discriminacion-en-el-reclutamiento\/#primaryimage\"},\"thumbnailUrl\":\"https:\/\/www.fundaciontriangle.org\/blog\/wp-content\/uploads\/sites\/2\/2019\/04\/edadismo-disciminacion-reclutamiento-01.png\",\"articleSection\":[\"Talento S\u00e9nior\"],\"inLanguage\":\"es\",\"potentialAction\":[{\"@type\":\"CommentAction\",\"name\":\"Comment\",\"target\":[\"https:\/\/www.fundaciontriangle.org\/blog\/edadismo-como-evitar-la-discriminacion-en-el-reclutamiento\/#respond\"]}]},{\"@type\":\"WebPage\",\"@id\":\"https:\/\/www.fundaciontriangle.org\/blog\/edadismo-como-evitar-la-discriminacion-en-el-reclutamiento\/\",\"url\":\"https:\/\/www.fundaciontriangle.org\/blog\/edadismo-como-evitar-la-discriminacion-en-el-reclutamiento\/\",\"name\":\"Edadismo: C\u00f3mo evitar la discriminaci\u00f3n en el reclutamiento - Blog de Fundaci\u00f3n Triangle\",\"isPartOf\":{\"@id\":\"https:\/\/www.fundaciontriangle.org\/blog\/#website\"},\"primaryImageOfPage\":{\"@id\":\"https:\/\/www.fundaciontriangle.org\/blog\/edadismo-como-evitar-la-discriminacion-en-el-reclutamiento\/#primaryimage\"},\"image\":{\"@id\":\"https:\/\/www.fundaciontriangle.org\/blog\/edadismo-como-evitar-la-discriminacion-en-el-reclutamiento\/#primaryimage\"},\"thumbnailUrl\":\"https:\/\/www.fundaciontriangle.org\/blog\/wp-content\/uploads\/sites\/2\/2019\/04\/edadismo-disciminacion-reclutamiento-01.png\",\"datePublished\":\"2019-04-24T07:20:21+00:00\",\"dateModified\":\"2019-07-10T08:30:44+00:00\",\"author\":{\"@id\":\"https:\/\/www.fundaciontriangle.org\/blog\/#\/schema\/person\/c4acdb9bfe5998701e5195e93e3bf579\"},\"description\":\"Para luchar contra el Edadismo podemos trabajar en todas las fases de la carrera profesional, la primera en el reclutamiento.\",\"inLanguage\":\"es\",\"potentialAction\":[{\"@type\":\"ReadAction\",\"target\":[\"https:\/\/www.fundaciontriangle.org\/blog\/edadismo-como-evitar-la-discriminacion-en-el-reclutamiento\/\"]}]},{\"@type\":\"ImageObject\",\"inLanguage\":\"es\",\"@id\":\"https:\/\/www.fundaciontriangle.org\/blog\/edadismo-como-evitar-la-discriminacion-en-el-reclutamiento\/#primaryimage\",\"url\":\"https:\/\/www.fundaciontriangle.org\/blog\/wp-content\/uploads\/sites\/2\/2019\/04\/edadismo-disciminacion-reclutamiento-01.png\",\"contentUrl\":\"https:\/\/www.fundaciontriangle.org\/blog\/wp-content\/uploads\/sites\/2\/2019\/04\/edadismo-disciminacion-reclutamiento-01.png\",\"width\":1078,\"height\":593},{\"@type\":\"WebSite\",\"@id\":\"https:\/\/www.fundaciontriangle.org\/blog\/#website\",\"url\":\"https:\/\/www.fundaciontriangle.org\/blog\/\",\"name\":\"Blog de Fundaci\u00f3n Triangle\",\"description\":\"Hablamos talento s\u00e9nior, diversidad, edadismo, igualdad de oportunidades, trabajo digno, alianzas, entornos de trabajo, recursos humanos. De la gesti\u00f3n de la diversidad, del talento y la experiencia de las personas, de lo que aportan a las empresas.\",\"potentialAction\":[{\"@type\":\"SearchAction\",\"target\":{\"@type\":\"EntryPoint\",\"urlTemplate\":\"https:\/\/www.fundaciontriangle.org\/blog\/?s={search_term_string}\"},\"query-input\":{\"@type\":\"PropertyValueSpecification\",\"valueRequired\":true,\"valueName\":\"search_term_string\"}}],\"inLanguage\":\"es\"},{\"@type\":\"Person\",\"@id\":\"https:\/\/www.fundaciontriangle.org\/blog\/#\/schema\/person\/c4acdb9bfe5998701e5195e93e3bf579\",\"name\":\"Admin\",\"image\":{\"@type\":\"ImageObject\",\"inLanguage\":\"es\",\"@id\":\"https:\/\/www.fundaciontriangle.org\/blog\/#\/schema\/person\/image\/\",\"url\":\"https:\/\/secure.gravatar.com\/avatar\/639dfb27e51a4baf887721ba49ad906aa378fe5130c9cfa9ca94c4bf967b0c66?s=96&d=mm&r=g\",\"contentUrl\":\"https:\/\/secure.gravatar.com\/avatar\/639dfb27e51a4baf887721ba49ad906aa378fe5130c9cfa9ca94c4bf967b0c66?s=96&d=mm&r=g\",\"caption\":\"Admin\"}}]}<\/script>\n<!-- \/ Yoast SEO plugin. -->","yoast_head_json":{"title":"Edadismo: C\u00f3mo evitar la discriminaci\u00f3n en el reclutamiento - Blog de Fundaci\u00f3n Triangle","description":"Para luchar contra el Edadismo podemos trabajar en todas las fases de la carrera profesional, la primera en el reclutamiento.","robots":{"index":"index","follow":"follow","max-snippet":"max-snippet:-1","max-image-preview":"max-image-preview:large","max-video-preview":"max-video-preview:-1"},"canonical":"https:\/\/www.fundaciontriangle.org\/blog\/edadismo-como-evitar-la-discriminacion-en-el-reclutamiento\/","og_locale":"es_ES","og_type":"article","og_title":"Fundacion Selectiva","og_description":"Blog","og_url":"https:\/\/www.fundaciontriangle.org\/blog\/edadismo-como-evitar-la-discriminacion-en-el-reclutamiento\/","og_site_name":"Blog de Fundaci\u00f3n Triangle","article_published_time":"2019-04-24T07:20:21+00:00","article_modified_time":"2019-07-10T08:30:44+00:00","og_image":[{"width":1078,"height":593,"url":"https:\/\/www.fundaciontriangle.org\/blog\/wp-content\/uploads\/sites\/2\/2019\/04\/edadismo-disciminacion-reclutamiento-01.png","type":"image\/png"}],"author":"Admin","twitter_card":"summary_large_image","twitter_misc":{"Escrito por":"Admin","Tiempo de lectura":"9 minutos"},"schema":{"@context":"https:\/\/schema.org","@graph":[{"@type":"Article","@id":"https:\/\/www.fundaciontriangle.org\/blog\/edadismo-como-evitar-la-discriminacion-en-el-reclutamiento\/#article","isPartOf":{"@id":"https:\/\/www.fundaciontriangle.org\/blog\/edadismo-como-evitar-la-discriminacion-en-el-reclutamiento\/"},"author":{"name":"Admin","@id":"https:\/\/www.fundaciontriangle.org\/blog\/#\/schema\/person\/c4acdb9bfe5998701e5195e93e3bf579"},"headline":"Edadismo: C\u00f3mo evitar la discriminaci\u00f3n en el reclutamiento","datePublished":"2019-04-24T07:20:21+00:00","dateModified":"2019-07-10T08:30:44+00:00","mainEntityOfPage":{"@id":"https:\/\/www.fundaciontriangle.org\/blog\/edadismo-como-evitar-la-discriminacion-en-el-reclutamiento\/"},"wordCount":1720,"commentCount":1,"image":{"@id":"https:\/\/www.fundaciontriangle.org\/blog\/edadismo-como-evitar-la-discriminacion-en-el-reclutamiento\/#primaryimage"},"thumbnailUrl":"https:\/\/www.fundaciontriangle.org\/blog\/wp-content\/uploads\/sites\/2\/2019\/04\/edadismo-disciminacion-reclutamiento-01.png","articleSection":["Talento S\u00e9nior"],"inLanguage":"es","potentialAction":[{"@type":"CommentAction","name":"Comment","target":["https:\/\/www.fundaciontriangle.org\/blog\/edadismo-como-evitar-la-discriminacion-en-el-reclutamiento\/#respond"]}]},{"@type":"WebPage","@id":"https:\/\/www.fundaciontriangle.org\/blog\/edadismo-como-evitar-la-discriminacion-en-el-reclutamiento\/","url":"https:\/\/www.fundaciontriangle.org\/blog\/edadismo-como-evitar-la-discriminacion-en-el-reclutamiento\/","name":"Edadismo: C\u00f3mo evitar la discriminaci\u00f3n en el reclutamiento - Blog de Fundaci\u00f3n Triangle","isPartOf":{"@id":"https:\/\/www.fundaciontriangle.org\/blog\/#website"},"primaryImageOfPage":{"@id":"https:\/\/www.fundaciontriangle.org\/blog\/edadismo-como-evitar-la-discriminacion-en-el-reclutamiento\/#primaryimage"},"image":{"@id":"https:\/\/www.fundaciontriangle.org\/blog\/edadismo-como-evitar-la-discriminacion-en-el-reclutamiento\/#primaryimage"},"thumbnailUrl":"https:\/\/www.fundaciontriangle.org\/blog\/wp-content\/uploads\/sites\/2\/2019\/04\/edadismo-disciminacion-reclutamiento-01.png","datePublished":"2019-04-24T07:20:21+00:00","dateModified":"2019-07-10T08:30:44+00:00","author":{"@id":"https:\/\/www.fundaciontriangle.org\/blog\/#\/schema\/person\/c4acdb9bfe5998701e5195e93e3bf579"},"description":"Para luchar contra el Edadismo podemos trabajar en todas las fases de la carrera profesional, la primera en el reclutamiento.","inLanguage":"es","potentialAction":[{"@type":"ReadAction","target":["https:\/\/www.fundaciontriangle.org\/blog\/edadismo-como-evitar-la-discriminacion-en-el-reclutamiento\/"]}]},{"@type":"ImageObject","inLanguage":"es","@id":"https:\/\/www.fundaciontriangle.org\/blog\/edadismo-como-evitar-la-discriminacion-en-el-reclutamiento\/#primaryimage","url":"https:\/\/www.fundaciontriangle.org\/blog\/wp-content\/uploads\/sites\/2\/2019\/04\/edadismo-disciminacion-reclutamiento-01.png","contentUrl":"https:\/\/www.fundaciontriangle.org\/blog\/wp-content\/uploads\/sites\/2\/2019\/04\/edadismo-disciminacion-reclutamiento-01.png","width":1078,"height":593},{"@type":"WebSite","@id":"https:\/\/www.fundaciontriangle.org\/blog\/#website","url":"https:\/\/www.fundaciontriangle.org\/blog\/","name":"Blog de Fundaci\u00f3n Triangle","description":"Hablamos talento s\u00e9nior, diversidad, edadismo, igualdad de oportunidades, trabajo digno, alianzas, entornos de trabajo, recursos humanos. De la gesti\u00f3n de la diversidad, del talento y la experiencia de las personas, de lo que aportan a las empresas.","potentialAction":[{"@type":"SearchAction","target":{"@type":"EntryPoint","urlTemplate":"https:\/\/www.fundaciontriangle.org\/blog\/?s={search_term_string}"},"query-input":{"@type":"PropertyValueSpecification","valueRequired":true,"valueName":"search_term_string"}}],"inLanguage":"es"},{"@type":"Person","@id":"https:\/\/www.fundaciontriangle.org\/blog\/#\/schema\/person\/c4acdb9bfe5998701e5195e93e3bf579","name":"Admin","image":{"@type":"ImageObject","inLanguage":"es","@id":"https:\/\/www.fundaciontriangle.org\/blog\/#\/schema\/person\/image\/","url":"https:\/\/secure.gravatar.com\/avatar\/639dfb27e51a4baf887721ba49ad906aa378fe5130c9cfa9ca94c4bf967b0c66?s=96&d=mm&r=g","contentUrl":"https:\/\/secure.gravatar.com\/avatar\/639dfb27e51a4baf887721ba49ad906aa378fe5130c9cfa9ca94c4bf967b0c66?s=96&d=mm&r=g","caption":"Admin"}}]}},"_links":{"self":[{"href":"https:\/\/www.fundaciontriangle.org\/blog\/wp-json\/wp\/v2\/posts\/243","targetHints":{"allow":["GET"]}}],"collection":[{"href":"https:\/\/www.fundaciontriangle.org\/blog\/wp-json\/wp\/v2\/posts"}],"about":[{"href":"https:\/\/www.fundaciontriangle.org\/blog\/wp-json\/wp\/v2\/types\/post"}],"author":[{"embeddable":true,"href":"https:\/\/www.fundaciontriangle.org\/blog\/wp-json\/wp\/v2\/users\/2"}],"replies":[{"embeddable":true,"href":"https:\/\/www.fundaciontriangle.org\/blog\/wp-json\/wp\/v2\/comments?post=243"}],"version-history":[{"count":6,"href":"https:\/\/www.fundaciontriangle.org\/blog\/wp-json\/wp\/v2\/posts\/243\/revisions"}],"predecessor-version":[{"id":269,"href":"https:\/\/www.fundaciontriangle.org\/blog\/wp-json\/wp\/v2\/posts\/243\/revisions\/269"}],"wp:featuredmedia":[{"embeddable":true,"href":"https:\/\/www.fundaciontriangle.org\/blog\/wp-json\/wp\/v2\/media\/236"}],"wp:attachment":[{"href":"https:\/\/www.fundaciontriangle.org\/blog\/wp-json\/wp\/v2\/media?parent=243"}],"wp:term":[{"taxonomy":"category","embeddable":true,"href":"https:\/\/www.fundaciontriangle.org\/blog\/wp-json\/wp\/v2\/categories?post=243"},{"taxonomy":"post_tag","embeddable":true,"href":"https:\/\/www.fundaciontriangle.org\/blog\/wp-json\/wp\/v2\/tags?post=243"}],"curies":[{"name":"wp","href":"https:\/\/api.w.org\/{rel}","templated":true}]}}