{"id":186,"date":"2019-03-06T08:51:10","date_gmt":"2019-03-06T07:51:10","guid":{"rendered":"http:\/\/www.fundaciontriangle.org\/blog\/?p=186"},"modified":"2019-07-10T09:45:30","modified_gmt":"2019-07-10T08:45:30","slug":"5-razones-para-contratar-talento-senior","status":"publish","type":"post","link":"https:\/\/www.fundaciontriangle.org\/blog\/5-razones-para-contratar-talento-senior\/","title":{"rendered":"5 razones para contratar talento s\u00e9nior"},"content":{"rendered":"\r\n<h2 class=\"wp-block-heading\">Talento s\u00e9nior, bendita experiencia, madurez y vitalidad.<\/h2>\r\n\r\n\r\n\r\n<p>\u00bfA quienes se los considera talento s\u00e9nior en el \u00e1mbito laboral? Bajo este concepto se etiqueta a los trabajadores mayores de 45 a\u00f1os.<\/p>\r\n\r\n\r\n\r\n<p>Y hablamos de etiquetas porque parece ser que cumplir a\u00f1os, no est\u00e1 bien visto dentro de las organizaciones, ni para un profesional que se encuentra en paro y quiere reanudar su vida laboral. La esperanza de vida ha aumentado y las empresas deben ser conscientes de ello.<\/p>\r\n\r\n\r\n\r\n<p>En la Edad Media una persona viv\u00eda hasta los 45 a\u00f1os. Actualmente, una persona con esa edad comienza a vivir.<\/p>\r\n\r\n\r\n\r\n<p>La nueva madurez, que supone que alarga el ciclo vital, hace que las personas de m\u00e1s de 45 a\u00f1os gocen de buena salud y est\u00e9n llenos de energ\u00eda. Adem\u00e1s, suman experiencia de vida y profesionalidad al puesto de trabajo.<\/p>\r\n\r\n\r\n\r\n<p>La sociedad espa\u00f1ola est\u00e1 cada vez m\u00e1s envejecida. En Espa\u00f1a, 2017 fue el a\u00f1o con menor tasa de nacimientos desde 1999. Nacen 1.3 ni\u00f1os, cuando 2,1 es lo que asegurar\u00eda el relevo generacional.<\/p>\r\n\r\n\r\n\r\n<p>1 de cada 4 habitantes en Espa\u00f1a tendr\u00e1 m\u00e1s de 65 a\u00f1os en 2031. Este cambio demogr\u00e1fico hace que el mercado laboral comience a plantearse c\u00f3mo debe gestionarse el talento s\u00e9nior. Romper con los prejuicios que recaen sobre los trabajadores veteranos, tales como la falta de motivaci\u00f3n, su incompetencia en temas tecnol\u00f3gicos, su incapacidad de adaptarse a los cambios dentro de la empresa, son solo mitos que socialmente debemos desterrar.<\/p>\r\n\r\n\r\n\r\n<p>La realidad es que aportan experiencia y conocimientos que otros colectivos m\u00e1s j\u00f3venes no tienen. Adem\u00e1s, j\u00f3venes y maduros, son colectivos de trabajadores que pueden coexistir perfectamente. Combinar las habilidades de ambos perfiles profesionales supone un gran paso para que la empresa consiga \u00e9xito en la gesti\u00f3n laboral.<\/p>\r\n\r\n\r\n\r\n<p>Es verdad que tener m\u00e1s de 45 a\u00f1os no garantiza que un trabajador est\u00e9 mejor capacitado o que tenga suficientes conocimientos. Tampoco es un motivo para excluir a la persona de procesos de selecci\u00f3n, prescindir de sus servicios o excluirla del mercado laboral.<\/p>\r\n\r\n\r\n\r\n<p>Como dijo Johannes Koettl, \u201cLos j\u00f3venes van m\u00e1s r\u00e1pido, pero los mayores conocen los atajos\u201d.<\/p>\r\n\r\n\r\n\r\n<p>Es una pena que las empresas crean que una persona de 50 a\u00f1os no aporta valor y se encuentra con un pie fuera del mercado de trabajo.<\/p>\r\n\r\n\r\n\r\n<p>Lamentablemente para personas de avanzada edad que han perdido sus empleos, las estad\u00edsticas no son muy alentadoras. El 56% de los parados de m\u00e1s de 45 a\u00f1os son desempleados de larga duraci\u00f3n.<\/p>\r\n\r\n\r\n\r\n<p>Estas cifras no deben ser desalentadoras, porque a pesar de ellas, el talento s\u00e9nior se sigue contratando.<\/p>\r\n\r\n\r\n\r\n<p>Los departamentos de Recursos Humanos son los responsables en las organizaciones de llevar a cabo nuevas pol\u00edticas de gesti\u00f3n de la edad.<\/p>\r\n\r\n\r\n\r\n<figure class=\"wp-block-image\"><img loading=\"lazy\" decoding=\"async\" width=\"1078\" height=\"593\" class=\"wp-image-185\" src=\"http:\/\/www.fundaciontriangle.org\/blog\/wp-content\/uploads\/sites\/2\/2019\/03\/razones-talento-senior-02.png\" alt=\"\" \/><\/figure>\r\n\r\n\r\n\r\n<p>El Age Management, como tambi\u00e9n se conoce a esta forma de gestionar edades, incluye todas las fases de diversidad generacional: Baby Boomers, Generaci\u00f3n X, Millennials o Centennials y debe comenzar desde el principio de la relaci\u00f3n laboral: en el proceso de selecci\u00f3n.<\/p>\r\n\r\n\r\n\r\n<p>A menudo, durante la entrevista de selecci\u00f3n es cuando los trabajadores mayores de 45 a\u00f1os son juzgados por su edad y en escasas ocasiones se los tiene en cuenta por su valor profesional.<\/p>\r\n\r\n\r\n\r\n<p>El 90% de las organizaciones carece de un plan de actuaci\u00f3n para sus trabajadores mayores, siendo vital que los recursos humanos comiencen a trabajar en ello.<\/p>\r\n\r\n\r\n\r\n<p>A los trabajadores seniors se los deber\u00eda apoyar desde las empresas en los siguientes temas:<\/p>\r\n\r\n\r\n\r\n<ol class=\"wp-block-list\">\r\n<li>Incluirlos para realizar una tarea m\u00e1s estimulante, que contenga un reto a conseguir.<\/li>\r\n<li>Que el trabajador s\u00e9nior proponga su punto de vista para la adecuada gesti\u00f3n de la tarea a realizar, aportando su know how basado en su experiencia.<\/li>\r\n<li>Favorecer la integraci\u00f3n entre los dem\u00e1s compa\u00f1eros.<\/li>\r\n<li>Incluirlos en programas de formaci\u00f3n que los ayuden a adquirir esas capacidades tecnol\u00f3gicas que quiz\u00e1 no tienen.<\/li>\r\n<li>Potenciar el intercambio de conocimientos con los empleados m\u00e1s j\u00f3venes de la compa\u00f1\u00eda.<\/li>\r\n<li>Ofrecer un feedback de posibles mejoras y de afirmaci\u00f3n de los aspectos positivos sobre la realizaci\u00f3n de sus tareas.<\/li>\r\n<li>Disponer de flexibilidad laboral para una reconciliaci\u00f3n laboral, en el caso que sea un trabajador que sea un parado de larga duraci\u00f3n.<\/li>\r\n<li>Ofrecer compensaci\u00f3n y beneficios para motivarlos.<\/li>\r\n<\/ol>\r\n\r\n\r\n\r\n<p>\u00bfPor qu\u00e9 es importante aprovechar el valor del <a href=\"https:\/\/selectiva.es\/valor-talento-senior\/  \">talento s\u00e9nior<\/a>?<\/p>\r\n\r\n\r\n\r\n<ol class=\"wp-block-list\">\r\n<li>Los trabajadores mayores gozan de buen estado de salud y lucidez mental. En el pasado una persona con 50 o 60 a\u00f1os era un abuelito o una abuelita que comenzaba a tener problemas de movilidad.<\/li>\r\n<\/ol>\r\n\r\n\r\n\r\n<p>Hoy en d\u00eda las personas cuidan m\u00e1s su alimentaci\u00f3n y su estado f\u00edsico. Tambi\u00e9n, realizan tareas menos forzosas que los antepasados y ello hace que se conserven m\u00e1s j\u00f3venes.<\/p>\r\n\r\n\r\n\r\n<p>Entre los 45 y 55 a\u00f1os es cuando comienzan a realizar deportes para asegurarse un envejecimiento activo y saludable. Realizar actividades les permite mantener una lucidez mental pr\u00e1cticamente impecable, que hace que est\u00e9n m\u00e1s enfocados a la hora de trabajar.<\/p>\r\n\r\n\r\n\r\n<ul class=\"wp-block-list\">\r\n<li>El talento s\u00e9nior sabe de \u00e9xitos y fracasos.<\/li>\r\n<\/ul>\r\n\r\n\r\n\r\n<p>Los trabajadores mayores han pasado por varios estadios en su vida que les permiten adaptarse mejor a los \u00e9xitos y a los fracasos.<\/p>\r\n\r\n\r\n\r\n<ul class=\"wp-block-list\">\r\n<li>Los empleados maduros poseen cultura del esfuerzo.<\/li>\r\n<\/ul>\r\n\r\n\r\n\r\n<p>El talento s\u00e9nior sabe esforzarse, nada le ha venido de arriba. Su inclusi\u00f3n en la empresa puede ayudar a que los empleados m\u00e1s j\u00f3venes conozcan que merece la pena esforzarse para conseguir las metas que se propongan o los objetivos que les plantee la organizaci\u00f3n.<\/p>\r\n\r\n\r\n\r\n<p>Los empleados con m\u00e1s edad poseen disciplina y car\u00e1cter para enfrentarse a un nuevo desaf\u00edo.<\/p>\r\n\r\n\r\n\r\n<ul class=\"wp-block-list\">\r\n<li>El capital humano s\u00e9nior conoce la palabra empat\u00eda.<\/li>\r\n<\/ul>\r\n\r\n\r\n\r\n<p>Fruto de las numerosas relaciones que han vivido en su larga historia laboral, saben ponerse en el lugar del otro. La empat\u00eda sirve para mantener un buen clima laboral donde impere la productividad.<\/p>\r\n\r\n\r\n\r\n<ul class=\"wp-block-list\">\r\n<li>El talento s\u00e9nior posee habilidades que quienes reci\u00e9n comienzan a trabajar no tienen. Hay que ser realista, los j\u00f3venes son muy buenos en temas relacionados con la tecnolog\u00eda, pero en capacidad de negociaci\u00f3n, lealtad a la empresa y conocimiento del mercado, lo m\u00e1s probable es que suspendan.<\/li>\r\n<\/ul>\r\n\r\n\r\n\r\n<p>Con esto no queremos decir que un colectivo sea mejor que otro, sino que es hora de que se les otorgue a los trabajadores mayores de 45 a\u00f1os el valor que tienen, incluy\u00e9ndolos dentro de las tareas que pueden realizar sin inconvenientes y formarlos cuando se necesite adaptarlos al puesto. \u00bfQu\u00e9 porcentaje de trabajadores s\u00e9nior hay en tu empresa? Desde Fundaci\u00f3n Selectiva trabajamos para mejorar la empleabilidad de las personas, ayudando a que se las valore por sus capacidades, sin tener en cuenta su edad. Si necesitas trabajadores seniors en tu plantilla contacta con <a href=\"http:\/\/www.fundaciontriangle.org\/contacto\/ \">nosotros<\/a>.<\/p>\r\n","protected":false},"excerpt":{"rendered":"<p>Talento s\u00e9nior, bendita experiencia, madurez y vitalidad. \u00bfA quienes se los considera talento s\u00e9nior en el \u00e1mbito laboral? Bajo&hellip;<\/p>\n","protected":false},"author":2,"featured_media":184,"comment_status":"open","ping_status":"open","sticky":false,"template":"","format":"standard","meta":{"_monsterinsights_skip_tracking":false,"_monsterinsights_sitenote_active":false,"_monsterinsights_sitenote_note":"","_monsterinsights_sitenote_category":0,"footnotes":""},"categories":[3],"tags":[],"class_list":["post-186","post","type-post","status-publish","format-standard","has-post-thumbnail","hentry","category-talento-senior"],"yoast_head":"<!-- This site is optimized with the Yoast SEO plugin v27.0 - https:\/\/yoast.com\/product\/yoast-seo-wordpress\/ -->\n<title>5 razones para contratar talento s\u00e9nior - Blog de Fundaci\u00f3n Triangle<\/title>\n<meta name=\"description\" content=\"Conoce 5 razones para contratar talento s\u00e9nior, qu\u00e9 puede aportar a la diversidad de la plantilla, sus habilidades y conocimientos\" \/>\n<meta name=\"robots\" content=\"index, follow, max-snippet:-1, max-image-preview:large, max-video-preview:-1\" \/>\n<link rel=\"canonical\" href=\"https:\/\/www.fundaciontriangle.org\/blog\/5-razones-para-contratar-talento-senior\/\" \/>\n<meta property=\"og:locale\" content=\"es_ES\" \/>\n<meta property=\"og:type\" content=\"article\" \/>\n<meta property=\"og:title\" content=\"5 razones para contratar talento s\u00e9nior - Blog de Fundaci\u00f3n Triangle\" \/>\n<meta property=\"og:description\" content=\"Conoce 5 razones para contratar talento s\u00e9nior, qu\u00e9 puede aportar a la diversidad de la plantilla, sus habilidades y conocimientos\" \/>\n<meta property=\"og:url\" content=\"https:\/\/www.fundaciontriangle.org\/blog\/5-razones-para-contratar-talento-senior\/\" \/>\n<meta property=\"og:site_name\" content=\"Blog de Fundaci\u00f3n Triangle\" \/>\n<meta property=\"article:published_time\" content=\"2019-03-06T07:51:10+00:00\" \/>\n<meta property=\"article:modified_time\" content=\"2019-07-10T08:45:30+00:00\" \/>\n<meta property=\"og:image\" content=\"https:\/\/www.fundaciontriangle.org\/blog\/wp-content\/uploads\/sites\/2\/2019\/03\/razones-talento-senior-01.png\" \/>\n\t<meta property=\"og:image:width\" content=\"1078\" \/>\n\t<meta property=\"og:image:height\" content=\"593\" \/>\n\t<meta property=\"og:image:type\" content=\"image\/png\" \/>\n<meta name=\"author\" content=\"Admin\" \/>\n<meta name=\"twitter:card\" content=\"summary_large_image\" \/>\n<meta name=\"twitter:label1\" content=\"Escrito por\" \/>\n\t<meta name=\"twitter:data1\" content=\"Admin\" \/>\n\t<meta name=\"twitter:label2\" content=\"Tiempo de lectura\" \/>\n\t<meta name=\"twitter:data2\" content=\"6 minutos\" \/>\n<script type=\"application\/ld+json\" class=\"yoast-schema-graph\">{\"@context\":\"https:\/\/schema.org\",\"@graph\":[{\"@type\":\"Article\",\"@id\":\"https:\/\/www.fundaciontriangle.org\/blog\/5-razones-para-contratar-talento-senior\/#article\",\"isPartOf\":{\"@id\":\"https:\/\/www.fundaciontriangle.org\/blog\/5-razones-para-contratar-talento-senior\/\"},\"author\":{\"name\":\"Admin\",\"@id\":\"https:\/\/www.fundaciontriangle.org\/blog\/#\/schema\/person\/c4acdb9bfe5998701e5195e93e3bf579\"},\"headline\":\"5 razones para contratar talento s\u00e9nior\",\"datePublished\":\"2019-03-06T07:51:10+00:00\",\"dateModified\":\"2019-07-10T08:45:30+00:00\",\"mainEntityOfPage\":{\"@id\":\"https:\/\/www.fundaciontriangle.org\/blog\/5-razones-para-contratar-talento-senior\/\"},\"wordCount\":1164,\"commentCount\":2,\"image\":{\"@id\":\"https:\/\/www.fundaciontriangle.org\/blog\/5-razones-para-contratar-talento-senior\/#primaryimage\"},\"thumbnailUrl\":\"https:\/\/www.fundaciontriangle.org\/blog\/wp-content\/uploads\/sites\/2\/2019\/03\/razones-talento-senior-01.png\",\"articleSection\":[\"Talento S\u00e9nior\"],\"inLanguage\":\"es\",\"potentialAction\":[{\"@type\":\"CommentAction\",\"name\":\"Comment\",\"target\":[\"https:\/\/www.fundaciontriangle.org\/blog\/5-razones-para-contratar-talento-senior\/#respond\"]}]},{\"@type\":\"WebPage\",\"@id\":\"https:\/\/www.fundaciontriangle.org\/blog\/5-razones-para-contratar-talento-senior\/\",\"url\":\"https:\/\/www.fundaciontriangle.org\/blog\/5-razones-para-contratar-talento-senior\/\",\"name\":\"5 razones para contratar talento s\u00e9nior - Blog de Fundaci\u00f3n Triangle\",\"isPartOf\":{\"@id\":\"https:\/\/www.fundaciontriangle.org\/blog\/#website\"},\"primaryImageOfPage\":{\"@id\":\"https:\/\/www.fundaciontriangle.org\/blog\/5-razones-para-contratar-talento-senior\/#primaryimage\"},\"image\":{\"@id\":\"https:\/\/www.fundaciontriangle.org\/blog\/5-razones-para-contratar-talento-senior\/#primaryimage\"},\"thumbnailUrl\":\"https:\/\/www.fundaciontriangle.org\/blog\/wp-content\/uploads\/sites\/2\/2019\/03\/razones-talento-senior-01.png\",\"datePublished\":\"2019-03-06T07:51:10+00:00\",\"dateModified\":\"2019-07-10T08:45:30+00:00\",\"author\":{\"@id\":\"https:\/\/www.fundaciontriangle.org\/blog\/#\/schema\/person\/c4acdb9bfe5998701e5195e93e3bf579\"},\"description\":\"Conoce 5 razones para contratar talento s\u00e9nior, qu\u00e9 puede aportar a la diversidad de la plantilla, sus habilidades y conocimientos\",\"inLanguage\":\"es\",\"potentialAction\":[{\"@type\":\"ReadAction\",\"target\":[\"https:\/\/www.fundaciontriangle.org\/blog\/5-razones-para-contratar-talento-senior\/\"]}]},{\"@type\":\"ImageObject\",\"inLanguage\":\"es\",\"@id\":\"https:\/\/www.fundaciontriangle.org\/blog\/5-razones-para-contratar-talento-senior\/#primaryimage\",\"url\":\"https:\/\/www.fundaciontriangle.org\/blog\/wp-content\/uploads\/sites\/2\/2019\/03\/razones-talento-senior-01.png\",\"contentUrl\":\"https:\/\/www.fundaciontriangle.org\/blog\/wp-content\/uploads\/sites\/2\/2019\/03\/razones-talento-senior-01.png\",\"width\":1078,\"height\":593},{\"@type\":\"WebSite\",\"@id\":\"https:\/\/www.fundaciontriangle.org\/blog\/#website\",\"url\":\"https:\/\/www.fundaciontriangle.org\/blog\/\",\"name\":\"Blog de Fundaci\u00f3n Triangle\",\"description\":\"Hablamos talento s\u00e9nior, diversidad, edadismo, igualdad de oportunidades, trabajo digno, alianzas, entornos de trabajo, recursos humanos. De la gesti\u00f3n de la diversidad, del talento y la experiencia de las personas, de lo que aportan a las empresas.\",\"potentialAction\":[{\"@type\":\"SearchAction\",\"target\":{\"@type\":\"EntryPoint\",\"urlTemplate\":\"https:\/\/www.fundaciontriangle.org\/blog\/?s={search_term_string}\"},\"query-input\":{\"@type\":\"PropertyValueSpecification\",\"valueRequired\":true,\"valueName\":\"search_term_string\"}}],\"inLanguage\":\"es\"},{\"@type\":\"Person\",\"@id\":\"https:\/\/www.fundaciontriangle.org\/blog\/#\/schema\/person\/c4acdb9bfe5998701e5195e93e3bf579\",\"name\":\"Admin\",\"image\":{\"@type\":\"ImageObject\",\"inLanguage\":\"es\",\"@id\":\"https:\/\/www.fundaciontriangle.org\/blog\/#\/schema\/person\/image\/\",\"url\":\"https:\/\/secure.gravatar.com\/avatar\/639dfb27e51a4baf887721ba49ad906aa378fe5130c9cfa9ca94c4bf967b0c66?s=96&d=mm&r=g\",\"contentUrl\":\"https:\/\/secure.gravatar.com\/avatar\/639dfb27e51a4baf887721ba49ad906aa378fe5130c9cfa9ca94c4bf967b0c66?s=96&d=mm&r=g\",\"caption\":\"Admin\"}}]}<\/script>\n<!-- \/ Yoast SEO plugin. -->","yoast_head_json":{"title":"5 razones para contratar talento s\u00e9nior - Blog de Fundaci\u00f3n Triangle","description":"Conoce 5 razones para contratar talento s\u00e9nior, qu\u00e9 puede aportar a la diversidad de la plantilla, sus habilidades y conocimientos","robots":{"index":"index","follow":"follow","max-snippet":"max-snippet:-1","max-image-preview":"max-image-preview:large","max-video-preview":"max-video-preview:-1"},"canonical":"https:\/\/www.fundaciontriangle.org\/blog\/5-razones-para-contratar-talento-senior\/","og_locale":"es_ES","og_type":"article","og_title":"5 razones para contratar talento s\u00e9nior - Blog de Fundaci\u00f3n Triangle","og_description":"Conoce 5 razones para contratar talento s\u00e9nior, qu\u00e9 puede aportar a la diversidad de la plantilla, sus habilidades y conocimientos","og_url":"https:\/\/www.fundaciontriangle.org\/blog\/5-razones-para-contratar-talento-senior\/","og_site_name":"Blog de Fundaci\u00f3n Triangle","article_published_time":"2019-03-06T07:51:10+00:00","article_modified_time":"2019-07-10T08:45:30+00:00","og_image":[{"width":1078,"height":593,"url":"https:\/\/www.fundaciontriangle.org\/blog\/wp-content\/uploads\/sites\/2\/2019\/03\/razones-talento-senior-01.png","type":"image\/png"}],"author":"Admin","twitter_card":"summary_large_image","twitter_misc":{"Escrito por":"Admin","Tiempo de lectura":"6 minutos"},"schema":{"@context":"https:\/\/schema.org","@graph":[{"@type":"Article","@id":"https:\/\/www.fundaciontriangle.org\/blog\/5-razones-para-contratar-talento-senior\/#article","isPartOf":{"@id":"https:\/\/www.fundaciontriangle.org\/blog\/5-razones-para-contratar-talento-senior\/"},"author":{"name":"Admin","@id":"https:\/\/www.fundaciontriangle.org\/blog\/#\/schema\/person\/c4acdb9bfe5998701e5195e93e3bf579"},"headline":"5 razones para contratar talento s\u00e9nior","datePublished":"2019-03-06T07:51:10+00:00","dateModified":"2019-07-10T08:45:30+00:00","mainEntityOfPage":{"@id":"https:\/\/www.fundaciontriangle.org\/blog\/5-razones-para-contratar-talento-senior\/"},"wordCount":1164,"commentCount":2,"image":{"@id":"https:\/\/www.fundaciontriangle.org\/blog\/5-razones-para-contratar-talento-senior\/#primaryimage"},"thumbnailUrl":"https:\/\/www.fundaciontriangle.org\/blog\/wp-content\/uploads\/sites\/2\/2019\/03\/razones-talento-senior-01.png","articleSection":["Talento S\u00e9nior"],"inLanguage":"es","potentialAction":[{"@type":"CommentAction","name":"Comment","target":["https:\/\/www.fundaciontriangle.org\/blog\/5-razones-para-contratar-talento-senior\/#respond"]}]},{"@type":"WebPage","@id":"https:\/\/www.fundaciontriangle.org\/blog\/5-razones-para-contratar-talento-senior\/","url":"https:\/\/www.fundaciontriangle.org\/blog\/5-razones-para-contratar-talento-senior\/","name":"5 razones para contratar talento s\u00e9nior - Blog de Fundaci\u00f3n Triangle","isPartOf":{"@id":"https:\/\/www.fundaciontriangle.org\/blog\/#website"},"primaryImageOfPage":{"@id":"https:\/\/www.fundaciontriangle.org\/blog\/5-razones-para-contratar-talento-senior\/#primaryimage"},"image":{"@id":"https:\/\/www.fundaciontriangle.org\/blog\/5-razones-para-contratar-talento-senior\/#primaryimage"},"thumbnailUrl":"https:\/\/www.fundaciontriangle.org\/blog\/wp-content\/uploads\/sites\/2\/2019\/03\/razones-talento-senior-01.png","datePublished":"2019-03-06T07:51:10+00:00","dateModified":"2019-07-10T08:45:30+00:00","author":{"@id":"https:\/\/www.fundaciontriangle.org\/blog\/#\/schema\/person\/c4acdb9bfe5998701e5195e93e3bf579"},"description":"Conoce 5 razones para contratar talento s\u00e9nior, qu\u00e9 puede aportar a la diversidad de la plantilla, sus habilidades y conocimientos","inLanguage":"es","potentialAction":[{"@type":"ReadAction","target":["https:\/\/www.fundaciontriangle.org\/blog\/5-razones-para-contratar-talento-senior\/"]}]},{"@type":"ImageObject","inLanguage":"es","@id":"https:\/\/www.fundaciontriangle.org\/blog\/5-razones-para-contratar-talento-senior\/#primaryimage","url":"https:\/\/www.fundaciontriangle.org\/blog\/wp-content\/uploads\/sites\/2\/2019\/03\/razones-talento-senior-01.png","contentUrl":"https:\/\/www.fundaciontriangle.org\/blog\/wp-content\/uploads\/sites\/2\/2019\/03\/razones-talento-senior-01.png","width":1078,"height":593},{"@type":"WebSite","@id":"https:\/\/www.fundaciontriangle.org\/blog\/#website","url":"https:\/\/www.fundaciontriangle.org\/blog\/","name":"Blog de Fundaci\u00f3n Triangle","description":"Hablamos talento s\u00e9nior, diversidad, edadismo, igualdad de oportunidades, trabajo digno, alianzas, entornos de trabajo, recursos humanos. De la gesti\u00f3n de la diversidad, del talento y la experiencia de las personas, de lo que aportan a las empresas.","potentialAction":[{"@type":"SearchAction","target":{"@type":"EntryPoint","urlTemplate":"https:\/\/www.fundaciontriangle.org\/blog\/?s={search_term_string}"},"query-input":{"@type":"PropertyValueSpecification","valueRequired":true,"valueName":"search_term_string"}}],"inLanguage":"es"},{"@type":"Person","@id":"https:\/\/www.fundaciontriangle.org\/blog\/#\/schema\/person\/c4acdb9bfe5998701e5195e93e3bf579","name":"Admin","image":{"@type":"ImageObject","inLanguage":"es","@id":"https:\/\/www.fundaciontriangle.org\/blog\/#\/schema\/person\/image\/","url":"https:\/\/secure.gravatar.com\/avatar\/639dfb27e51a4baf887721ba49ad906aa378fe5130c9cfa9ca94c4bf967b0c66?s=96&d=mm&r=g","contentUrl":"https:\/\/secure.gravatar.com\/avatar\/639dfb27e51a4baf887721ba49ad906aa378fe5130c9cfa9ca94c4bf967b0c66?s=96&d=mm&r=g","caption":"Admin"}}]}},"_links":{"self":[{"href":"https:\/\/www.fundaciontriangle.org\/blog\/wp-json\/wp\/v2\/posts\/186","targetHints":{"allow":["GET"]}}],"collection":[{"href":"https:\/\/www.fundaciontriangle.org\/blog\/wp-json\/wp\/v2\/posts"}],"about":[{"href":"https:\/\/www.fundaciontriangle.org\/blog\/wp-json\/wp\/v2\/types\/post"}],"author":[{"embeddable":true,"href":"https:\/\/www.fundaciontriangle.org\/blog\/wp-json\/wp\/v2\/users\/2"}],"replies":[{"embeddable":true,"href":"https:\/\/www.fundaciontriangle.org\/blog\/wp-json\/wp\/v2\/comments?post=186"}],"version-history":[{"count":4,"href":"https:\/\/www.fundaciontriangle.org\/blog\/wp-json\/wp\/v2\/posts\/186\/revisions"}],"predecessor-version":[{"id":343,"href":"https:\/\/www.fundaciontriangle.org\/blog\/wp-json\/wp\/v2\/posts\/186\/revisions\/343"}],"wp:featuredmedia":[{"embeddable":true,"href":"https:\/\/www.fundaciontriangle.org\/blog\/wp-json\/wp\/v2\/media\/184"}],"wp:attachment":[{"href":"https:\/\/www.fundaciontriangle.org\/blog\/wp-json\/wp\/v2\/media?parent=186"}],"wp:term":[{"taxonomy":"category","embeddable":true,"href":"https:\/\/www.fundaciontriangle.org\/blog\/wp-json\/wp\/v2\/categories?post=186"},{"taxonomy":"post_tag","embeddable":true,"href":"https:\/\/www.fundaciontriangle.org\/blog\/wp-json\/wp\/v2\/tags?post=186"}],"curies":[{"name":"wp","href":"https:\/\/api.w.org\/{rel}","templated":true}]}}