{"id":106,"date":"2019-02-06T09:01:43","date_gmt":"2019-02-06T08:01:43","guid":{"rendered":"http:\/\/www.fundaciontriangle.org\/blog\/?p=106"},"modified":"2019-07-10T10:38:50","modified_gmt":"2019-07-10T09:38:50","slug":"diversidad-generacional-cuando-las-diferencias-suman","status":"publish","type":"post","link":"https:\/\/www.fundaciontriangle.org\/blog\/diversidad-generacional-cuando-las-diferencias-suman\/","title":{"rendered":"Diversidad generacional, cuando las diferencias suman"},"content":{"rendered":"<p>En anteriores entradas de este blog ya hemos hablado del concepto de diversidad generacional y de lo importante que es para las empresas saber gestionarla si no quieren quedarse atr\u00e1s. Ahora vamos a profundizar en las caracter\u00edsticas que definen a cada una de las cuatro generaciones que hoy en d\u00eda tienen que trabajar en el mismo espacio dentro de una compa\u00f1\u00eda, as\u00ed como de los beneficios que se obtienen de esta convivencia.<\/p>\n<h2>Los Baby boomers<\/h2>\n<p>En primer lugar, nos encontramos con los Baby boomers, nacidos entre 1946 y 1964 y cuyo nombre se debe al boom demogr\u00e1fico despu\u00e9s de la Segunda Guerra Mundial. La tecnolog\u00eda no tuvo importancia en su adolescencia y juventud y crecieron con los tel\u00e9fonos fijos, la televisi\u00f3n y la radio. En cuanto a su comportamiento en el trabajo, son comprometidos, cuentan con mucha experiencia y est\u00e1n preocupados por su jubilaci\u00f3n.<\/p>\n<h2>La Generaci\u00f3n X<\/h2>\n<p>La Generaci\u00f3n X, en segundo lugar, corresponde a los nacidos entre 1965 y 1981. Es la primera generaci\u00f3n m\u00e1s preparada, ya que muchos cuentan con estudios universitarios, y son una bisagra entre los Baby boomers y los Millenians. Vivieron el primer env\u00edo de un mensaje de correo electr\u00f3nico y la aparici\u00f3n del primer m\u00f3vil. Tambi\u00e9n son comprometidos, exigentes y ocupan puestos de liderazgo.<\/p>\n<h2>Los Millennials o Generaci\u00f3n Y<\/h2>\n<p>La tercera generaci\u00f3n son los Millennials o Generaci\u00f3n Y, nacidos entre 1982 y 1994. Se incorporaron al mercado laboral en plena crisis econ\u00f3mica y han crecido con la explosi\u00f3n de Internet. Son inconformistas, apasionados, exigen cambios en el sistema laboral y est\u00e1n muy cualificados.<\/p>\n<h2>Los Centennials o La Generaci\u00f3n X<\/h2>\n<p>La \u00faltima, los Centennials o la Generaci\u00f3n X son los nacidos a partir de 1995, por lo que Internet siempre ha estado en sus vidas. Acaban de incorporarse al mercado laboral y se parecen mucho a sus predecesores en cuanto a su ambici\u00f3n y ganas de transformaciones. Adem\u00e1s son los m\u00e1s autodidactas y abiertos.<\/p>\n<p>A pesar de las diferencias de todas estas generaciones, son muchas las ventajas que se pueden obtener de trabajar juntos. Por ejemplo, gracias a los seniors los m\u00e1s juniors pueden aprender lo importante que es la lealtad, el compromiso y los beneficios de permanecer en una compa\u00f1\u00eda durante un largo tiempo. Los m\u00e1s mayores tambi\u00e9n les pueden ense\u00f1ar, por la experiencia que tienen, a tener m\u00e1s capacidad de resiliencia y a gestionar su tiempo.<\/p>\n<p>Por su parte, los j\u00f3venes son un puente para el cambio y pueden ayudar a los m\u00e1s mayores a entender los beneficios de la flexibilidad y la transversalidad a la hora de trabajar. Los j\u00f3venes no quieren un puesto est\u00e1tico donde siempre hacen lo mismo, sino que desean trabajar por proyectos seg\u00fan sus habilidades, es decir, desarrollar varias tareas. Por tanto, pueden asesorar a los m\u00e1s mayores para que cambien su mentalidad, m\u00e1s tradicional. Tambi\u00e9n les pueden ense\u00f1ar que las jerarqu\u00edas no son importantes para el buen funcionamiento de la empresa y orientarles con las nuevas tecnolog\u00edas. Adem\u00e1s, aportan entusiasmo y actitud positiva.<\/p>\n<p>As\u00ed, existe una mentor\u00eda mutua entre seniors y juniors, por lo que todos aprenden de todos. Est\u00e1 claro que las diferencias no son un obst\u00e1culo, sino un valor a\u00f1adido. Las diferencias suman.<\/p>\n","protected":false},"excerpt":{"rendered":"<p>En anteriores entradas de este blog ya hemos hablado del concepto de diversidad generacional y de lo importante que&hellip;<\/p>\n","protected":false},"author":2,"featured_media":107,"comment_status":"open","ping_status":"open","sticky":false,"template":"","format":"standard","meta":{"_monsterinsights_skip_tracking":false,"_monsterinsights_sitenote_active":false,"_monsterinsights_sitenote_note":"","_monsterinsights_sitenote_category":0,"footnotes":""},"categories":[4],"tags":[],"class_list":["post-106","post","type-post","status-publish","format-standard","has-post-thumbnail","hentry","category-diversidad-generacional"],"yoast_head":"<!-- This site is optimized with the Yoast SEO plugin v27.0 - https:\/\/yoast.com\/product\/yoast-seo-wordpress\/ -->\n<title>Diversidad generacional, cuando las diferencias suman - Blog de Fundaci\u00f3n Triangle<\/title>\n<meta name=\"description\" content=\"Crear entornos de trabajo donde se respeten y cuiden las diferencias, esas diferencias que suman y aportan a la empresas si se gestiona correctamente.\" \/>\n<meta name=\"robots\" content=\"index, follow, max-snippet:-1, max-image-preview:large, max-video-preview:-1\" \/>\n<link rel=\"canonical\" href=\"https:\/\/www.fundaciontriangle.org\/blog\/diversidad-generacional-cuando-las-diferencias-suman\/\" \/>\n<meta property=\"og:locale\" content=\"es_ES\" \/>\n<meta property=\"og:type\" content=\"article\" \/>\n<meta property=\"og:title\" content=\"Diversidad generacional, cuando las diferencias suman - Blog de Fundaci\u00f3n Triangle\" \/>\n<meta property=\"og:description\" content=\"Crear entornos de trabajo donde se respeten y cuiden las diferencias, esas diferencias que suman y aportan a la empresas si se gestiona correctamente.\" \/>\n<meta property=\"og:url\" content=\"https:\/\/www.fundaciontriangle.org\/blog\/diversidad-generacional-cuando-las-diferencias-suman\/\" \/>\n<meta property=\"og:site_name\" content=\"Blog de Fundaci\u00f3n Triangle\" \/>\n<meta property=\"article:published_time\" content=\"2019-02-06T08:01:43+00:00\" \/>\n<meta property=\"article:modified_time\" content=\"2019-07-10T09:38:50+00:00\" \/>\n<meta property=\"og:image\" content=\"https:\/\/www.fundaciontriangle.org\/blog\/wp-content\/uploads\/sites\/2\/2019\/01\/diferencias-suman-01.png\" \/>\n\t<meta property=\"og:image:width\" content=\"1078\" \/>\n\t<meta property=\"og:image:height\" content=\"593\" \/>\n\t<meta property=\"og:image:type\" content=\"image\/png\" \/>\n<meta name=\"author\" content=\"Admin\" \/>\n<meta name=\"twitter:card\" content=\"summary_large_image\" \/>\n<meta name=\"twitter:label1\" content=\"Escrito por\" \/>\n\t<meta name=\"twitter:data1\" content=\"Admin\" \/>\n\t<meta name=\"twitter:label2\" content=\"Tiempo de lectura\" \/>\n\t<meta name=\"twitter:data2\" content=\"3 minutos\" \/>\n<script type=\"application\/ld+json\" class=\"yoast-schema-graph\">{\"@context\":\"https:\/\/schema.org\",\"@graph\":[{\"@type\":\"Article\",\"@id\":\"https:\/\/www.fundaciontriangle.org\/blog\/diversidad-generacional-cuando-las-diferencias-suman\/#article\",\"isPartOf\":{\"@id\":\"https:\/\/www.fundaciontriangle.org\/blog\/diversidad-generacional-cuando-las-diferencias-suman\/\"},\"author\":{\"name\":\"Admin\",\"@id\":\"https:\/\/www.fundaciontriangle.org\/blog\/#\/schema\/person\/c4acdb9bfe5998701e5195e93e3bf579\"},\"headline\":\"Diversidad generacional, cuando las diferencias suman\",\"datePublished\":\"2019-02-06T08:01:43+00:00\",\"dateModified\":\"2019-07-10T09:38:50+00:00\",\"mainEntityOfPage\":{\"@id\":\"https:\/\/www.fundaciontriangle.org\/blog\/diversidad-generacional-cuando-las-diferencias-suman\/\"},\"wordCount\":579,\"commentCount\":0,\"image\":{\"@id\":\"https:\/\/www.fundaciontriangle.org\/blog\/diversidad-generacional-cuando-las-diferencias-suman\/#primaryimage\"},\"thumbnailUrl\":\"https:\/\/www.fundaciontriangle.org\/blog\/wp-content\/uploads\/sites\/2\/2019\/01\/diferencias-suman-01.png\",\"articleSection\":[\"Fundaci\u00f3n Triangle\"],\"inLanguage\":\"es\",\"potentialAction\":[{\"@type\":\"CommentAction\",\"name\":\"Comment\",\"target\":[\"https:\/\/www.fundaciontriangle.org\/blog\/diversidad-generacional-cuando-las-diferencias-suman\/#respond\"]}]},{\"@type\":\"WebPage\",\"@id\":\"https:\/\/www.fundaciontriangle.org\/blog\/diversidad-generacional-cuando-las-diferencias-suman\/\",\"url\":\"https:\/\/www.fundaciontriangle.org\/blog\/diversidad-generacional-cuando-las-diferencias-suman\/\",\"name\":\"Diversidad generacional, cuando las diferencias suman - Blog de Fundaci\u00f3n Triangle\",\"isPartOf\":{\"@id\":\"https:\/\/www.fundaciontriangle.org\/blog\/#website\"},\"primaryImageOfPage\":{\"@id\":\"https:\/\/www.fundaciontriangle.org\/blog\/diversidad-generacional-cuando-las-diferencias-suman\/#primaryimage\"},\"image\":{\"@id\":\"https:\/\/www.fundaciontriangle.org\/blog\/diversidad-generacional-cuando-las-diferencias-suman\/#primaryimage\"},\"thumbnailUrl\":\"https:\/\/www.fundaciontriangle.org\/blog\/wp-content\/uploads\/sites\/2\/2019\/01\/diferencias-suman-01.png\",\"datePublished\":\"2019-02-06T08:01:43+00:00\",\"dateModified\":\"2019-07-10T09:38:50+00:00\",\"author\":{\"@id\":\"https:\/\/www.fundaciontriangle.org\/blog\/#\/schema\/person\/c4acdb9bfe5998701e5195e93e3bf579\"},\"description\":\"Crear entornos de trabajo donde se respeten y cuiden las diferencias, esas diferencias que suman y aportan a la empresas si se gestiona correctamente.\",\"inLanguage\":\"es\",\"potentialAction\":[{\"@type\":\"ReadAction\",\"target\":[\"https:\/\/www.fundaciontriangle.org\/blog\/diversidad-generacional-cuando-las-diferencias-suman\/\"]}]},{\"@type\":\"ImageObject\",\"inLanguage\":\"es\",\"@id\":\"https:\/\/www.fundaciontriangle.org\/blog\/diversidad-generacional-cuando-las-diferencias-suman\/#primaryimage\",\"url\":\"https:\/\/www.fundaciontriangle.org\/blog\/wp-content\/uploads\/sites\/2\/2019\/01\/diferencias-suman-01.png\",\"contentUrl\":\"https:\/\/www.fundaciontriangle.org\/blog\/wp-content\/uploads\/sites\/2\/2019\/01\/diferencias-suman-01.png\",\"width\":1078,\"height\":593},{\"@type\":\"WebSite\",\"@id\":\"https:\/\/www.fundaciontriangle.org\/blog\/#website\",\"url\":\"https:\/\/www.fundaciontriangle.org\/blog\/\",\"name\":\"Blog de Fundaci\u00f3n Triangle\",\"description\":\"Hablamos talento s\u00e9nior, diversidad, edadismo, igualdad de oportunidades, trabajo digno, alianzas, entornos de trabajo, recursos humanos. De la gesti\u00f3n de la diversidad, del talento y la experiencia de las personas, de lo que aportan a las empresas.\",\"potentialAction\":[{\"@type\":\"SearchAction\",\"target\":{\"@type\":\"EntryPoint\",\"urlTemplate\":\"https:\/\/www.fundaciontriangle.org\/blog\/?s={search_term_string}\"},\"query-input\":{\"@type\":\"PropertyValueSpecification\",\"valueRequired\":true,\"valueName\":\"search_term_string\"}}],\"inLanguage\":\"es\"},{\"@type\":\"Person\",\"@id\":\"https:\/\/www.fundaciontriangle.org\/blog\/#\/schema\/person\/c4acdb9bfe5998701e5195e93e3bf579\",\"name\":\"Admin\",\"image\":{\"@type\":\"ImageObject\",\"inLanguage\":\"es\",\"@id\":\"https:\/\/www.fundaciontriangle.org\/blog\/#\/schema\/person\/image\/\",\"url\":\"https:\/\/secure.gravatar.com\/avatar\/639dfb27e51a4baf887721ba49ad906aa378fe5130c9cfa9ca94c4bf967b0c66?s=96&d=mm&r=g\",\"contentUrl\":\"https:\/\/secure.gravatar.com\/avatar\/639dfb27e51a4baf887721ba49ad906aa378fe5130c9cfa9ca94c4bf967b0c66?s=96&d=mm&r=g\",\"caption\":\"Admin\"}}]}<\/script>\n<!-- \/ Yoast SEO plugin. -->","yoast_head_json":{"title":"Diversidad generacional, cuando las diferencias suman - Blog de Fundaci\u00f3n Triangle","description":"Crear entornos de trabajo donde se respeten y cuiden las diferencias, esas diferencias que suman y aportan a la empresas si se gestiona correctamente.","robots":{"index":"index","follow":"follow","max-snippet":"max-snippet:-1","max-image-preview":"max-image-preview:large","max-video-preview":"max-video-preview:-1"},"canonical":"https:\/\/www.fundaciontriangle.org\/blog\/diversidad-generacional-cuando-las-diferencias-suman\/","og_locale":"es_ES","og_type":"article","og_title":"Diversidad generacional, cuando las diferencias suman - Blog de Fundaci\u00f3n Triangle","og_description":"Crear entornos de trabajo donde se respeten y cuiden las diferencias, esas diferencias que suman y aportan a la empresas si se gestiona correctamente.","og_url":"https:\/\/www.fundaciontriangle.org\/blog\/diversidad-generacional-cuando-las-diferencias-suman\/","og_site_name":"Blog de Fundaci\u00f3n Triangle","article_published_time":"2019-02-06T08:01:43+00:00","article_modified_time":"2019-07-10T09:38:50+00:00","og_image":[{"width":1078,"height":593,"url":"https:\/\/www.fundaciontriangle.org\/blog\/wp-content\/uploads\/sites\/2\/2019\/01\/diferencias-suman-01.png","type":"image\/png"}],"author":"Admin","twitter_card":"summary_large_image","twitter_misc":{"Escrito por":"Admin","Tiempo de lectura":"3 minutos"},"schema":{"@context":"https:\/\/schema.org","@graph":[{"@type":"Article","@id":"https:\/\/www.fundaciontriangle.org\/blog\/diversidad-generacional-cuando-las-diferencias-suman\/#article","isPartOf":{"@id":"https:\/\/www.fundaciontriangle.org\/blog\/diversidad-generacional-cuando-las-diferencias-suman\/"},"author":{"name":"Admin","@id":"https:\/\/www.fundaciontriangle.org\/blog\/#\/schema\/person\/c4acdb9bfe5998701e5195e93e3bf579"},"headline":"Diversidad generacional, cuando las diferencias suman","datePublished":"2019-02-06T08:01:43+00:00","dateModified":"2019-07-10T09:38:50+00:00","mainEntityOfPage":{"@id":"https:\/\/www.fundaciontriangle.org\/blog\/diversidad-generacional-cuando-las-diferencias-suman\/"},"wordCount":579,"commentCount":0,"image":{"@id":"https:\/\/www.fundaciontriangle.org\/blog\/diversidad-generacional-cuando-las-diferencias-suman\/#primaryimage"},"thumbnailUrl":"https:\/\/www.fundaciontriangle.org\/blog\/wp-content\/uploads\/sites\/2\/2019\/01\/diferencias-suman-01.png","articleSection":["Fundaci\u00f3n Triangle"],"inLanguage":"es","potentialAction":[{"@type":"CommentAction","name":"Comment","target":["https:\/\/www.fundaciontriangle.org\/blog\/diversidad-generacional-cuando-las-diferencias-suman\/#respond"]}]},{"@type":"WebPage","@id":"https:\/\/www.fundaciontriangle.org\/blog\/diversidad-generacional-cuando-las-diferencias-suman\/","url":"https:\/\/www.fundaciontriangle.org\/blog\/diversidad-generacional-cuando-las-diferencias-suman\/","name":"Diversidad generacional, cuando las diferencias suman - Blog de Fundaci\u00f3n Triangle","isPartOf":{"@id":"https:\/\/www.fundaciontriangle.org\/blog\/#website"},"primaryImageOfPage":{"@id":"https:\/\/www.fundaciontriangle.org\/blog\/diversidad-generacional-cuando-las-diferencias-suman\/#primaryimage"},"image":{"@id":"https:\/\/www.fundaciontriangle.org\/blog\/diversidad-generacional-cuando-las-diferencias-suman\/#primaryimage"},"thumbnailUrl":"https:\/\/www.fundaciontriangle.org\/blog\/wp-content\/uploads\/sites\/2\/2019\/01\/diferencias-suman-01.png","datePublished":"2019-02-06T08:01:43+00:00","dateModified":"2019-07-10T09:38:50+00:00","author":{"@id":"https:\/\/www.fundaciontriangle.org\/blog\/#\/schema\/person\/c4acdb9bfe5998701e5195e93e3bf579"},"description":"Crear entornos de trabajo donde se respeten y cuiden las diferencias, esas diferencias que suman y aportan a la empresas si se gestiona correctamente.","inLanguage":"es","potentialAction":[{"@type":"ReadAction","target":["https:\/\/www.fundaciontriangle.org\/blog\/diversidad-generacional-cuando-las-diferencias-suman\/"]}]},{"@type":"ImageObject","inLanguage":"es","@id":"https:\/\/www.fundaciontriangle.org\/blog\/diversidad-generacional-cuando-las-diferencias-suman\/#primaryimage","url":"https:\/\/www.fundaciontriangle.org\/blog\/wp-content\/uploads\/sites\/2\/2019\/01\/diferencias-suman-01.png","contentUrl":"https:\/\/www.fundaciontriangle.org\/blog\/wp-content\/uploads\/sites\/2\/2019\/01\/diferencias-suman-01.png","width":1078,"height":593},{"@type":"WebSite","@id":"https:\/\/www.fundaciontriangle.org\/blog\/#website","url":"https:\/\/www.fundaciontriangle.org\/blog\/","name":"Blog de Fundaci\u00f3n Triangle","description":"Hablamos talento s\u00e9nior, diversidad, edadismo, igualdad de oportunidades, trabajo digno, alianzas, entornos de trabajo, recursos humanos. De la gesti\u00f3n de la diversidad, del talento y la experiencia de las personas, de lo que aportan a las empresas.","potentialAction":[{"@type":"SearchAction","target":{"@type":"EntryPoint","urlTemplate":"https:\/\/www.fundaciontriangle.org\/blog\/?s={search_term_string}"},"query-input":{"@type":"PropertyValueSpecification","valueRequired":true,"valueName":"search_term_string"}}],"inLanguage":"es"},{"@type":"Person","@id":"https:\/\/www.fundaciontriangle.org\/blog\/#\/schema\/person\/c4acdb9bfe5998701e5195e93e3bf579","name":"Admin","image":{"@type":"ImageObject","inLanguage":"es","@id":"https:\/\/www.fundaciontriangle.org\/blog\/#\/schema\/person\/image\/","url":"https:\/\/secure.gravatar.com\/avatar\/639dfb27e51a4baf887721ba49ad906aa378fe5130c9cfa9ca94c4bf967b0c66?s=96&d=mm&r=g","contentUrl":"https:\/\/secure.gravatar.com\/avatar\/639dfb27e51a4baf887721ba49ad906aa378fe5130c9cfa9ca94c4bf967b0c66?s=96&d=mm&r=g","caption":"Admin"}}]}},"_links":{"self":[{"href":"https:\/\/www.fundaciontriangle.org\/blog\/wp-json\/wp\/v2\/posts\/106","targetHints":{"allow":["GET"]}}],"collection":[{"href":"https:\/\/www.fundaciontriangle.org\/blog\/wp-json\/wp\/v2\/posts"}],"about":[{"href":"https:\/\/www.fundaciontriangle.org\/blog\/wp-json\/wp\/v2\/types\/post"}],"author":[{"embeddable":true,"href":"https:\/\/www.fundaciontriangle.org\/blog\/wp-json\/wp\/v2\/users\/2"}],"replies":[{"embeddable":true,"href":"https:\/\/www.fundaciontriangle.org\/blog\/wp-json\/wp\/v2\/comments?post=106"}],"version-history":[{"count":4,"href":"https:\/\/www.fundaciontriangle.org\/blog\/wp-json\/wp\/v2\/posts\/106\/revisions"}],"predecessor-version":[{"id":354,"href":"https:\/\/www.fundaciontriangle.org\/blog\/wp-json\/wp\/v2\/posts\/106\/revisions\/354"}],"wp:featuredmedia":[{"embeddable":true,"href":"https:\/\/www.fundaciontriangle.org\/blog\/wp-json\/wp\/v2\/media\/107"}],"wp:attachment":[{"href":"https:\/\/www.fundaciontriangle.org\/blog\/wp-json\/wp\/v2\/media?parent=106"}],"wp:term":[{"taxonomy":"category","embeddable":true,"href":"https:\/\/www.fundaciontriangle.org\/blog\/wp-json\/wp\/v2\/categories?post=106"},{"taxonomy":"post_tag","embeddable":true,"href":"https:\/\/www.fundaciontriangle.org\/blog\/wp-json\/wp\/v2\/tags?post=106"}],"curies":[{"name":"wp","href":"https:\/\/api.w.org\/{rel}","templated":true}]}}