{"id":101,"date":"2019-01-23T08:03:35","date_gmt":"2019-01-23T07:03:35","guid":{"rendered":"http:\/\/www.fundaciontriangle.org\/blog\/?p=101"},"modified":"2019-09-18T11:01:57","modified_gmt":"2019-09-18T09:01:57","slug":"el-origen-de-la-diversidad-generacional","status":"publish","type":"post","link":"https:\/\/www.fundaciontriangle.org\/blog\/el-origen-de-la-diversidad-generacional\/","title":{"rendered":"El origen de la diversidad generacional en los entornos de trabajo"},"content":{"rendered":"<p>El mundo desarrollado se est\u00e1 enfrentando actualmente a un cambio demogr\u00e1fico que tiene consecuencias sociales, econ\u00f3micas y pol\u00edticas. Por un lado, el envejecimiento de la poblaci\u00f3n es cada vez mayor y seguiremos en la misma l\u00ednea en los pr\u00f3ximos a\u00f1os. Seg\u00fan un informe publicado recientemente por el Observatorio de Demograf\u00eda y Diversidad Generacional, en 2031 uno de cada cuatro habitantes en Espa\u00f1a tendr\u00e1 m\u00e1s de 65 a\u00f1os y seg\u00fan datos del Banco Mundial, nuestro pa\u00eds ser\u00e1 uno de los m\u00e1s envejecidos del mundo en 2050.<\/p>\n<p>Por otra parte, encontramos un fen\u00f3meno paralelo, la disminuci\u00f3n de la poblaci\u00f3n joven debido a la ca\u00edda de la natalidad. Seg\u00fan los \u00faltimos datos publicados por el Instituto Nacional de Estad\u00edstica (INE), la natalidad en Espa\u00f1a se encuentra en valores similares a los del a\u00f1o 1941.<br \/>\nEstos dos hechos han provocado la inversi\u00f3n de la pir\u00e1mide de poblaci\u00f3n. Esto explica porqu\u00e9 cada vez hay m\u00e1s personas mayores en edad de trabajar que tienen que convivir con los que se incorporan al mercado laboral. Es decir, vivimos una \u00e9poca que se caracteriza por la diversidad generacional o diversidad multigeneracional. Personas de hasta cuatro generaciones distintas, que proceden de sistemas educativos diferentes y que tienen sus propias motivaciones, preferencias y maneras de ver el mundo deben entenderse cuando realizan sus tareas en un mismo espacio dentro una empresa.<\/p>\n<p>Teniendo en cuenta esto, no se explica c\u00f3mo puede existir el llamado Edadismo, una forma de discriminaci\u00f3n que afecta a millones de personas y que consiste en despreciar a las empleadas y\u00a0 los empleados m\u00e1s mayores por el simple hecho de tener una determinada edad. Por desgracia, hay datos que demuestran que esto est\u00e1 ocurriendo realmente. Seg\u00fan la Encuesta de Poblaci\u00f3n Activa (EPA) correspondiente al tercer trimestre del 2018 hay 1.231.800 paradas y parados mayores de 45 a\u00f1os en Espa\u00f1a, lo que representa el 37% del total de los desempleados y desempleadas. Hace 10 a\u00f1os, con la misma tasa de paro, las personas mayores de 45 a\u00f1os representaban al 22% del total.<\/p>\n<p>Con este escenario, es urgente actuar para encontrar una soluci\u00f3n. Y esa soluci\u00f3n estamos convencidas que pasa por valorar a todas las personas por su talento, independientemente de su edad. Hay que apostar por el talento sin etiquetas. Para ello es muy importante establecer estrategias para que todas las generaciones trabajen conjuntamente, se respeten, valoren y sigan creciendo profesionalmente gracias a sus diferencias. Y para que las empresas lleven a cabo una buena gesti\u00f3n del talento deben establecer nuevas formas de colaboraci\u00f3n, nuevos sistemas de trabajo m\u00e1s flexibles y transversales y crear nuevos programas de desarrollo de carrera que motiven a cada generaci\u00f3n, haciendo que las empleadas y los empleados est\u00e9n realmente en el centro de la organizaci\u00f3n.<\/p>\n","protected":false},"excerpt":{"rendered":"<p>El mundo desarrollado se est\u00e1 enfrentando actualmente a un cambio demogr\u00e1fico que tiene consecuencias sociales, econ\u00f3micas y pol\u00edticas. Por&hellip;<\/p>\n","protected":false},"author":2,"featured_media":102,"comment_status":"open","ping_status":"open","sticky":false,"template":"","format":"standard","meta":{"_monsterinsights_skip_tracking":false,"_monsterinsights_sitenote_active":false,"_monsterinsights_sitenote_note":"","_monsterinsights_sitenote_category":0,"footnotes":""},"categories":[3],"tags":[],"class_list":["post-101","post","type-post","status-publish","format-standard","has-post-thumbnail","hentry","category-talento-senior"],"yoast_head":"<!-- This site is optimized with the Yoast SEO plugin v27.0 - https:\/\/yoast.com\/product\/yoast-seo-wordpress\/ -->\n<title>El origen de la diversidad generacional en los entornos de trabajo - Blog de Fundaci\u00f3n Triangle<\/title>\n<meta name=\"description\" content=\"El origen de la diversidad generacional en los entornos de trabajo es una realidad que impulsa nuevas formas de gestion de las plantillas\" \/>\n<meta name=\"robots\" content=\"index, follow, max-snippet:-1, max-image-preview:large, max-video-preview:-1\" \/>\n<link rel=\"canonical\" href=\"https:\/\/www.fundaciontriangle.org\/blog\/el-origen-de-la-diversidad-generacional\/\" \/>\n<meta property=\"og:locale\" content=\"es_ES\" \/>\n<meta property=\"og:type\" content=\"article\" \/>\n<meta property=\"og:title\" content=\"El origen de la diversidad generacional en los entornos de trabajo - Blog de Fundaci\u00f3n Triangle\" \/>\n<meta property=\"og:description\" content=\"El origen de la diversidad generacional en los entornos de trabajo es una realidad que impulsa nuevas formas de gestion de las plantillas\" \/>\n<meta property=\"og:url\" content=\"https:\/\/www.fundaciontriangle.org\/blog\/el-origen-de-la-diversidad-generacional\/\" \/>\n<meta property=\"og:site_name\" content=\"Blog de Fundaci\u00f3n Triangle\" \/>\n<meta property=\"article:published_time\" content=\"2019-01-23T07:03:35+00:00\" \/>\n<meta property=\"article:modified_time\" content=\"2019-09-18T09:01:57+00:00\" \/>\n<meta property=\"og:image\" content=\"https:\/\/www.fundaciontriangle.org\/blog\/wp-content\/uploads\/sites\/2\/2019\/01\/origen-diversidad-generacional-01.png\" \/>\n\t<meta property=\"og:image:width\" content=\"1078\" \/>\n\t<meta property=\"og:image:height\" content=\"593\" \/>\n\t<meta property=\"og:image:type\" content=\"image\/png\" \/>\n<meta name=\"author\" content=\"Admin\" \/>\n<meta name=\"twitter:card\" content=\"summary_large_image\" \/>\n<meta name=\"twitter:label1\" content=\"Escrito por\" \/>\n\t<meta name=\"twitter:data1\" content=\"Admin\" \/>\n\t<meta name=\"twitter:label2\" content=\"Tiempo de lectura\" \/>\n\t<meta name=\"twitter:data2\" content=\"2 minutos\" \/>\n<script type=\"application\/ld+json\" class=\"yoast-schema-graph\">{\"@context\":\"https:\/\/schema.org\",\"@graph\":[{\"@type\":\"Article\",\"@id\":\"https:\/\/www.fundaciontriangle.org\/blog\/el-origen-de-la-diversidad-generacional\/#article\",\"isPartOf\":{\"@id\":\"https:\/\/www.fundaciontriangle.org\/blog\/el-origen-de-la-diversidad-generacional\/\"},\"author\":{\"name\":\"Admin\",\"@id\":\"https:\/\/www.fundaciontriangle.org\/blog\/#\/schema\/person\/c4acdb9bfe5998701e5195e93e3bf579\"},\"headline\":\"El origen de la diversidad generacional en los entornos de trabajo\",\"datePublished\":\"2019-01-23T07:03:35+00:00\",\"dateModified\":\"2019-09-18T09:01:57+00:00\",\"mainEntityOfPage\":{\"@id\":\"https:\/\/www.fundaciontriangle.org\/blog\/el-origen-de-la-diversidad-generacional\/\"},\"wordCount\":495,\"commentCount\":0,\"image\":{\"@id\":\"https:\/\/www.fundaciontriangle.org\/blog\/el-origen-de-la-diversidad-generacional\/#primaryimage\"},\"thumbnailUrl\":\"https:\/\/www.fundaciontriangle.org\/blog\/wp-content\/uploads\/sites\/2\/2019\/01\/origen-diversidad-generacional-01.png\",\"articleSection\":[\"Talento S\u00e9nior\"],\"inLanguage\":\"es\",\"potentialAction\":[{\"@type\":\"CommentAction\",\"name\":\"Comment\",\"target\":[\"https:\/\/www.fundaciontriangle.org\/blog\/el-origen-de-la-diversidad-generacional\/#respond\"]}]},{\"@type\":\"WebPage\",\"@id\":\"https:\/\/www.fundaciontriangle.org\/blog\/el-origen-de-la-diversidad-generacional\/\",\"url\":\"https:\/\/www.fundaciontriangle.org\/blog\/el-origen-de-la-diversidad-generacional\/\",\"name\":\"El origen de la diversidad generacional en los entornos de trabajo - Blog de Fundaci\u00f3n Triangle\",\"isPartOf\":{\"@id\":\"https:\/\/www.fundaciontriangle.org\/blog\/#website\"},\"primaryImageOfPage\":{\"@id\":\"https:\/\/www.fundaciontriangle.org\/blog\/el-origen-de-la-diversidad-generacional\/#primaryimage\"},\"image\":{\"@id\":\"https:\/\/www.fundaciontriangle.org\/blog\/el-origen-de-la-diversidad-generacional\/#primaryimage\"},\"thumbnailUrl\":\"https:\/\/www.fundaciontriangle.org\/blog\/wp-content\/uploads\/sites\/2\/2019\/01\/origen-diversidad-generacional-01.png\",\"datePublished\":\"2019-01-23T07:03:35+00:00\",\"dateModified\":\"2019-09-18T09:01:57+00:00\",\"author\":{\"@id\":\"https:\/\/www.fundaciontriangle.org\/blog\/#\/schema\/person\/c4acdb9bfe5998701e5195e93e3bf579\"},\"description\":\"El origen de la diversidad generacional en los entornos de trabajo es una realidad que impulsa nuevas formas de gestion de las plantillas\",\"inLanguage\":\"es\",\"potentialAction\":[{\"@type\":\"ReadAction\",\"target\":[\"https:\/\/www.fundaciontriangle.org\/blog\/el-origen-de-la-diversidad-generacional\/\"]}]},{\"@type\":\"ImageObject\",\"inLanguage\":\"es\",\"@id\":\"https:\/\/www.fundaciontriangle.org\/blog\/el-origen-de-la-diversidad-generacional\/#primaryimage\",\"url\":\"https:\/\/www.fundaciontriangle.org\/blog\/wp-content\/uploads\/sites\/2\/2019\/01\/origen-diversidad-generacional-01.png\",\"contentUrl\":\"https:\/\/www.fundaciontriangle.org\/blog\/wp-content\/uploads\/sites\/2\/2019\/01\/origen-diversidad-generacional-01.png\",\"width\":1078,\"height\":593},{\"@type\":\"WebSite\",\"@id\":\"https:\/\/www.fundaciontriangle.org\/blog\/#website\",\"url\":\"https:\/\/www.fundaciontriangle.org\/blog\/\",\"name\":\"Blog de Fundaci\u00f3n Triangle\",\"description\":\"Hablamos talento s\u00e9nior, diversidad, edadismo, igualdad de oportunidades, trabajo digno, alianzas, entornos de trabajo, recursos humanos. De la gesti\u00f3n de la diversidad, del talento y la experiencia de las personas, de lo que aportan a las empresas.\",\"potentialAction\":[{\"@type\":\"SearchAction\",\"target\":{\"@type\":\"EntryPoint\",\"urlTemplate\":\"https:\/\/www.fundaciontriangle.org\/blog\/?s={search_term_string}\"},\"query-input\":{\"@type\":\"PropertyValueSpecification\",\"valueRequired\":true,\"valueName\":\"search_term_string\"}}],\"inLanguage\":\"es\"},{\"@type\":\"Person\",\"@id\":\"https:\/\/www.fundaciontriangle.org\/blog\/#\/schema\/person\/c4acdb9bfe5998701e5195e93e3bf579\",\"name\":\"Admin\",\"image\":{\"@type\":\"ImageObject\",\"inLanguage\":\"es\",\"@id\":\"https:\/\/www.fundaciontriangle.org\/blog\/#\/schema\/person\/image\/\",\"url\":\"https:\/\/secure.gravatar.com\/avatar\/639dfb27e51a4baf887721ba49ad906aa378fe5130c9cfa9ca94c4bf967b0c66?s=96&d=mm&r=g\",\"contentUrl\":\"https:\/\/secure.gravatar.com\/avatar\/639dfb27e51a4baf887721ba49ad906aa378fe5130c9cfa9ca94c4bf967b0c66?s=96&d=mm&r=g\",\"caption\":\"Admin\"}}]}<\/script>\n<!-- \/ Yoast SEO plugin. -->","yoast_head_json":{"title":"El origen de la diversidad generacional en los entornos de trabajo - Blog de Fundaci\u00f3n Triangle","description":"El origen de la diversidad generacional en los entornos de trabajo es una realidad que impulsa nuevas formas de gestion de las plantillas","robots":{"index":"index","follow":"follow","max-snippet":"max-snippet:-1","max-image-preview":"max-image-preview:large","max-video-preview":"max-video-preview:-1"},"canonical":"https:\/\/www.fundaciontriangle.org\/blog\/el-origen-de-la-diversidad-generacional\/","og_locale":"es_ES","og_type":"article","og_title":"El origen de la diversidad generacional en los entornos de trabajo - Blog de Fundaci\u00f3n Triangle","og_description":"El origen de la diversidad generacional en los entornos de trabajo es una realidad que impulsa nuevas formas de gestion de las plantillas","og_url":"https:\/\/www.fundaciontriangle.org\/blog\/el-origen-de-la-diversidad-generacional\/","og_site_name":"Blog de Fundaci\u00f3n Triangle","article_published_time":"2019-01-23T07:03:35+00:00","article_modified_time":"2019-09-18T09:01:57+00:00","og_image":[{"width":1078,"height":593,"url":"https:\/\/www.fundaciontriangle.org\/blog\/wp-content\/uploads\/sites\/2\/2019\/01\/origen-diversidad-generacional-01.png","type":"image\/png"}],"author":"Admin","twitter_card":"summary_large_image","twitter_misc":{"Escrito por":"Admin","Tiempo de lectura":"2 minutos"},"schema":{"@context":"https:\/\/schema.org","@graph":[{"@type":"Article","@id":"https:\/\/www.fundaciontriangle.org\/blog\/el-origen-de-la-diversidad-generacional\/#article","isPartOf":{"@id":"https:\/\/www.fundaciontriangle.org\/blog\/el-origen-de-la-diversidad-generacional\/"},"author":{"name":"Admin","@id":"https:\/\/www.fundaciontriangle.org\/blog\/#\/schema\/person\/c4acdb9bfe5998701e5195e93e3bf579"},"headline":"El origen de la diversidad generacional en los entornos de trabajo","datePublished":"2019-01-23T07:03:35+00:00","dateModified":"2019-09-18T09:01:57+00:00","mainEntityOfPage":{"@id":"https:\/\/www.fundaciontriangle.org\/blog\/el-origen-de-la-diversidad-generacional\/"},"wordCount":495,"commentCount":0,"image":{"@id":"https:\/\/www.fundaciontriangle.org\/blog\/el-origen-de-la-diversidad-generacional\/#primaryimage"},"thumbnailUrl":"https:\/\/www.fundaciontriangle.org\/blog\/wp-content\/uploads\/sites\/2\/2019\/01\/origen-diversidad-generacional-01.png","articleSection":["Talento S\u00e9nior"],"inLanguage":"es","potentialAction":[{"@type":"CommentAction","name":"Comment","target":["https:\/\/www.fundaciontriangle.org\/blog\/el-origen-de-la-diversidad-generacional\/#respond"]}]},{"@type":"WebPage","@id":"https:\/\/www.fundaciontriangle.org\/blog\/el-origen-de-la-diversidad-generacional\/","url":"https:\/\/www.fundaciontriangle.org\/blog\/el-origen-de-la-diversidad-generacional\/","name":"El origen de la diversidad generacional en los entornos de trabajo - Blog de Fundaci\u00f3n Triangle","isPartOf":{"@id":"https:\/\/www.fundaciontriangle.org\/blog\/#website"},"primaryImageOfPage":{"@id":"https:\/\/www.fundaciontriangle.org\/blog\/el-origen-de-la-diversidad-generacional\/#primaryimage"},"image":{"@id":"https:\/\/www.fundaciontriangle.org\/blog\/el-origen-de-la-diversidad-generacional\/#primaryimage"},"thumbnailUrl":"https:\/\/www.fundaciontriangle.org\/blog\/wp-content\/uploads\/sites\/2\/2019\/01\/origen-diversidad-generacional-01.png","datePublished":"2019-01-23T07:03:35+00:00","dateModified":"2019-09-18T09:01:57+00:00","author":{"@id":"https:\/\/www.fundaciontriangle.org\/blog\/#\/schema\/person\/c4acdb9bfe5998701e5195e93e3bf579"},"description":"El origen de la diversidad generacional en los entornos de trabajo es una realidad que impulsa nuevas formas de gestion de las plantillas","inLanguage":"es","potentialAction":[{"@type":"ReadAction","target":["https:\/\/www.fundaciontriangle.org\/blog\/el-origen-de-la-diversidad-generacional\/"]}]},{"@type":"ImageObject","inLanguage":"es","@id":"https:\/\/www.fundaciontriangle.org\/blog\/el-origen-de-la-diversidad-generacional\/#primaryimage","url":"https:\/\/www.fundaciontriangle.org\/blog\/wp-content\/uploads\/sites\/2\/2019\/01\/origen-diversidad-generacional-01.png","contentUrl":"https:\/\/www.fundaciontriangle.org\/blog\/wp-content\/uploads\/sites\/2\/2019\/01\/origen-diversidad-generacional-01.png","width":1078,"height":593},{"@type":"WebSite","@id":"https:\/\/www.fundaciontriangle.org\/blog\/#website","url":"https:\/\/www.fundaciontriangle.org\/blog\/","name":"Blog de Fundaci\u00f3n Triangle","description":"Hablamos talento s\u00e9nior, diversidad, edadismo, igualdad de oportunidades, trabajo digno, alianzas, entornos de trabajo, recursos humanos. De la gesti\u00f3n de la diversidad, del talento y la experiencia de las personas, de lo que aportan a las empresas.","potentialAction":[{"@type":"SearchAction","target":{"@type":"EntryPoint","urlTemplate":"https:\/\/www.fundaciontriangle.org\/blog\/?s={search_term_string}"},"query-input":{"@type":"PropertyValueSpecification","valueRequired":true,"valueName":"search_term_string"}}],"inLanguage":"es"},{"@type":"Person","@id":"https:\/\/www.fundaciontriangle.org\/blog\/#\/schema\/person\/c4acdb9bfe5998701e5195e93e3bf579","name":"Admin","image":{"@type":"ImageObject","inLanguage":"es","@id":"https:\/\/www.fundaciontriangle.org\/blog\/#\/schema\/person\/image\/","url":"https:\/\/secure.gravatar.com\/avatar\/639dfb27e51a4baf887721ba49ad906aa378fe5130c9cfa9ca94c4bf967b0c66?s=96&d=mm&r=g","contentUrl":"https:\/\/secure.gravatar.com\/avatar\/639dfb27e51a4baf887721ba49ad906aa378fe5130c9cfa9ca94c4bf967b0c66?s=96&d=mm&r=g","caption":"Admin"}}]}},"_links":{"self":[{"href":"https:\/\/www.fundaciontriangle.org\/blog\/wp-json\/wp\/v2\/posts\/101","targetHints":{"allow":["GET"]}}],"collection":[{"href":"https:\/\/www.fundaciontriangle.org\/blog\/wp-json\/wp\/v2\/posts"}],"about":[{"href":"https:\/\/www.fundaciontriangle.org\/blog\/wp-json\/wp\/v2\/types\/post"}],"author":[{"embeddable":true,"href":"https:\/\/www.fundaciontriangle.org\/blog\/wp-json\/wp\/v2\/users\/2"}],"replies":[{"embeddable":true,"href":"https:\/\/www.fundaciontriangle.org\/blog\/wp-json\/wp\/v2\/comments?post=101"}],"version-history":[{"count":4,"href":"https:\/\/www.fundaciontriangle.org\/blog\/wp-json\/wp\/v2\/posts\/101\/revisions"}],"predecessor-version":[{"id":536,"href":"https:\/\/www.fundaciontriangle.org\/blog\/wp-json\/wp\/v2\/posts\/101\/revisions\/536"}],"wp:featuredmedia":[{"embeddable":true,"href":"https:\/\/www.fundaciontriangle.org\/blog\/wp-json\/wp\/v2\/media\/102"}],"wp:attachment":[{"href":"https:\/\/www.fundaciontriangle.org\/blog\/wp-json\/wp\/v2\/media?parent=101"}],"wp:term":[{"taxonomy":"category","embeddable":true,"href":"https:\/\/www.fundaciontriangle.org\/blog\/wp-json\/wp\/v2\/categories?post=101"},{"taxonomy":"post_tag","embeddable":true,"href":"https:\/\/www.fundaciontriangle.org\/blog\/wp-json\/wp\/v2\/tags?post=101"}],"curies":[{"name":"wp","href":"https:\/\/api.w.org\/{rel}","templated":true}]}}