{"id":1004,"date":"2021-09-14T10:42:31","date_gmt":"2021-09-14T08:42:31","guid":{"rendered":"https:\/\/www.fundaciontriangle.org\/blog\/?p=1004"},"modified":"2021-09-14T10:42:31","modified_gmt":"2021-09-14T08:42:31","slug":"colectivo-jovenes","status":"publish","type":"post","link":"https:\/\/www.fundaciontriangle.org\/blog\/colectivo-jovenes\/","title":{"rendered":"Colectivo J\u00f3venes"},"content":{"rendered":"<p>Espa\u00f1a es <strong>l\u00edder en cifras de paro en la Uni\u00f3n Europea<\/strong>. En el mes de abril se contabilizaron, seg\u00fan Eurostat, <strong>3,46 millones de personas sin empleo<\/strong>, lo que supone una reducci\u00f3n de 19.000 desempleados respecto de marzo. <strong>De los parados, 526.000 eran menores de 25 a\u00f1os.<\/strong><\/p>\n<p>La crisis pand\u00e9mica se ha vuelto a cebar con los j\u00f3venes en lo referente a la econom\u00eda: mientras los trabajadores mayores de 45 a\u00f1os ya superan los niveles de empleo anteriores a la crisis, los menores de 25 a\u00f1os est\u00e1n un 15% por debajo. Es una constante: los j\u00f3venes son siempre los primeros en salir del mercado de trabajo y los \u00faltimos en reincorporarse.<\/p>\n<p>El porcentaje ha crecido durante la pandemia y, previsiblemente, seguir\u00e1 aumentando, porque nuestro mercado laboral hace que los j\u00f3venes accedan con <strong>contratos temporales<\/strong> y precarios. Por tanto, cuando viene una crisis son los primeros en ser despedidos. Por otro lado, los que han acabado de estudiar este a\u00f1o o los que estaban con un contrato de pr\u00e1cticas han visto c\u00f3mo se les cerraba cualquier oportunidad de encontrar un trabajo.<\/p>\n<p>Ahora, gracias a un nuevo informe del Banco de Espa\u00f1a, tenemos una buena foto de la dureza con la que la crisis est\u00e1 tratando a los menores de 30 a\u00f1os.<\/p>\n<p>Por lo general, la gente joven ha sido acusada de irresponsable y ego\u00edsta durante la pandemia. No es que no hayan existido esos comportamientos, pero quedarnos ah\u00ed es insuficiente e injusto. El Banco de Espa\u00f1a nos acerca a una realidad menos anecd\u00f3tica y m\u00e1s importante. El porcentaje de menores de 30 a\u00f1os sin ingresos ha pasado del 30% antes de la covid al 35% en diciembre de 2020.<\/p>\n<p>El fallo es sist\u00e9mico: concierne al sistema educativo, al productivo y a las caracter\u00edsticas del mercado laboral. La precariedad se inicia con las debilidades del sistema educativo, en particular el abandono escolar temprano (el segundo m\u00e1s alto de la UE), la insatisfactoria implantaci\u00f3n de la formaci\u00f3n profesional, la posici\u00f3n rezagada de nuestros estudiantes en cuanto a sus capacitaciones tecnol\u00f3gicas y el encarecimiento de la formaci\u00f3n superior.<\/p>\n<p>La Organizaci\u00f3n Internacional del Trabajo plantea diferentes medidas para dar soluci\u00f3n a este problema:<\/p>\n<p><strong>1. Establecer pol\u00edticas macroecon\u00f3micas favorables al empleo juvenil.<\/strong><br \/>\nSe requiere promover pol\u00edticas macroecon\u00f3micas e incentivos fiscales que apoyen el empleo juvenil, teniendo en cuenta las diversas situaciones econ\u00f3micas de los pa\u00edses.<\/p>\n<p><strong>2. Aumentar la inversi\u00f3n en educaci\u00f3n y dar m\u00e1s importancia a la orientaci\u00f3n.<\/strong><\/p>\n<p>Incrementar la inversi\u00f3n para mejorar el acceso a programas de ense\u00f1anza de calidad y de desarrollo de competencias. Esto deber\u00eda complementarse con enfoques espec\u00edficos que fomenten el aprendizaje a lo largo de toda la vida y faciliten la certificaci\u00f3n de competencias.<\/p>\n<p>Tambi\u00e9n hay que establecer medidas que aseguren que las habilidades que proporcionamos a los j\u00f3venes sean las que nuestros mercados laborales realmente necesitan, dado que existe frecuentemente un desajuste entre las competencias que los estudiantes adquieren y las habilidades que se requieren en las empresas.<\/p>\n<p>Asimismo, la importancia de la orientaci\u00f3n en la educaci\u00f3n y formaci\u00f3n. Se deben analizar bien los perfiles, si no se realiza un acompa\u00f1amiento y orientaci\u00f3n de las competencias de los j\u00f3venes para mejorar su empleabilidad, el resultado de la formaci\u00f3n que se le da ser\u00e1 in\u00fatil,<\/p>\n<p><strong>3. Asegurar la calidad del empleo juvenil y su especializaci\u00f3n.<\/strong><\/p>\n<p>Otra de las propuestas que se desprenden del Foro es que las pol\u00edticas del mercado de trabajo hagan hincapi\u00e9 en <strong>mejorar la calidad y la inclusi\u00f3n del mercado laboral.<\/strong><\/p>\n<p><strong>4. Promover el emprendimiento juvenil.<\/strong><\/p>\n<p><strong>5. Defender los derechos laborales de los j\u00f3venes.<\/strong><br \/>\nDebemos preocuparnos no solo por la cantidad de empleos sino tambi\u00e9n por la calidad de vida laboral\u00bb.<\/p>\n<p><strong>6. Crear m\u00e1s empleo juvenil en sectores emergentes.<\/strong><br \/>\nOtra de las propuestas para mejorar el empleo juvenil es implementar medidas que faciliten la creaci\u00f3n de empleo en sectores emergentes como la econom\u00eda digital, ecol\u00f3gica, creativa o del cuidado.<\/p>\n<p>&nbsp;<\/p>\n<p>&nbsp;<\/p>\n","protected":false},"excerpt":{"rendered":"<p>Espa\u00f1a es l\u00edder en cifras de paro en la Uni\u00f3n Europea. En el mes de abril se contabilizaron, seg\u00fan&hellip;<\/p>\n","protected":false},"author":2,"featured_media":1006,"comment_status":"open","ping_status":"open","sticky":false,"template":"","format":"standard","meta":{"_monsterinsights_skip_tracking":false,"_monsterinsights_sitenote_active":false,"_monsterinsights_sitenote_note":"","_monsterinsights_sitenote_category":0,"footnotes":""},"categories":[4],"tags":[],"class_list":["post-1004","post","type-post","status-publish","format-standard","has-post-thumbnail","hentry","category-diversidad-generacional"],"yoast_head":"<!-- This site is optimized with the Yoast SEO plugin v27.0 - https:\/\/yoast.com\/product\/yoast-seo-wordpress\/ -->\n<title>Colectivo J\u00f3venes - Blog de Fundaci\u00f3n Triangle<\/title>\n<meta name=\"description\" content=\"Espa\u00f1a es l\u00edder en cifras de paro en la Uni\u00f3n Europea, siendo los j\u00f3venes los principales afectados en este problema.\" \/>\n<meta name=\"robots\" content=\"index, follow, max-snippet:-1, max-image-preview:large, max-video-preview:-1\" \/>\n<link rel=\"canonical\" href=\"https:\/\/www.fundaciontriangle.org\/blog\/colectivo-jovenes\/\" \/>\n<meta property=\"og:locale\" content=\"es_ES\" \/>\n<meta property=\"og:type\" content=\"article\" \/>\n<meta property=\"og:title\" content=\"Colectivo j\u00f3venes\" \/>\n<meta property=\"og:description\" content=\"Espa\u00f1a es l\u00edder en cifras de paro en la Uni\u00f3n Europea, siendo los j\u00f3venes los principales afectados en este problema.\" \/>\n<meta property=\"og:url\" content=\"https:\/\/www.fundaciontriangle.org\/blog\/colectivo-jovenes\/\" \/>\n<meta property=\"og:site_name\" content=\"Blog de Fundaci\u00f3n Triangle\" \/>\n<meta property=\"article:published_time\" content=\"2021-09-14T08:42:31+00:00\" \/>\n<meta property=\"og:image\" content=\"https:\/\/www.fundaciontriangle.org\/blog\/wp-content\/uploads\/sites\/2\/2021\/09\/shutterstock_1054646651-scaled.jpg\" \/>\n\t<meta property=\"og:image:width\" content=\"2560\" \/>\n\t<meta property=\"og:image:height\" content=\"1449\" \/>\n\t<meta property=\"og:image:type\" content=\"image\/jpeg\" \/>\n<meta name=\"author\" content=\"Admin\" \/>\n<meta name=\"twitter:card\" content=\"summary_large_image\" \/>\n<meta name=\"twitter:title\" content=\"Colectivo j\u00f3venes\" \/>\n<meta name=\"twitter:description\" content=\"Espa\u00f1a es l\u00edder en cifras de paro en la Uni\u00f3n Europea, siendo los j\u00f3venes los principales afectados en este problema.\" \/>\n<meta name=\"twitter:image\" content=\"https:\/\/www.fundaciontriangle.org\/blog\/wp-content\/uploads\/sites\/2\/2021\/09\/shutterstock_1054646651-scaled.jpg\" \/>\n<meta name=\"twitter:label1\" content=\"Escrito por\" \/>\n\t<meta name=\"twitter:data1\" content=\"Admin\" \/>\n\t<meta name=\"twitter:label2\" content=\"Tiempo de lectura\" \/>\n\t<meta name=\"twitter:data2\" content=\"3 minutos\" \/>\n<script type=\"application\/ld+json\" class=\"yoast-schema-graph\">{\"@context\":\"https:\/\/schema.org\",\"@graph\":[{\"@type\":\"Article\",\"@id\":\"https:\/\/www.fundaciontriangle.org\/blog\/colectivo-jovenes\/#article\",\"isPartOf\":{\"@id\":\"https:\/\/www.fundaciontriangle.org\/blog\/colectivo-jovenes\/\"},\"author\":{\"name\":\"Admin\",\"@id\":\"https:\/\/www.fundaciontriangle.org\/blog\/#\/schema\/person\/c4acdb9bfe5998701e5195e93e3bf579\"},\"headline\":\"Colectivo J\u00f3venes\",\"datePublished\":\"2021-09-14T08:42:31+00:00\",\"mainEntityOfPage\":{\"@id\":\"https:\/\/www.fundaciontriangle.org\/blog\/colectivo-jovenes\/\"},\"wordCount\":695,\"commentCount\":0,\"image\":{\"@id\":\"https:\/\/www.fundaciontriangle.org\/blog\/colectivo-jovenes\/#primaryimage\"},\"thumbnailUrl\":\"https:\/\/www.fundaciontriangle.org\/blog\/wp-content\/uploads\/sites\/2\/2021\/09\/shutterstock_1054646651-scaled.jpg\",\"articleSection\":[\"Fundaci\u00f3n Triangle\"],\"inLanguage\":\"es\",\"potentialAction\":[{\"@type\":\"CommentAction\",\"name\":\"Comment\",\"target\":[\"https:\/\/www.fundaciontriangle.org\/blog\/colectivo-jovenes\/#respond\"]}]},{\"@type\":\"WebPage\",\"@id\":\"https:\/\/www.fundaciontriangle.org\/blog\/colectivo-jovenes\/\",\"url\":\"https:\/\/www.fundaciontriangle.org\/blog\/colectivo-jovenes\/\",\"name\":\"Colectivo J\u00f3venes - Blog de Fundaci\u00f3n Triangle\",\"isPartOf\":{\"@id\":\"https:\/\/www.fundaciontriangle.org\/blog\/#website\"},\"primaryImageOfPage\":{\"@id\":\"https:\/\/www.fundaciontriangle.org\/blog\/colectivo-jovenes\/#primaryimage\"},\"image\":{\"@id\":\"https:\/\/www.fundaciontriangle.org\/blog\/colectivo-jovenes\/#primaryimage\"},\"thumbnailUrl\":\"https:\/\/www.fundaciontriangle.org\/blog\/wp-content\/uploads\/sites\/2\/2021\/09\/shutterstock_1054646651-scaled.jpg\",\"datePublished\":\"2021-09-14T08:42:31+00:00\",\"author\":{\"@id\":\"https:\/\/www.fundaciontriangle.org\/blog\/#\/schema\/person\/c4acdb9bfe5998701e5195e93e3bf579\"},\"description\":\"Espa\u00f1a es l\u00edder en cifras de paro en la Uni\u00f3n Europea, siendo los j\u00f3venes los principales afectados en este problema.\",\"inLanguage\":\"es\",\"potentialAction\":[{\"@type\":\"ReadAction\",\"target\":[\"https:\/\/www.fundaciontriangle.org\/blog\/colectivo-jovenes\/\"]}]},{\"@type\":\"ImageObject\",\"inLanguage\":\"es\",\"@id\":\"https:\/\/www.fundaciontriangle.org\/blog\/colectivo-jovenes\/#primaryimage\",\"url\":\"https:\/\/www.fundaciontriangle.org\/blog\/wp-content\/uploads\/sites\/2\/2021\/09\/shutterstock_1054646651-scaled.jpg\",\"contentUrl\":\"https:\/\/www.fundaciontriangle.org\/blog\/wp-content\/uploads\/sites\/2\/2021\/09\/shutterstock_1054646651-scaled.jpg\",\"width\":2560,\"height\":1449,\"caption\":\"colectivo j\u00f3venes\"},{\"@type\":\"WebSite\",\"@id\":\"https:\/\/www.fundaciontriangle.org\/blog\/#website\",\"url\":\"https:\/\/www.fundaciontriangle.org\/blog\/\",\"name\":\"Blog de Fundaci\u00f3n Triangle\",\"description\":\"Hablamos talento s\u00e9nior, diversidad, edadismo, igualdad de oportunidades, trabajo digno, alianzas, entornos de trabajo, recursos humanos. De la gesti\u00f3n de la diversidad, del talento y la experiencia de las personas, de lo que aportan a las empresas.\",\"potentialAction\":[{\"@type\":\"SearchAction\",\"target\":{\"@type\":\"EntryPoint\",\"urlTemplate\":\"https:\/\/www.fundaciontriangle.org\/blog\/?s={search_term_string}\"},\"query-input\":{\"@type\":\"PropertyValueSpecification\",\"valueRequired\":true,\"valueName\":\"search_term_string\"}}],\"inLanguage\":\"es\"},{\"@type\":\"Person\",\"@id\":\"https:\/\/www.fundaciontriangle.org\/blog\/#\/schema\/person\/c4acdb9bfe5998701e5195e93e3bf579\",\"name\":\"Admin\",\"image\":{\"@type\":\"ImageObject\",\"inLanguage\":\"es\",\"@id\":\"https:\/\/www.fundaciontriangle.org\/blog\/#\/schema\/person\/image\/\",\"url\":\"https:\/\/secure.gravatar.com\/avatar\/639dfb27e51a4baf887721ba49ad906aa378fe5130c9cfa9ca94c4bf967b0c66?s=96&d=mm&r=g\",\"contentUrl\":\"https:\/\/secure.gravatar.com\/avatar\/639dfb27e51a4baf887721ba49ad906aa378fe5130c9cfa9ca94c4bf967b0c66?s=96&d=mm&r=g\",\"caption\":\"Admin\"}}]}<\/script>\n<!-- \/ Yoast SEO plugin. -->","yoast_head_json":{"title":"Colectivo J\u00f3venes - Blog de Fundaci\u00f3n Triangle","description":"Espa\u00f1a es l\u00edder en cifras de paro en la Uni\u00f3n Europea, siendo los j\u00f3venes los principales afectados en este problema.","robots":{"index":"index","follow":"follow","max-snippet":"max-snippet:-1","max-image-preview":"max-image-preview:large","max-video-preview":"max-video-preview:-1"},"canonical":"https:\/\/www.fundaciontriangle.org\/blog\/colectivo-jovenes\/","og_locale":"es_ES","og_type":"article","og_title":"Colectivo j\u00f3venes","og_description":"Espa\u00f1a es l\u00edder en cifras de paro en la Uni\u00f3n Europea, siendo los j\u00f3venes los principales afectados en este problema.","og_url":"https:\/\/www.fundaciontriangle.org\/blog\/colectivo-jovenes\/","og_site_name":"Blog de Fundaci\u00f3n Triangle","article_published_time":"2021-09-14T08:42:31+00:00","og_image":[{"width":2560,"height":1449,"url":"https:\/\/www.fundaciontriangle.org\/blog\/wp-content\/uploads\/sites\/2\/2021\/09\/shutterstock_1054646651-scaled.jpg","type":"image\/jpeg"}],"author":"Admin","twitter_card":"summary_large_image","twitter_title":"Colectivo j\u00f3venes","twitter_description":"Espa\u00f1a es l\u00edder en cifras de paro en la Uni\u00f3n Europea, siendo los j\u00f3venes los principales afectados en este problema.","twitter_image":"https:\/\/www.fundaciontriangle.org\/blog\/wp-content\/uploads\/sites\/2\/2021\/09\/shutterstock_1054646651-scaled.jpg","twitter_misc":{"Escrito por":"Admin","Tiempo de lectura":"3 minutos"},"schema":{"@context":"https:\/\/schema.org","@graph":[{"@type":"Article","@id":"https:\/\/www.fundaciontriangle.org\/blog\/colectivo-jovenes\/#article","isPartOf":{"@id":"https:\/\/www.fundaciontriangle.org\/blog\/colectivo-jovenes\/"},"author":{"name":"Admin","@id":"https:\/\/www.fundaciontriangle.org\/blog\/#\/schema\/person\/c4acdb9bfe5998701e5195e93e3bf579"},"headline":"Colectivo J\u00f3venes","datePublished":"2021-09-14T08:42:31+00:00","mainEntityOfPage":{"@id":"https:\/\/www.fundaciontriangle.org\/blog\/colectivo-jovenes\/"},"wordCount":695,"commentCount":0,"image":{"@id":"https:\/\/www.fundaciontriangle.org\/blog\/colectivo-jovenes\/#primaryimage"},"thumbnailUrl":"https:\/\/www.fundaciontriangle.org\/blog\/wp-content\/uploads\/sites\/2\/2021\/09\/shutterstock_1054646651-scaled.jpg","articleSection":["Fundaci\u00f3n Triangle"],"inLanguage":"es","potentialAction":[{"@type":"CommentAction","name":"Comment","target":["https:\/\/www.fundaciontriangle.org\/blog\/colectivo-jovenes\/#respond"]}]},{"@type":"WebPage","@id":"https:\/\/www.fundaciontriangle.org\/blog\/colectivo-jovenes\/","url":"https:\/\/www.fundaciontriangle.org\/blog\/colectivo-jovenes\/","name":"Colectivo J\u00f3venes - Blog de Fundaci\u00f3n Triangle","isPartOf":{"@id":"https:\/\/www.fundaciontriangle.org\/blog\/#website"},"primaryImageOfPage":{"@id":"https:\/\/www.fundaciontriangle.org\/blog\/colectivo-jovenes\/#primaryimage"},"image":{"@id":"https:\/\/www.fundaciontriangle.org\/blog\/colectivo-jovenes\/#primaryimage"},"thumbnailUrl":"https:\/\/www.fundaciontriangle.org\/blog\/wp-content\/uploads\/sites\/2\/2021\/09\/shutterstock_1054646651-scaled.jpg","datePublished":"2021-09-14T08:42:31+00:00","author":{"@id":"https:\/\/www.fundaciontriangle.org\/blog\/#\/schema\/person\/c4acdb9bfe5998701e5195e93e3bf579"},"description":"Espa\u00f1a es l\u00edder en cifras de paro en la Uni\u00f3n Europea, siendo los j\u00f3venes los principales afectados en este problema.","inLanguage":"es","potentialAction":[{"@type":"ReadAction","target":["https:\/\/www.fundaciontriangle.org\/blog\/colectivo-jovenes\/"]}]},{"@type":"ImageObject","inLanguage":"es","@id":"https:\/\/www.fundaciontriangle.org\/blog\/colectivo-jovenes\/#primaryimage","url":"https:\/\/www.fundaciontriangle.org\/blog\/wp-content\/uploads\/sites\/2\/2021\/09\/shutterstock_1054646651-scaled.jpg","contentUrl":"https:\/\/www.fundaciontriangle.org\/blog\/wp-content\/uploads\/sites\/2\/2021\/09\/shutterstock_1054646651-scaled.jpg","width":2560,"height":1449,"caption":"colectivo j\u00f3venes"},{"@type":"WebSite","@id":"https:\/\/www.fundaciontriangle.org\/blog\/#website","url":"https:\/\/www.fundaciontriangle.org\/blog\/","name":"Blog de Fundaci\u00f3n Triangle","description":"Hablamos talento s\u00e9nior, diversidad, edadismo, igualdad de oportunidades, trabajo digno, alianzas, entornos de trabajo, recursos humanos. De la gesti\u00f3n de la diversidad, del talento y la experiencia de las personas, de lo que aportan a las empresas.","potentialAction":[{"@type":"SearchAction","target":{"@type":"EntryPoint","urlTemplate":"https:\/\/www.fundaciontriangle.org\/blog\/?s={search_term_string}"},"query-input":{"@type":"PropertyValueSpecification","valueRequired":true,"valueName":"search_term_string"}}],"inLanguage":"es"},{"@type":"Person","@id":"https:\/\/www.fundaciontriangle.org\/blog\/#\/schema\/person\/c4acdb9bfe5998701e5195e93e3bf579","name":"Admin","image":{"@type":"ImageObject","inLanguage":"es","@id":"https:\/\/www.fundaciontriangle.org\/blog\/#\/schema\/person\/image\/","url":"https:\/\/secure.gravatar.com\/avatar\/639dfb27e51a4baf887721ba49ad906aa378fe5130c9cfa9ca94c4bf967b0c66?s=96&d=mm&r=g","contentUrl":"https:\/\/secure.gravatar.com\/avatar\/639dfb27e51a4baf887721ba49ad906aa378fe5130c9cfa9ca94c4bf967b0c66?s=96&d=mm&r=g","caption":"Admin"}}]}},"_links":{"self":[{"href":"https:\/\/www.fundaciontriangle.org\/blog\/wp-json\/wp\/v2\/posts\/1004","targetHints":{"allow":["GET"]}}],"collection":[{"href":"https:\/\/www.fundaciontriangle.org\/blog\/wp-json\/wp\/v2\/posts"}],"about":[{"href":"https:\/\/www.fundaciontriangle.org\/blog\/wp-json\/wp\/v2\/types\/post"}],"author":[{"embeddable":true,"href":"https:\/\/www.fundaciontriangle.org\/blog\/wp-json\/wp\/v2\/users\/2"}],"replies":[{"embeddable":true,"href":"https:\/\/www.fundaciontriangle.org\/blog\/wp-json\/wp\/v2\/comments?post=1004"}],"version-history":[{"count":1,"href":"https:\/\/www.fundaciontriangle.org\/blog\/wp-json\/wp\/v2\/posts\/1004\/revisions"}],"predecessor-version":[{"id":1008,"href":"https:\/\/www.fundaciontriangle.org\/blog\/wp-json\/wp\/v2\/posts\/1004\/revisions\/1008"}],"wp:featuredmedia":[{"embeddable":true,"href":"https:\/\/www.fundaciontriangle.org\/blog\/wp-json\/wp\/v2\/media\/1006"}],"wp:attachment":[{"href":"https:\/\/www.fundaciontriangle.org\/blog\/wp-json\/wp\/v2\/media?parent=1004"}],"wp:term":[{"taxonomy":"category","embeddable":true,"href":"https:\/\/www.fundaciontriangle.org\/blog\/wp-json\/wp\/v2\/categories?post=1004"},{"taxonomy":"post_tag","embeddable":true,"href":"https:\/\/www.fundaciontriangle.org\/blog\/wp-json\/wp\/v2\/tags?post=1004"}],"curies":[{"name":"wp","href":"https:\/\/api.w.org\/{rel}","templated":true}]}}